{"id":2187,"date":"2021-01-05T23:11:47","date_gmt":"2021-01-06T02:11:47","guid":{"rendered":"https:\/\/fmnativa.com\/portal\/?p=2187"},"modified":"2021-01-05T23:11:47","modified_gmt":"2021-01-06T02:11:47","slug":"coronavirus-alberto-fernandez-mantendra-un-encuentro-virtual-de-emergencia-con-gobernadores-para-analizar-nuevas-restricciones","status":"publish","type":"post","link":"https:\/\/fmnativa.com\/portal\/2021\/01\/05\/coronavirus-alberto-fernandez-mantendra-un-encuentro-virtual-de-emergencia-con-gobernadores-para-analizar-nuevas-restricciones\/","title":{"rendered":"Coronavirus: Alberto Fern\u00e1ndez mantendr\u00e1 un encuentro virtual de emergencia con gobernadores para analizar nuevas restricciones"},"content":{"rendered":"<div id=\"fb-root\"><\/div>\n<h4 class=\"article-subheadline | article-subheadline padding_vertical_5px border_bottom border_1 border_lightgray width_full\">Ser\u00e1 ma\u00f1ana. El Presidente est\u00e1 preocupado por la suba de casos en todo el pa\u00eds. En el Gobierno preparan medidas que apuntan a limitar los encuentros nocturnos y a aumentar los controles en playas, plazas y bares<\/h4>\n<h3>En la jornada de hoy Subieron fuerte los casos de coronavirus: confirmaron 13.790 nuevos contagios y 151 muertes en las \u00faltimas 24 horas<\/h3>\n<p class=\"paragraph\">Mientras crece la preocupaci\u00f3n por el\u00a0<a href=\"https:\/\/www.infobae.com\/sociedad\/2021\/01\/05\/subieron-fuerte-los-casos-de-coronavirus-confirmaron-13790-nuevos-contagios-y-151-muertes-en-las-ultimas-24-horas\/\" target=\"_blank\" rel=\"noopener\">aumento de casos<\/a>\u00a0de\u00a0<b>coronavirus<\/b>\u00a0en todo el pa\u00eds, el presidente\u00a0<b>Alberto Fern\u00e1ndez<\/b>\u00a0<b>convoc\u00f3 a los gobernadores\u00a0<\/b>a una\u00a0<mark class=\"hl_yellow\">reuni\u00f3n virtual de emergencia\u00a0<\/mark>con el fin de analizar\u00a0<mark class=\"hl_yellow\">nuevas medidas sanitarias<\/mark>\u00a0para combatir el avance del\u00a0<b>COVID-19,<\/b>\u00a0en especial en\u00a0<b>lugares de veraneo, plazas y bares.<\/b>\u00a0El encuentro se realizar\u00e1 este mi\u00e9rcoles, por videoconferencia, a las 11.30.<\/p>\n<p class=\"paragraph\">Despu\u00e9s de las marchas, los encuentros de fin de a\u00f1o y las Fiestas, los registros oficiales sanitarios de los \u00faltimos d\u00edas indican que se avecina una nueva etapa de la pandemia. En ese contexto, el Presidente mantuvo conversaciones telef\u00f3nicas con varios gobernadores para transmitir su\u00a0<b>inquietud<\/b>\u00a0y recibir\u00a0<b>percepciones<\/b>\u00a0desde el interior. Seg\u00fan fuentes oficiales, \u201ctodos\u201d mostraron miradas \u201cmuy coincidentes\u201d en cuanto a la \u201cpreocupaci\u00f3n\u201d por la situaci\u00f3n.\u00a0<mark class=\"hl_yellow\"><b>\u201cVen a la gente muy indisciplinada y agresiva ante el reclamo de las autoridades para que respeten protocolos\u201d<\/b><\/mark>, informaron.<\/p>\n<p class=\"paragraph\">En este sentido, en Gobierno eval\u00faan medidas tendientes a\u00a0<b>restringir las actividades sociales nocturnas,<\/b>\u00a0aunque prefieren evitar el concepto de \u201ctoque de queda\u201d que utilizaron varios funcionarios desde que empezaron a circular las primeras versiones sobre las\u00a0<b>nuevas iniciativas contra el coronavirus<\/b>. En Casa Rosada y en Olivos se habla de que se avecinan\u00a0<b>\u201crestricciones sanitarias\u201d, \u201ccierre nocturno\u201d y \u201ccontrol diurno de las fuerzas de seguridad\u201d<\/b>.<\/p>\n<p class=\"paragraph\">El objetivo principal de estas iniciativas, que a\u00fan no est\u00e1n confirmadas y depender\u00e1n en parte del resultado del di\u00e1logo con los gobernadores, ser\u00e1 impedir las aglomeraciones, en especial en sitios de esparcimiento vacacional veraniego, como las playas.<\/p>\n<p class=\"paragraph\">Mientras tanto, en las ciudades se buscar\u00e1\u00a0<b>evitar que haya reuniones sin los cuidados b\u00e1sicos,<\/b>\u00a0como el distanciamiento social o el uso de tapabocas en lugares privados, como bares y restaurantes, pero tambi\u00e9n en sitios p\u00fablicos, como plazas. Las im\u00e1genes de los encuentros en parques abiertos en Nochebuena y A\u00f1o Nuevo, tanto en la Ciudad de Buenos Aires como en el conurbano, encendieron las alarmas sobre los lugares p\u00fablicos como focos de contagio.<\/p>\n<p class=\"paragraph\">Seg\u00fan inform\u00f3 esta noche el Ministerio de Salud de la Naci\u00f3n, durante las \u00faltimas 24 horas\u00a0<a href=\"https:\/\/www.infobae.com\/sociedad\/2021\/01\/05\/subieron-fuerte-los-casos-de-coronavirus-confirmaron-13790-nuevos-contagios-y-151-muertes-en-las-ultimas-24-horas\/\" target=\"_blank\" rel=\"noopener\">se registr\u00f3 la mayor cifra de contagios desde octubre,<\/a>\u00a0con\u00a0<b>13.790 nuevos casos positivos de COVID-19<\/b>. Hasta ahora, el total de infectados lleg\u00f3 a 1.662.730.<\/p>\n<p class=\"paragraph\">La convocatoria a los gobernadores se produce una semana despu\u00e9s del inicio de la\u00a0campa\u00f1a de vacunaci\u00f3n contra el coronavirus en el pa\u00eds, que comenz\u00f3 el martes 29 de diciembre. A pesar de la celebraci\u00f3n por la llegada del cargamento desde Mosc\u00fa con las primeras 300.000 dosis de la vacuna Sputnik V, durante las \u00faltimas jornadas el Gobierno hizo un minucioso seguimiento de los n\u00fameros de infectados y de ocupaci\u00f3n de camas en las Unidades de Terapia Intensiva (UTI) en los centros de salud de todo el pa\u00eds. Actualmente hay\u00a0<b>3.460 personas internadas<\/b>\u00a0<b>y el porcentajes de ocupaci\u00f3n a nivel nacional es del 54%.\u00a0<\/b>Los n\u00fameros son preocupantes y en el Gobierno meditan formas para evitar que se produzca una segunda ola, como ocurri\u00f3 en Europa, teniendo en cuenta que la mayor parte de la poblaci\u00f3n no estar\u00e1 inmunizada, al menos, hasta mediados de a\u00f1o.<\/p>\n<p class=\"paragraph\">Al comienzo de esta semana,\u00a0el primer mandatario hab\u00eda citado\u00a0al gobernador bonaerense,\u00a0<b>Axel Kicillof,\u00a0<\/b>y al jefe de gobierno porte\u00f1o,\u00a0<b>Horacio Rodr\u00edguez Larreta,<\/b>\u00a0para analizar en conjunto la situaci\u00f3n en el\u00a0<b>\u00c1rea Metropolitana de Buenos Aires (AMBA),\u00a0<\/b>donde los contagios aumentaron marcadamente durante las dos \u00faltimas semanas de diciembre.<\/p>\n<p class=\"paragraph\">El encuentro iba a producirse este mi\u00e9rcoles, pero esta tarde Alberto Fern\u00e1ndez ampli\u00f3 la convocatoria al resto de los gobernadores. Por ahora, no est\u00e1 definido si finalmente se producir\u00e1 o cu\u00e1ndo ser\u00e1 la conversaci\u00f3n con Kicillof y Rodr\u00edguez Larreta. Mientras tanto, las cifras oficiales del \u00faltimo reporte reflejaron que hubo\u00a0<mark class=\"hl_yellow\">5.419 nuevos casos en la provincia de Buenos Aires y 1.445 de la Ciudad de Buenos Aires<\/mark>, mientras que la ocupaci\u00f3n de camas alcanza el 58,1%.<\/p>\n<p>Fuente INFOBAE<\/p>\n","protected":false},"excerpt":{"rendered":"<p>Ser\u00e1 ma\u00f1ana. El Presidente est\u00e1 preocupado por la suba de casos en todo el pa\u00eds&#8230;.<\/p>\n","protected":false},"author":1,"featured_media":2188,"comment_status":"closed","ping_status":"closed","sticky":false,"template":"","format":"standard","meta":{"footnotes":""},"categories":[49,8],"tags":[30,776,103,133,32,130,33,42,80,643,73,24],"class_list":["post-2187","post","type-post","status-publish","format-standard","has-post-thumbnail","hentry","category-covid-19","category-nacionales","tag-aislamiento","tag-albertofernandez","tag-contagiados","tag-coronavirus","tag-covid-19","tag-cuarentena","tag-decesos","tag-fallecidos","tag-pandemia","tag-provinciadesantafe","tag-salud","tag-urgente"],"featured_image_urls":{"full":["https:\/\/fmnativa.com\/portal\/wp-content\/uploads\/2021\/01\/0-9.jpg",768,432,false],"thumbnail":["https:\/\/fmnativa.com\/portal\/wp-content\/uploads\/2021\/01\/0-9-150x150.jpg",150,150,true],"medium":["https:\/\/fmnativa.com\/portal\/wp-content\/uploads\/2021\/01\/0-9-300x169.jpg",300,169,true],"medium_large":["https:\/\/fmnativa.com\/portal\/wp-content\/uploads\/2021\/01\/0-9.jpg",640,360,false],"large":["https:\/\/fmnativa.com\/portal\/wp-content\/uploads\/2021\/01\/0-9.jpg",640,360,false],"1536x1536":["https:\/\/fmnativa.com\/portal\/wp-content\/uploads\/2021\/01\/0-9.jpg",768,432,false],"2048x2048":["https:\/\/fmnativa.com\/portal\/wp-content\/uploads\/2021\/01\/0-9.jpg",768,432,false],"covernews-slider-full":["https:\/\/fmnativa.com\/portal\/wp-content\/uploads\/2021\/01\/0-9.jpg",768,432,false],"covernews-slider-center":["https:\/\/fmnativa.com\/portal\/wp-content\/uploads\/2021\/01\/0-9.jpg",768,432,false],"covernews-featured":["https:\/\/fmnativa.com\/portal\/wp-content\/uploads\/2021\/01\/0-9.jpg",768,432,false],"covernews-medium":["https:\/\/fmnativa.com\/portal\/wp-content\/uploads\/2021\/01\/0-9.jpg",540,304,false],"covernews-medium-square":["https:\/\/fmnativa.com\/portal\/wp-content\/uploads\/2021\/01\/0-9.jpg",400,225,false]},"author_info":{"info":["Fabian"]},"category_info":"<a href=\"https:\/\/fmnativa.com\/portal\/category\/covid-19\/\" rel=\"category tag\">COVID 19<\/a> <a href=\"https:\/\/fmnativa.com\/portal\/category\/nacionales\/\" rel=\"category tag\">Nacionales<\/a>","tag_info":"Nacionales","comment_count":"0","_links":{"self":[{"href":"https:\/\/fmnativa.com\/portal\/wp-json\/wp\/v2\/posts\/2187","targetHints":{"allow":["GET"]}}],"collection":[{"href":"https:\/\/fmnativa.com\/portal\/wp-json\/wp\/v2\/posts"}],"about":[{"href":"https:\/\/fmnativa.com\/portal\/wp-json\/wp\/v2\/types\/post"}],"author":[{"embeddable":true,"href":"https:\/\/fmnativa.com\/portal\/wp-json\/wp\/v2\/users\/1"}],"replies":[{"embeddable":true,"href":"https:\/\/fmnativa.com\/portal\/wp-json\/wp\/v2\/comments?post=2187"}],"version-history":[{"count":1,"href":"https:\/\/fmnativa.com\/portal\/wp-json\/wp\/v2\/posts\/2187\/revisions"}],"predecessor-version":[{"id":2189,"href":"https:\/\/fmnativa.com\/portal\/wp-json\/wp\/v2\/posts\/2187\/revisions\/2189"}],"wp:featuredmedia":[{"embeddable":true,"href":"https:\/\/fmnativa.com\/portal\/wp-json\/wp\/v2\/media\/2188"}],"wp:attachment":[{"href":"https:\/\/fmnativa.com\/portal\/wp-json\/wp\/v2\/media?parent=2187"}],"wp:term":[{"taxonomy":"category","embeddable":true,"href":"https:\/\/fmnativa.com\/portal\/wp-json\/wp\/v2\/categories?post=2187"},{"taxonomy":"post_tag","embeddable":true,"href":"https:\/\/fmnativa.com\/portal\/wp-json\/wp\/v2\/tags?post=2187"}],"curies":[{"name":"wp","href":"https:\/\/api.w.org\/{rel}","templated":true}]}}