{"id":2207,"date":"2021-01-06T17:25:35","date_gmt":"2021-01-06T20:25:35","guid":{"rendered":"https:\/\/fmnativa.com\/portal\/?p=2207"},"modified":"2021-01-06T18:11:11","modified_gmt":"2021-01-06T21:11:11","slug":"alberto-fernandez-propuso-a-los-gobernadores-restringir-la-circulacion-entre-las-23-y-las-6","status":"publish","type":"post","link":"https:\/\/fmnativa.com\/portal\/2021\/01\/06\/alberto-fernandez-propuso-a-los-gobernadores-restringir-la-circulacion-entre-las-23-y-las-6\/","title":{"rendered":"Alberto Fern\u00e1ndez propuso a los gobernadores restringir la\u00a0circulaci\u00f3n entre las 23 y las 6"},"content":{"rendered":"<div id=\"fb-root\"><\/div>\n<p>El <strong>coronavirus<\/strong>\u00a0en la Argentina sigue un siendo un tema de preocupaci\u00f3n en pleno verano y\u00a0<strong>Alberto Fern\u00e1ndez mantuvo una reuni\u00f3n con los gobernadores.<\/strong><\/p>\n<p>Teniendo en cuenta el notable aumento en el n\u00famero de casos en todo el pa\u00eds, el mandatario les\u00a0<strong>propuso restringir la circulaci\u00f3n entre las 23 y las 6.<\/strong><\/p>\n<div>\n<div id=\"dfpAds_video_in_read\" class=\"dfpAds \">Este <strong>\u201ctoque de queda nocturno\u201d<\/strong>\u00a0est\u00e1 siendo aplicado por varios pa\u00edses de Europa, ante el avance de una nueva ola del coronavirus, que provoca mayor n\u00famero de contagiados diarios.<\/div>\n<\/div>\n<div>\n<p>El Presidente estuvo acompa\u00f1ado en la reuni\u00f3n por\u00a0el jefe de Gabinete, Santiago Cafiero; el ministro de Interior, Eduardo \u201cWado\u201d de Pedro; y la secretaria de Acceso a la Salud, Carla Vizzotti.<\/p>\n<p>Una de las grandes preocupaciones del Gobierno Nacional se refiere a lo ocurrido en las \u00faltimas semanas, no solo en las fiestas de Navidad y A\u00f1o Nuevo, sino tambi\u00e9n las\u00a0<strong>grandes aglomeraciones que se vieron en las playas de Mar del Plata y Pinamar.<\/strong><\/p>\n<p>El principal objetivo de estas restricciones en la circulaci\u00f3n nocturna es evitar las aglomeraciones en los bares y cervecer\u00edas, adem\u00e1s de las fiestas clandestinas que se realizan en todo el pa\u00eds.<\/p>\n<p>El Presidente estuvo acompa\u00f1ado en la reuni\u00f3n por\u00a0el jefe de Gabinete, Santiago Cafiero; el ministro de Interior, Eduardo \u201cWado\u201d de Pedro; y la secretaria de Acceso a la Salud, Carla Vizzotti.<\/p>\n<p>Una de las grandes preocupaciones del Gobierno Nacional se refiere a lo ocurrido en las \u00faltimas semanas, no solo en las fiestas de Navidad y A\u00f1o Nuevo, sino tambi\u00e9n las\u00a0<strong>grandes aglomeraciones que se vieron en las playas de Mar del Plata y Pinamar.<\/strong><\/p>\n<p>El principal objetivo de estas restricciones en la circulaci\u00f3n nocturna es evitar las aglomeraciones en los bares y cervecer\u00edas, adem\u00e1s de las fiestas clandestinas que se realizan en todo el pa\u00eds.<\/p>\n<p><em><strong>Y HABRIA CONCENSO ENTRE PRACTICAMENTE TODOS LOS GOBERNADORES.<\/strong><\/em><\/p>\n<p>Fuente: Radio Mitre<\/p>\n<p>&nbsp;<\/p>\n<\/div>\n","protected":false},"excerpt":{"rendered":"<p>El coronavirus\u00a0en la Argentina sigue un siendo un tema de preocupaci\u00f3n en pleno verano y\u00a0Alberto&#8230;<\/p>\n","protected":false},"author":1,"featured_media":2208,"comment_status":"closed","ping_status":"closed","sticky":false,"template":"","format":"standard","meta":{"footnotes":""},"categories":[49,8],"tags":[30,103,133,32,130,33,42,91,80,643,37,73,24],"class_list":["post-2207","post","type-post","status-publish","format-standard","has-post-thumbnail","hentry","category-covid-19","category-nacionales","tag-aislamiento","tag-contagiados","tag-coronavirus","tag-covid-19","tag-cuarentena","tag-decesos","tag-fallecidos","tag-muertos","tag-pandemia","tag-provinciadesantafe","tag-reconquista","tag-salud","tag-urgente"],"featured_image_urls":{"full":["https:\/\/fmnativa.com\/portal\/wp-content\/uploads\/2021\/01\/0-10.jpg",1440,807,false],"thumbnail":["https:\/\/fmnativa.com\/portal\/wp-content\/uploads\/2021\/01\/0-10-150x150.jpg",150,150,true],"medium":["https:\/\/fmnativa.com\/portal\/wp-content\/uploads\/2021\/01\/0-10-300x168.jpg",300,168,true],"medium_large":["https:\/\/fmnativa.com\/portal\/wp-content\/uploads\/2021\/01\/0-10-768x430.jpg",640,358,true],"large":["https:\/\/fmnativa.com\/portal\/wp-content\/uploads\/2021\/01\/0-10-1024x574.jpg",640,359,true],"1536x1536":["https:\/\/fmnativa.com\/portal\/wp-content\/uploads\/2021\/01\/0-10.jpg",1440,807,false],"2048x2048":["https:\/\/fmnativa.com\/portal\/wp-content\/uploads\/2021\/01\/0-10.jpg",1440,807,false],"covernews-slider-full":["https:\/\/fmnativa.com\/portal\/wp-content\/uploads\/2021\/01\/0-10.jpg",1115,625,false],"covernews-slider-center":["https:\/\/fmnativa.com\/portal\/wp-content\/uploads\/2021\/01\/0-10.jpg",800,448,false],"covernews-featured":["https:\/\/fmnativa.com\/portal\/wp-content\/uploads\/2021\/01\/0-10.jpg",1024,574,false],"covernews-medium":["https:\/\/fmnativa.com\/portal\/wp-content\/uploads\/2021\/01\/0-10.jpg",540,303,false],"covernews-medium-square":["https:\/\/fmnativa.com\/portal\/wp-content\/uploads\/2021\/01\/0-10.jpg",400,224,false]},"author_info":{"info":["Fabian"]},"category_info":"<a href=\"https:\/\/fmnativa.com\/portal\/category\/covid-19\/\" rel=\"category tag\">COVID 19<\/a> <a href=\"https:\/\/fmnativa.com\/portal\/category\/nacionales\/\" rel=\"category tag\">Nacionales<\/a>","tag_info":"Nacionales","comment_count":"0","_links":{"self":[{"href":"https:\/\/fmnativa.com\/portal\/wp-json\/wp\/v2\/posts\/2207","targetHints":{"allow":["GET"]}}],"collection":[{"href":"https:\/\/fmnativa.com\/portal\/wp-json\/wp\/v2\/posts"}],"about":[{"href":"https:\/\/fmnativa.com\/portal\/wp-json\/wp\/v2\/types\/post"}],"author":[{"embeddable":true,"href":"https:\/\/fmnativa.com\/portal\/wp-json\/wp\/v2\/users\/1"}],"replies":[{"embeddable":true,"href":"https:\/\/fmnativa.com\/portal\/wp-json\/wp\/v2\/comments?post=2207"}],"version-history":[{"count":5,"href":"https:\/\/fmnativa.com\/portal\/wp-json\/wp\/v2\/posts\/2207\/revisions"}],"predecessor-version":[{"id":2223,"href":"https:\/\/fmnativa.com\/portal\/wp-json\/wp\/v2\/posts\/2207\/revisions\/2223"}],"wp:featuredmedia":[{"embeddable":true,"href":"https:\/\/fmnativa.com\/portal\/wp-json\/wp\/v2\/media\/2208"}],"wp:attachment":[{"href":"https:\/\/fmnativa.com\/portal\/wp-json\/wp\/v2\/media?parent=2207"}],"wp:term":[{"taxonomy":"category","embeddable":true,"href":"https:\/\/fmnativa.com\/portal\/wp-json\/wp\/v2\/categories?post=2207"},{"taxonomy":"post_tag","embeddable":true,"href":"https:\/\/fmnativa.com\/portal\/wp-json\/wp\/v2\/tags?post=2207"}],"curies":[{"name":"wp","href":"https:\/\/api.w.org\/{rel}","templated":true}]}}