{"id":2233,"date":"2021-01-06T20:11:43","date_gmt":"2021-01-06T23:11:43","guid":{"rendered":"https:\/\/fmnativa.com\/portal\/?p=2233"},"modified":"2021-01-06T20:11:43","modified_gmt":"2021-01-06T23:11:43","slug":"el-presidente-quiere-toque-de-queda-y-el-ministro-de-educacion-clases-presenciales","status":"publish","type":"post","link":"https:\/\/fmnativa.com\/portal\/2021\/01\/06\/el-presidente-quiere-toque-de-queda-y-el-ministro-de-educacion-clases-presenciales\/","title":{"rendered":"EL PRESIDENTE QUIERE TOQUE DE QUEDA y EL MINISTRO DE EDUCACION CLASES PRESENCIALES"},"content":{"rendered":"<div id=\"fb-root\"><\/div>\n<h4>A pesar del aumento de casos de coronavirus en la Argentina, el ministro de Educaci\u00f3n Nicol\u00e1s Trotta dijo que el ciclo lectivo 2021 tendr\u00e1 clases presenciales.<\/h4>\n<p>El martes,\u00a0<strong>el ministro de Educaci\u00f3n, Nicol\u00e1s Trotta, dijo que las clases presenciales comenzar\u00e1n en marzo en toda la Argentina<\/strong>. Aunque se mostr\u00f3 preocupado por el amento de casos dijo: \u201cEn este 2021 tenemos que lograr que la presencialidad del sistema educativo sea nuestra prioridad\u201d.<\/p>\n<p>Durante el 2020,\u00a0<strong>casi un mill\u00f3n de chicos tuvieron nulo o bajo contacto con la escuela.<\/strong>\u00a0Frente a esto,\u00a0<strong>Trotta confirm\u00f3 que al menos \u201c14 distritos\u201d retomar\u00e1n la presencialidad la primera semana de marzo.<\/strong>\u00a0Mientras que otros,<strong>\u00a0como Jujuy y la Ciudad Aut\u00f3noma de Buenos Aires (CABA), lo har\u00e1n en febrero.<\/strong><\/p>\n<p>\u201cLos pasos dados siempre fueron un\u00e1nimes\u201d, dijo y remarc\u00f3 que los colegios \u201csiguieron educando a la distancia\u201d pero que \u201cpriorizar la escuela implica sostener los cuidados\u201d. \u201cEn 2020, tambi\u00e9n se aprendi\u00f3. El 2021 implica una reorganizaci\u00f3n integral de la propuesta pedag\u00f3gica y la presencia del Estado\u201d, continu\u00f3.<\/p>\n<p>En di\u00e1logo con Infobae, el funcionario nacional dijo: \u201c<strong>Las medidas restrictivas pueden convivir con la presencialidad en las aulas.<\/strong>\u00a0Muchos pa\u00edses han fijado pol\u00edticas restrictivas en lo recreativo y social y priorizado el mercado de trabajo y la apertura escolar\u201d.<\/p>\n<p>Y a\u00f1adi\u00f3: \u201cNuestra intenci\u00f3n es que la presencialidad sea el ordenador del nuevo ciclo lectivo, aunque hoy vemos con mucha preocupaci\u00f3n el aumento de contagios.\u00a0<strong>Queremos que se refuercen los cuidados en el verano para llegar a marzo en una situaci\u00f3n mejor\u201d.<\/strong><\/p>\n<p>En el \u00faltimo reporte del Ministerio de Salud se informaron 3.790 nuevos casos de coronavirus y 151 muertes en 24 horas en la Argentina. Frente al aumento, las provincias de Buenos Aires, Chaco, La Pampa, Corrientes, Santa Fe, Santiago del Estero y Formosa empezaron a tomar distintas medidas para intentar frenar un posible rebrote.<\/p>\n<p>Fuente: RADIO MITRE<\/p>\n","protected":false},"excerpt":{"rendered":"<p>A pesar del aumento de casos de coronavirus en la Argentina, el ministro de Educaci\u00f3n&#8230;<\/p>\n","protected":false},"author":1,"featured_media":2234,"comment_status":"closed","ping_status":"closed","sticky":false,"template":"","format":"standard","meta":{"footnotes":""},"categories":[8],"tags":[792,133,26,793,794,80,795],"class_list":["post-2233","post","type-post","status-publish","format-standard","has-post-thumbnail","hentry","category-nacionales","tag-clases-presenciales","tag-coronavirus","tag-educacion","tag-ministrodeeducacion","tag-nicolastrotta","tag-pandemia","tag-toquedequeda"],"featured_image_urls":{"full":["https:\/\/fmnativa.com\/portal\/wp-content\/uploads\/2021\/01\/0-13.jpg",770,433,false],"thumbnail":["https:\/\/fmnativa.com\/portal\/wp-content\/uploads\/2021\/01\/0-13-150x150.jpg",150,150,true],"medium":["https:\/\/fmnativa.com\/portal\/wp-content\/uploads\/2021\/01\/0-13-300x169.jpg",300,169,true],"medium_large":["https:\/\/fmnativa.com\/portal\/wp-content\/uploads\/2021\/01\/0-13-768x432.jpg",640,360,true],"large":["https:\/\/fmnativa.com\/portal\/wp-content\/uploads\/2021\/01\/0-13.jpg",640,360,false],"1536x1536":["https:\/\/fmnativa.com\/portal\/wp-content\/uploads\/2021\/01\/0-13.jpg",770,433,false],"2048x2048":["https:\/\/fmnativa.com\/portal\/wp-content\/uploads\/2021\/01\/0-13.jpg",770,433,false],"covernews-slider-full":["https:\/\/fmnativa.com\/portal\/wp-content\/uploads\/2021\/01\/0-13.jpg",770,433,false],"covernews-slider-center":["https:\/\/fmnativa.com\/portal\/wp-content\/uploads\/2021\/01\/0-13.jpg",770,433,false],"covernews-featured":["https:\/\/fmnativa.com\/portal\/wp-content\/uploads\/2021\/01\/0-13.jpg",770,433,false],"covernews-medium":["https:\/\/fmnativa.com\/portal\/wp-content\/uploads\/2021\/01\/0-13.jpg",540,304,false],"covernews-medium-square":["https:\/\/fmnativa.com\/portal\/wp-content\/uploads\/2021\/01\/0-13.jpg",400,225,false]},"author_info":{"info":["Fabian"]},"category_info":"<a href=\"https:\/\/fmnativa.com\/portal\/category\/nacionales\/\" rel=\"category tag\">Nacionales<\/a>","tag_info":"Nacionales","comment_count":"0","_links":{"self":[{"href":"https:\/\/fmnativa.com\/portal\/wp-json\/wp\/v2\/posts\/2233","targetHints":{"allow":["GET"]}}],"collection":[{"href":"https:\/\/fmnativa.com\/portal\/wp-json\/wp\/v2\/posts"}],"about":[{"href":"https:\/\/fmnativa.com\/portal\/wp-json\/wp\/v2\/types\/post"}],"author":[{"embeddable":true,"href":"https:\/\/fmnativa.com\/portal\/wp-json\/wp\/v2\/users\/1"}],"replies":[{"embeddable":true,"href":"https:\/\/fmnativa.com\/portal\/wp-json\/wp\/v2\/comments?post=2233"}],"version-history":[{"count":1,"href":"https:\/\/fmnativa.com\/portal\/wp-json\/wp\/v2\/posts\/2233\/revisions"}],"predecessor-version":[{"id":2235,"href":"https:\/\/fmnativa.com\/portal\/wp-json\/wp\/v2\/posts\/2233\/revisions\/2235"}],"wp:featuredmedia":[{"embeddable":true,"href":"https:\/\/fmnativa.com\/portal\/wp-json\/wp\/v2\/media\/2234"}],"wp:attachment":[{"href":"https:\/\/fmnativa.com\/portal\/wp-json\/wp\/v2\/media?parent=2233"}],"wp:term":[{"taxonomy":"category","embeddable":true,"href":"https:\/\/fmnativa.com\/portal\/wp-json\/wp\/v2\/categories?post=2233"},{"taxonomy":"post_tag","embeddable":true,"href":"https:\/\/fmnativa.com\/portal\/wp-json\/wp\/v2\/tags?post=2233"}],"curies":[{"name":"wp","href":"https:\/\/api.w.org\/{rel}","templated":true}]}}