{"id":2239,"date":"2021-01-06T20:38:30","date_gmt":"2021-01-06T23:38:30","guid":{"rendered":"https:\/\/fmnativa.com\/portal\/?p=2239"},"modified":"2021-01-06T20:38:30","modified_gmt":"2021-01-06T23:38:30","slug":"coronavirus-que-dijo-perotti-tras-la-reunion-del-presidente-con-todos-los-gobernadores","status":"publish","type":"post","link":"https:\/\/fmnativa.com\/portal\/2021\/01\/06\/coronavirus-que-dijo-perotti-tras-la-reunion-del-presidente-con-todos-los-gobernadores\/","title":{"rendered":"Coronavirus &#8211; QUE DIJO PEROTTI TRAS LA REUNION DEL PRESIDENTE CON TODOS LOS GOBERNADORES?"},"content":{"rendered":"<div id=\"fb-root\"><\/div>\n<p>El gobernador Omar Perotti se reuni\u00f3 este mi\u00e9rcoles mediante videoconferencia con el presidente de la Naci\u00f3n, Alberto Fern\u00e1ndez; el jefe de Gabinete, Santiago Cafiero; ministros y secretarios del gabinete nacional, y el resto de los gobernadores para abordar acciones conjuntas frente a la pandemia de COVID-19.<\/p>\n<p>Luego del encuentro, el gobernador afirm\u00f3: \u201cDurante la reuni\u00f3n con el presidente hemos abordado la marcha de la vacunaci\u00f3n y los nuevos cuadros que plantea la presencia de una segunda ola hoy frente al n\u00famero de casos que ha crecido en todo el pa\u00eds\u201d.<\/p>\n<p>En ese sentido, Perotti indic\u00f3 que \u201cla provincia se sumar\u00e1 a las medidas que tome la Naci\u00f3n, resguardando a aquellos lugares que no han tenido casos\u201d. Y agreg\u00f3: \u201cSanta Fe va tomando medidas en localidades donde la situaci\u00f3n ya se ha planteado en estos t\u00e9rminos, avanzamos en disminuci\u00f3n de movilidad y cuidados adicionales seg\u00fan la caracter\u00edstica de cada localidad\u201d.<\/p>\n<p>Adem\u00e1s sostuvo que \u201ces fundamental que podamos desplegar con la mayor eficiencia y compromiso posible la campa\u00f1a de vacunaci\u00f3n lo antes posible. Para que eso ocurra es fundamental que todos tomemos cuidados para que podamos llegar a la vacuna. De la misma manera que hicimos un esfuerzo por llegar a las fiestas, es clave hacer un esfuerzo para que todos lleguemos a la vacuna y, adem\u00e1s, para que podamos llegar a iniciar las clases con el personal sanitario, de seguridad y docentes vacunados\u201d.<\/p>\n<p>Por \u00faltimo se\u00f1al\u00f3 que \u201ctenemos un verano distinto, con cada una de las actividades que tienen su protocolo, pero nos tenemos que cuidar\u201d. Y finaliz\u00f3: \u201cEst\u00e1 comprobado que lo \u00fanico que disminuye las posibilidades de contagio es quitar circulaci\u00f3n, por lo tanto las medidas ir\u00e1n en esa direcci\u00f3n\u201d.<\/p>\n<p>Por su parte, la ministra de Salud provincial, Sonia Martorano, detall\u00f3 que \u201chubo un consenso que en todo el pa\u00eds se est\u00e1 viendo un aumento de casos. Por ello, estamos pensando que estamos frente a una segunda ola. De manera tal que es muy importante que toda la ciudadan\u00eda aumente el nivel de cuidados\u201d.<\/p>\n<p>\u201cEsto nos lleva a una de las principales conclusiones del encuentro: no se van a generar restricciones sino que lo que vamos a limitar es la circulaci\u00f3n y as\u00ed podemos disminuir la circulaci\u00f3n del virus.Ahora estamos evaluando c\u00f3mo hacerlo, seguramente reduzcamos los horarios de circulaci\u00f3n\u201d, concluy\u00f3 la ministra.<\/p>\n<p>&nbsp;<\/p>\n","protected":false},"excerpt":{"rendered":"<p>El gobernador Omar Perotti se reuni\u00f3 este mi\u00e9rcoles mediante videoconferencia con el presidente de la&#8230;<\/p>\n","protected":false},"author":1,"featured_media":2240,"comment_status":"closed","ping_status":"closed","sticky":false,"template":"","format":"standard","meta":{"footnotes":""},"categories":[49,7],"tags":[348,76,75,796,797],"class_list":["post-2239","post","type-post","status-publish","format-standard","has-post-thumbnail","hentry","category-covid-19","category-provinciales","tag-fernandez","tag-gobernador","tag-perotti","tag-presidente","tag-reunionvirtual"],"featured_image_urls":{"full":["https:\/\/fmnativa.com\/portal\/wp-content\/uploads\/2021\/01\/1-11.jpeg",1140,640,false],"thumbnail":["https:\/\/fmnativa.com\/portal\/wp-content\/uploads\/2021\/01\/1-11-150x150.jpeg",150,150,true],"medium":["https:\/\/fmnativa.com\/portal\/wp-content\/uploads\/2021\/01\/1-11-300x168.jpeg",300,168,true],"medium_large":["https:\/\/fmnativa.com\/portal\/wp-content\/uploads\/2021\/01\/1-11-768x431.jpeg",640,359,true],"large":["https:\/\/fmnativa.com\/portal\/wp-content\/uploads\/2021\/01\/1-11-1024x575.jpeg",640,359,true],"1536x1536":["https:\/\/fmnativa.com\/portal\/wp-content\/uploads\/2021\/01\/1-11.jpeg",1140,640,false],"2048x2048":["https:\/\/fmnativa.com\/portal\/wp-content\/uploads\/2021\/01\/1-11.jpeg",1140,640,false],"covernews-slider-full":["https:\/\/fmnativa.com\/portal\/wp-content\/uploads\/2021\/01\/1-11.jpeg",1115,626,false],"covernews-slider-center":["https:\/\/fmnativa.com\/portal\/wp-content\/uploads\/2021\/01\/1-11.jpeg",800,449,false],"covernews-featured":["https:\/\/fmnativa.com\/portal\/wp-content\/uploads\/2021\/01\/1-11.jpeg",1024,575,false],"covernews-medium":["https:\/\/fmnativa.com\/portal\/wp-content\/uploads\/2021\/01\/1-11.jpeg",540,303,false],"covernews-medium-square":["https:\/\/fmnativa.com\/portal\/wp-content\/uploads\/2021\/01\/1-11.jpeg",400,225,false]},"author_info":{"info":["Fabian"]},"category_info":"<a href=\"https:\/\/fmnativa.com\/portal\/category\/covid-19\/\" rel=\"category tag\">COVID 19<\/a> <a href=\"https:\/\/fmnativa.com\/portal\/category\/provinciales\/\" rel=\"category tag\">PROVINCIALES<\/a>","tag_info":"PROVINCIALES","comment_count":"0","_links":{"self":[{"href":"https:\/\/fmnativa.com\/portal\/wp-json\/wp\/v2\/posts\/2239","targetHints":{"allow":["GET"]}}],"collection":[{"href":"https:\/\/fmnativa.com\/portal\/wp-json\/wp\/v2\/posts"}],"about":[{"href":"https:\/\/fmnativa.com\/portal\/wp-json\/wp\/v2\/types\/post"}],"author":[{"embeddable":true,"href":"https:\/\/fmnativa.com\/portal\/wp-json\/wp\/v2\/users\/1"}],"replies":[{"embeddable":true,"href":"https:\/\/fmnativa.com\/portal\/wp-json\/wp\/v2\/comments?post=2239"}],"version-history":[{"count":1,"href":"https:\/\/fmnativa.com\/portal\/wp-json\/wp\/v2\/posts\/2239\/revisions"}],"predecessor-version":[{"id":2241,"href":"https:\/\/fmnativa.com\/portal\/wp-json\/wp\/v2\/posts\/2239\/revisions\/2241"}],"wp:featuredmedia":[{"embeddable":true,"href":"https:\/\/fmnativa.com\/portal\/wp-json\/wp\/v2\/media\/2240"}],"wp:attachment":[{"href":"https:\/\/fmnativa.com\/portal\/wp-json\/wp\/v2\/media?parent=2239"}],"wp:term":[{"taxonomy":"category","embeddable":true,"href":"https:\/\/fmnativa.com\/portal\/wp-json\/wp\/v2\/categories?post=2239"},{"taxonomy":"post_tag","embeddable":true,"href":"https:\/\/fmnativa.com\/portal\/wp-json\/wp\/v2\/tags?post=2239"}],"curies":[{"name":"wp","href":"https:\/\/api.w.org\/{rel}","templated":true}]}}