{"id":2249,"date":"2021-01-07T10:19:18","date_gmt":"2021-01-07T13:19:18","guid":{"rendered":"https:\/\/fmnativa.com\/portal\/?p=2249"},"modified":"2021-01-07T10:19:18","modified_gmt":"2021-01-07T13:19:18","slug":"urgente-el-intendente-vallejos-y-su-esposa-fueron-trasladados-a-rosario","status":"publish","type":"post","link":"https:\/\/fmnativa.com\/portal\/2021\/01\/07\/urgente-el-intendente-vallejos-y-su-esposa-fueron-trasladados-a-rosario\/","title":{"rendered":"URGENTE &#8211; EL INTENDENTE VALLEJOS Y SU ESPOSA, FUERON TRASLADADOS A ROSARIO"},"content":{"rendered":"<div id=\"fb-root\"><\/div>\n<p><strong>A un INSTITUTO DE ALTA COMPLEJIDAD. Fue esta Madrugada.<\/strong><\/p>\n<p>En un escueto comunicado, el municipio dio a conocer la informaci\u00f3n.<\/p>\n<p><strong>COMUNICADO OFICIAL<\/strong><\/p>\n<p><em>La Municipalidad de Reconquista informa que, en la madrugada de este jueves 7 de enero, el Intendente Dr. Amadeo Enrique Vallejos y su esposa fueron trasladados a la ciudad de Rosario para continuar con su tratamiento por Covid \u2013 19.<\/em><\/p>\n<p><em>En ese marco, una de sus hijas permanece internada en el Hospital Central Reconquista, mientras que sus otras dos hijas se encuentran aisladas en su domicilio, todas cursando la enfermedad.<\/em><\/p>\n<p>Seg\u00fan fuentes confiables, quien fue derivada a un Instituto de Alta Complejidad de la ciudad de Rosario, por complicaciones en su salud, es la esposa del intendente, MARIA MARTA, quien fue diagnosticada con NEUMONIA BILATERAL, por lo que desde el hospital decidieron su traslado. por lo que el intendente, que no tiene complicaciones graves, decidi\u00f3 acompa\u00f1arla.<\/p>\n<p><strong>CRONOLOGIA<\/strong><br \/>\nVallejos hab\u00eda viajado a Goya el d\u00eda 30 de Diciembre para pasar A\u00f1o Nuevo con su familia que estaba all\u00ed desde el d\u00eda 24.<\/p>\n<p>Amaneciendo el d\u00eda 31 una de sus hijas, Jimena, comenz\u00f3 con fiebre por lo que decidi\u00f3 traer a toda su familia de regreso a Reconquista donde se aislaron preventivamente.<br \/>\nYa aislados en Reconquista, el mismo d\u00eda 31 su esposa Mar\u00eda Marta comienza con tos seca, y le realizan el hisopado tanto a su hija Jimena como a su esposa, hisopado que arrojaron resultado positivo. El mismo d\u00eda otra de sus hijas, Candela comenz\u00f3 con s\u00edntomas por lo que queda asumida como positiva de Covid.<br \/>\nA pesar de tener s\u00edntomas, pero siendo contacto estrecho quedan aislados, tanto el Intendente como su otra hija Yamila.<\/p>\n<p>Mas tarde, la hija del intendente es internada diagnosticada de Neumon\u00eda como as\u00ed tambi\u00e9n su Esposa.<\/p>\n<p>&nbsp;<\/p>\n","protected":false},"excerpt":{"rendered":"<p>A un INSTITUTO DE ALTA COMPLEJIDAD. Fue esta Madrugada. En un escueto comunicado, el municipio&#8230;<\/p>\n","protected":false},"author":1,"featured_media":2250,"comment_status":"closed","ping_status":"closed","sticky":false,"template":"","format":"standard","meta":{"footnotes":""},"categories":[49,5],"tags":[30,103,133,32,130,803,67,656,80,37,73,66],"class_list":["post-2249","post","type-post","status-publish","format-standard","has-post-thumbnail","hentry","category-covid-19","category-locales","tag-aislamiento","tag-contagiados","tag-coronavirus","tag-covid-19","tag-cuarentena","tag-enri","tag-intendente","tag-municipalidaddereconquista","tag-pandemia","tag-reconquista","tag-salud","tag-vallejos"],"featured_image_urls":{"full":["https:\/\/fmnativa.com\/portal\/wp-content\/uploads\/2021\/01\/1-12.jpeg",700,462,false],"thumbnail":["https:\/\/fmnativa.com\/portal\/wp-content\/uploads\/2021\/01\/1-12-150x150.jpeg",150,150,true],"medium":["https:\/\/fmnativa.com\/portal\/wp-content\/uploads\/2021\/01\/1-12-300x198.jpeg",300,198,true],"medium_large":["https:\/\/fmnativa.com\/portal\/wp-content\/uploads\/2021\/01\/1-12.jpeg",640,422,false],"large":["https:\/\/fmnativa.com\/portal\/wp-content\/uploads\/2021\/01\/1-12.jpeg",640,422,false],"1536x1536":["https:\/\/fmnativa.com\/portal\/wp-content\/uploads\/2021\/01\/1-12.jpeg",700,462,false],"2048x2048":["https:\/\/fmnativa.com\/portal\/wp-content\/uploads\/2021\/01\/1-12.jpeg",700,462,false],"covernews-slider-full":["https:\/\/fmnativa.com\/portal\/wp-content\/uploads\/2021\/01\/1-12.jpeg",700,462,false],"covernews-slider-center":["https:\/\/fmnativa.com\/portal\/wp-content\/uploads\/2021\/01\/1-12.jpeg",700,462,false],"covernews-featured":["https:\/\/fmnativa.com\/portal\/wp-content\/uploads\/2021\/01\/1-12.jpeg",700,462,false],"covernews-medium":["https:\/\/fmnativa.com\/portal\/wp-content\/uploads\/2021\/01\/1-12.jpeg",515,340,false],"covernews-medium-square":["https:\/\/fmnativa.com\/portal\/wp-content\/uploads\/2021\/01\/1-12.jpeg",379,250,false]},"author_info":{"info":["Fabian"]},"category_info":"<a href=\"https:\/\/fmnativa.com\/portal\/category\/covid-19\/\" rel=\"category tag\">COVID 19<\/a> <a href=\"https:\/\/fmnativa.com\/portal\/category\/locales\/\" rel=\"category tag\">LOCALES<\/a>","tag_info":"LOCALES","comment_count":"0","_links":{"self":[{"href":"https:\/\/fmnativa.com\/portal\/wp-json\/wp\/v2\/posts\/2249","targetHints":{"allow":["GET"]}}],"collection":[{"href":"https:\/\/fmnativa.com\/portal\/wp-json\/wp\/v2\/posts"}],"about":[{"href":"https:\/\/fmnativa.com\/portal\/wp-json\/wp\/v2\/types\/post"}],"author":[{"embeddable":true,"href":"https:\/\/fmnativa.com\/portal\/wp-json\/wp\/v2\/users\/1"}],"replies":[{"embeddable":true,"href":"https:\/\/fmnativa.com\/portal\/wp-json\/wp\/v2\/comments?post=2249"}],"version-history":[{"count":1,"href":"https:\/\/fmnativa.com\/portal\/wp-json\/wp\/v2\/posts\/2249\/revisions"}],"predecessor-version":[{"id":2251,"href":"https:\/\/fmnativa.com\/portal\/wp-json\/wp\/v2\/posts\/2249\/revisions\/2251"}],"wp:featuredmedia":[{"embeddable":true,"href":"https:\/\/fmnativa.com\/portal\/wp-json\/wp\/v2\/media\/2250"}],"wp:attachment":[{"href":"https:\/\/fmnativa.com\/portal\/wp-json\/wp\/v2\/media?parent=2249"}],"wp:term":[{"taxonomy":"category","embeddable":true,"href":"https:\/\/fmnativa.com\/portal\/wp-json\/wp\/v2\/categories?post=2249"},{"taxonomy":"post_tag","embeddable":true,"href":"https:\/\/fmnativa.com\/portal\/wp-json\/wp\/v2\/tags?post=2249"}],"curies":[{"name":"wp","href":"https:\/\/api.w.org\/{rel}","templated":true}]}}