{"id":2253,"date":"2021-01-07T14:47:19","date_gmt":"2021-01-07T17:47:19","guid":{"rendered":"https:\/\/fmnativa.com\/portal\/?p=2253"},"modified":"2021-01-07T14:47:19","modified_gmt":"2021-01-07T17:47:19","slug":"reconquista-paoletti-ocupara-desde-el-viernes-el-sillon-de-patricio-diez","status":"publish","type":"post","link":"https:\/\/fmnativa.com\/portal\/2021\/01\/07\/reconquista-paoletti-ocupara-desde-el-viernes-el-sillon-de-patricio-diez\/","title":{"rendered":"Reconquista &#8211; PAOLETTI OCUPARA DESDE EL VIERNES EL SILLON DE PATRICIO DIEZ"},"content":{"rendered":"<div id=\"fb-root\"><\/div>\n<p><strong>Por ausencia del Intendente AMADEO ENRIQUE VALLEJOS<\/strong><\/p>\n<p>Como ya lo inform\u00e1ramos en la ma\u00f1ana de hoy el Intendente de Reconquista est\u00e1 intendente fue trasladado junto a su esposa a un Instituto de Alta Complejidad de la ciudad de Rosario por complicaciones en la salud tras ser diagnosticados con COVID-19.<\/p>\n<div style=\"clear:both; margin-top:0em; margin-bottom:1em;\"><a href=\"https:\/\/fmnativa.com\/portal\/2021\/01\/07\/urgente-el-intendente-vallejos-y-su-esposa-fueron-trasladados-a-rosario\/\" target=\"_blank\" rel=\"nofollow\" class=\"u47ef03c21c5a27b4a8b1dd8ae62d985d\"><style> .u47ef03c21c5a27b4a8b1dd8ae62d985d { padding:0px; margin: 0; padding-top:1em!important; padding-bottom:1em!important; width:100%; display: block; font-weight:bold; background-color:#eaeaea; border:0!important; border-left:4px solid #34495E!important; text-decoration:none; } .u47ef03c21c5a27b4a8b1dd8ae62d985d:active, .u47ef03c21c5a27b4a8b1dd8ae62d985d:hover { opacity: 1; transition: opacity 250ms; webkit-transition: opacity 250ms; text-decoration:none; } .u47ef03c21c5a27b4a8b1dd8ae62d985d { transition: background-color 250ms; webkit-transition: background-color 250ms; opacity: 1; transition: opacity 250ms; webkit-transition: opacity 250ms; } .u47ef03c21c5a27b4a8b1dd8ae62d985d .ctaText { font-weight:bold; color:#D35400; text-decoration:none; font-size: 16px; } .u47ef03c21c5a27b4a8b1dd8ae62d985d .postTitle { color:#000000; text-decoration: underline!important; font-size: 16px; } .u47ef03c21c5a27b4a8b1dd8ae62d985d:hover .postTitle { text-decoration: underline!important; } <\/style><div style=\"padding-left:1em; padding-right:1em;\"><span class=\"ctaText\">Lea tambi\u00e9n<\/span>&nbsp; <span class=\"postTitle\">URGENTE - EL INTENDENTE VALLEJOS Y SU ESPOSA, FUERON TRASLADADOS A ROSARIO<\/span><\/div><\/a><\/div>\n<p>Tal como lo indica la<em><strong> Ley Provincial 2756 &#8211; LEY ORGANICA DE MUNICIPALIDADES<\/strong><\/em> <strong><em>en su<\/em><\/strong> <em><strong>Capitulo II Inciso 32 y 33<\/strong><\/em>, <strong><em>ante la ausencia del Intendente por m\u00e1s de 5 d\u00edas h\u00e1biles el cargo debe ser ocupado por el Presidente del Concejo Municipal.<\/em><\/strong><\/p>\n<p>As\u00ed es que, quien fuera reelecto con mucha pol\u00e9mica, contando para ello con el apoyo del PJ, acompa\u00f1ado de repartija de los principales cargos en el ente legislativo y desempatando con su voto un descomunal aumento de tasas, <strong>el Radical EDUARDO PAOLETTI ser\u00e1 a partir del Viernes<\/strong> y hasta que regrese VALLEJOS tras recomponer su estado de salud, <strong>el que se apoye sus sentaderas en el tan codiciado SILLON DE PATRICIO DIEZ.<\/strong><\/p>\n<p><strong>Por el bien de todos los Reconquistenses, que las decisiones que deba tomar, sean CON EXITO !<\/strong><\/p>\n<p><em><strong>Ley Provincial 2756 &#8211; LEY ORGANICA DE MUNICIPALIDADES<\/strong><\/em><\/p>\n<a href=\"https:\/\/fmnativa.com\/portal\/wp-content\/uploads\/2021\/01\/Ley-2756.pdf\" class=\"pdfemb-viewer\" style=\"\" data-width=\"max\" data-height=\"max\" data-toolbar=\"bottom\" data-toolbar-fixed=\"off\">Ley 2756<\/a>\n","protected":false},"excerpt":{"rendered":"<p>Por ausencia del Intendente AMADEO ENRIQUE VALLEJOS Como ya lo inform\u00e1ramos en la ma\u00f1ana de&#8230;<\/p>\n","protected":false},"author":1,"featured_media":2256,"comment_status":"closed","ping_status":"closed","sticky":false,"template":"","format":"standard","meta":{"footnotes":""},"categories":[5],"tags":[806,805,67,656,804,807,37,66],"class_list":["post-2253","post","type-post","status-publish","format-standard","has-post-thumbnail","hentry","category-locales","tag-eduardopaoletti","tag-edupaoletti","tag-intendente","tag-municipalidaddereconquista","tag-paoletti","tag-presidentedelconcejodeliberante","tag-reconquista","tag-vallejos"],"featured_image_urls":{"full":["https:\/\/fmnativa.com\/portal\/wp-content\/uploads\/2021\/01\/1-13.jpeg",999,752,false],"thumbnail":["https:\/\/fmnativa.com\/portal\/wp-content\/uploads\/2021\/01\/1-13-150x150.jpeg",150,150,true],"medium":["https:\/\/fmnativa.com\/portal\/wp-content\/uploads\/2021\/01\/1-13-300x226.jpeg",300,226,true],"medium_large":["https:\/\/fmnativa.com\/portal\/wp-content\/uploads\/2021\/01\/1-13-768x578.jpeg",640,482,true],"large":["https:\/\/fmnativa.com\/portal\/wp-content\/uploads\/2021\/01\/1-13.jpeg",640,482,false],"1536x1536":["https:\/\/fmnativa.com\/portal\/wp-content\/uploads\/2021\/01\/1-13.jpeg",999,752,false],"2048x2048":["https:\/\/fmnativa.com\/portal\/wp-content\/uploads\/2021\/01\/1-13.jpeg",999,752,false],"covernews-slider-full":["https:\/\/fmnativa.com\/portal\/wp-content\/uploads\/2021\/01\/1-13.jpeg",950,715,false],"covernews-slider-center":["https:\/\/fmnativa.com\/portal\/wp-content\/uploads\/2021\/01\/1-13.jpeg",664,500,false],"covernews-featured":["https:\/\/fmnativa.com\/portal\/wp-content\/uploads\/2021\/01\/1-13.jpeg",999,752,false],"covernews-medium":["https:\/\/fmnativa.com\/portal\/wp-content\/uploads\/2021\/01\/1-13.jpeg",452,340,false],"covernews-medium-square":["https:\/\/fmnativa.com\/portal\/wp-content\/uploads\/2021\/01\/1-13.jpeg",332,250,false]},"author_info":{"info":["Fabian"]},"category_info":"<a href=\"https:\/\/fmnativa.com\/portal\/category\/locales\/\" rel=\"category tag\">LOCALES<\/a>","tag_info":"LOCALES","comment_count":"0","_links":{"self":[{"href":"https:\/\/fmnativa.com\/portal\/wp-json\/wp\/v2\/posts\/2253","targetHints":{"allow":["GET"]}}],"collection":[{"href":"https:\/\/fmnativa.com\/portal\/wp-json\/wp\/v2\/posts"}],"about":[{"href":"https:\/\/fmnativa.com\/portal\/wp-json\/wp\/v2\/types\/post"}],"author":[{"embeddable":true,"href":"https:\/\/fmnativa.com\/portal\/wp-json\/wp\/v2\/users\/1"}],"replies":[{"embeddable":true,"href":"https:\/\/fmnativa.com\/portal\/wp-json\/wp\/v2\/comments?post=2253"}],"version-history":[{"count":1,"href":"https:\/\/fmnativa.com\/portal\/wp-json\/wp\/v2\/posts\/2253\/revisions"}],"predecessor-version":[{"id":2257,"href":"https:\/\/fmnativa.com\/portal\/wp-json\/wp\/v2\/posts\/2253\/revisions\/2257"}],"wp:featuredmedia":[{"embeddable":true,"href":"https:\/\/fmnativa.com\/portal\/wp-json\/wp\/v2\/media\/2256"}],"wp:attachment":[{"href":"https:\/\/fmnativa.com\/portal\/wp-json\/wp\/v2\/media?parent=2253"}],"wp:term":[{"taxonomy":"category","embeddable":true,"href":"https:\/\/fmnativa.com\/portal\/wp-json\/wp\/v2\/categories?post=2253"},{"taxonomy":"post_tag","embeddable":true,"href":"https:\/\/fmnativa.com\/portal\/wp-json\/wp\/v2\/tags?post=2253"}],"curies":[{"name":"wp","href":"https:\/\/api.w.org\/{rel}","templated":true}]}}