{"id":2286,"date":"2021-01-08T16:09:06","date_gmt":"2021-01-08T19:09:06","guid":{"rendered":"https:\/\/fmnativa.com\/portal\/?p=2286"},"modified":"2021-01-08T16:09:38","modified_gmt":"2021-01-08T19:09:38","slug":"coronavirus-toque-de-queda-sanitario-hasta-que-hora-nos-dejaran-salir","status":"publish","type":"post","link":"https:\/\/fmnativa.com\/portal\/2021\/01\/08\/coronavirus-toque-de-queda-sanitario-hasta-que-hora-nos-dejaran-salir\/","title":{"rendered":"Coronavirus &#8211; TOQUE DE QUEDA SANITARIO, HASTA QUE HORA NOS DEJARAN SALIR?"},"content":{"rendered":"<div id=\"fb-root\"><\/div>\n<p><em><strong>Si bien en un principio se dijo que Alberto Fern\u00e1ndez pretend\u00eda una restricci\u00f3n de la circulaci\u00f3n entre las 23:00 y las 6:00, el texto presidencial deja librado a la voluntad de cada provincia la determinaci\u00f3n de su aplicaci\u00f3n.<\/strong><\/em><\/p>\n<p><strong>Que va a hacer PEROTTI ?<\/strong><\/p>\n<p>En un comunicado llegado a los medios dice\u00a0 que la provincia adheri\u00e1 al DNU de Alberto a partir de las 0 horas del d\u00eda Lunes 11 de Enero, <em><strong>pero dicho comunicado no fija la hora del TOQUE DE QUEDA SANTIARIO.<\/strong><\/em><\/p>\n<p><strong>El comunicado de la Provincia de Santa Fe dice:<\/strong><\/p>\n<p><em>La provincia adherir\u00e1 al Decreto Nacional a partir de las 00 horas del lunes 11<\/em><\/p>\n<p><em>El gobierno de la provincia informa que adherir\u00e1 a los contenidos del DNU Nacional, correspondiente a las limitaciones en la circulaci\u00f3n, a partir de las 0 horas del lunes 11<\/em><\/p>\n<p><em>El gobierno de la provincia de Santa Fe, informa que adherir\u00e1 a los contenidos del DNU que publique la Naci\u00f3n, correspondientes a los l\u00edmites a la circulaci\u00f3n y, que este ser\u00e1 efectivo en el territorio provincial, a partir del d\u00eda lunes 11 a las 0 horas. El mismo, ser\u00e1 adecuado por la provincia de acuerdo a su contexto actual.<\/em><\/p>\n<p>&nbsp;<\/p>\n<p class=\"paragraph\">El jefe de Gabinete,\u00a0<b>Santiago Cafiero<\/b>, anunci\u00f3 que\u00a0el Gobierno establecer\u00e1 pautas precisas para que los gobernadores avances con restricciones\u00a0en sus jurisdicciones ante el aumento de casos de coronavirus.<\/p>\n<p class=\"paragraph\">Econtinuaci\u00f3n, el decreto completo.<\/p>\n<p class=\"paragraph\"><b>ART\u00cdCULO 1\u00b0.- CONDICI\u00d3N EPIDEMIOL\u00d3GICA Y EVALUACI\u00d3N DE RIESGO.<\/b><\/p>\n<p class=\"paragraph\">En el marco de lo establecido en el primer p\u00e1rrafo del art\u00edculo 4\u00b0 del Decreto N\u00b0 1033\/20,\u00a0<mark class=\"hl_yellow\">se define que existe alto riesgo sanitario y condiciones epidemiol\u00f3gicas que ameritan por parte de los Gobernadores y las Gobernadoras de Provincias y del Jefe de Gobierno de la CIUDAD AUT\u00d3NOMA DE BUENOS AIRES, adoptar medidas de limitaci\u00f3n de la circulaci\u00f3n<\/mark>, cuando se cumplan los siguientes par\u00e1metros sanitarios:<\/p>\n<p class=\"paragraph\">La raz\u00f3n de casos, definida como el cociente entre el n\u00famero de casos confirmados acumulados en los \u00faltimos CATORCE (14) d\u00edas y el n\u00famero de casos confirmados acumulados en los CATORCE (14) d\u00edas previos, sea superior a UNO COMA VEINTE (1,20).<\/p>\n<p class=\"paragraph\">Y la incidencia definida como el n\u00famero de casos confirmados acumulados de los \u00faltimos CATORCE(14) d\u00edas por CIEN MIL (100.000) habitantes, sea superior a CIENTO CINCUENTA (150).<\/p>\n<p class=\"paragraph\"><b>ART\u00cdCULO 2\u00b0.- NOCTURNIDAD. SITUACIONES QUE FAVORECEN LA CIRCULACI\u00d3N DEL VIRUS.<\/b><\/p>\n<p class=\"paragraph\">Observando la din\u00e1mica de la transmisi\u00f3n de los nuevos contagios del virus SARS-CoV2, las autoridades provinciales y de la CIUDAD AUT\u00d3NOMA DE BUENOS AIRES, con el objetivo de evitar situaciones que puedan favorecer su propagaci\u00f3n,\u00a0<mark class=\"hl_yellow\">deber\u00e1n priorizar la limitaci\u00f3n de la circulaci\u00f3n en el horario nocturno<\/mark>, dado que, a partir de la experiencia nacional e internacional, se ha podido establecer que\u00a0<mark class=\"hl_yellow\">las actividades que conllevan alto riesgo de transmisi\u00f3n son las que implican contacto estrecho prolongado en espacios cerrados con escasa ventilaci\u00f3n o abiertos que involucran la concentraci\u00f3n de personas, dificultan el uso de tapabocas\/ nariz y el mantenimiento de la distancia f\u00edsica.<\/mark><\/p>\n<p class=\"paragraph\"><b>ART\u00cdCULO 3\u00b0.- ARTICULACI\u00d3N.<\/b><\/p>\n<p class=\"paragraph\">Con el fin de colaborar con el monitoreo de los indicadores mencionados en el art\u00edculo 1\u00b0, el MINISTERIO DE SALUD de la Naci\u00f3n articular\u00e1 con las autoridades sanitarias de las distintas jurisdicciones.<\/p>\n<p class=\"paragraph\"><b>ART\u00cdCULO 4\u00b0.- CONTROL. COOPERACI\u00d3N.<\/b><\/p>\n<p class=\"paragraph\">En aquellos casos en los cuales los Gobernadores y las Gobernadoras de Provincias o el Jefe de Gobierno de la CIUDAD AUT\u00d3NOMA DE BUENOS AIRES adopten medidas que limiten la circulaci\u00f3n de las personas podr\u00e1n requerir al MINISTERIO DE SEGURIDAD de la Naci\u00f3n o a otras autoridades del Sector P\u00fablico Nacional su cooperaci\u00f3n para realizar controles en rutas, v\u00edas de acceso, espacios p\u00fablicos y dem\u00e1s lugares estrat\u00e9gicos que determinen con el fin de coadyuvar a garantizar el cumplimiento de las medidas de protecci\u00f3n sanitaria que evitan la propagaci\u00f3n del virus.<\/p>\n<p class=\"paragraph\"><b>ART\u00cdCULO 5\u00b0<\/b>.- El presente decreto entrar\u00e1 en vigencia el d\u00eda de su publicaci\u00f3n en el BOLET\u00cdN OFICIAL.<\/p>\n<p class=\"paragraph\"><b>ART\u00cdCULO 6\u00b0<\/b>.- Comun\u00edquese, publ\u00edquese, dese a la DIRECCI\u00d3N NACIONAL DEL REGISTRO OFICIAL y arch\u00edvese.<\/p>\n<p>&nbsp;<\/p>\n","protected":false},"excerpt":{"rendered":"<p>Si bien en un principio se dijo que Alberto Fern\u00e1ndez pretend\u00eda una restricci\u00f3n de la&#8230;<\/p>\n","protected":false},"author":1,"featured_media":2287,"comment_status":"closed","ping_status":"closed","sticky":false,"template":"","format":"standard","meta":{"footnotes":""},"categories":[49,8,7],"tags":[43,248,133,32,348,80,75,34,818],"class_list":["post-2286","post","type-post","status-publish","format-standard","has-post-thumbnail","hentry","category-covid-19","category-nacionales","category-provinciales","tag-argentina","tag-contagios","tag-coronavirus","tag-covid-19","tag-fernandez","tag-pandemia","tag-perotti","tag-santafe","tag-toquedequedasanitario"],"featured_image_urls":{"full":["https:\/\/fmnativa.com\/portal\/wp-content\/uploads\/2021\/01\/Reconquista-Nocturna-plaza.jpg",1024,680,false],"thumbnail":["https:\/\/fmnativa.com\/portal\/wp-content\/uploads\/2021\/01\/Reconquista-Nocturna-plaza-150x150.jpg",150,150,true],"medium":["https:\/\/fmnativa.com\/portal\/wp-content\/uploads\/2021\/01\/Reconquista-Nocturna-plaza-300x199.jpg",300,199,true],"medium_large":["https:\/\/fmnativa.com\/portal\/wp-content\/uploads\/2021\/01\/Reconquista-Nocturna-plaza-768x510.jpg",640,425,true],"large":["https:\/\/fmnativa.com\/portal\/wp-content\/uploads\/2021\/01\/Reconquista-Nocturna-plaza.jpg",640,425,false],"1536x1536":["https:\/\/fmnativa.com\/portal\/wp-content\/uploads\/2021\/01\/Reconquista-Nocturna-plaza.jpg",1024,680,false],"2048x2048":["https:\/\/fmnativa.com\/portal\/wp-content\/uploads\/2021\/01\/Reconquista-Nocturna-plaza.jpg",1024,680,false],"covernews-slider-full":["https:\/\/fmnativa.com\/portal\/wp-content\/uploads\/2021\/01\/Reconquista-Nocturna-plaza.jpg",1024,680,false],"covernews-slider-center":["https:\/\/fmnativa.com\/portal\/wp-content\/uploads\/2021\/01\/Reconquista-Nocturna-plaza.jpg",753,500,false],"covernews-featured":["https:\/\/fmnativa.com\/portal\/wp-content\/uploads\/2021\/01\/Reconquista-Nocturna-plaza.jpg",1024,680,false],"covernews-medium":["https:\/\/fmnativa.com\/portal\/wp-content\/uploads\/2021\/01\/Reconquista-Nocturna-plaza.jpg",512,340,false],"covernews-medium-square":["https:\/\/fmnativa.com\/portal\/wp-content\/uploads\/2021\/01\/Reconquista-Nocturna-plaza.jpg",376,250,false]},"author_info":{"info":["Fabian"]},"category_info":"<a href=\"https:\/\/fmnativa.com\/portal\/category\/covid-19\/\" rel=\"category tag\">COVID 19<\/a> <a href=\"https:\/\/fmnativa.com\/portal\/category\/nacionales\/\" rel=\"category tag\">Nacionales<\/a> <a href=\"https:\/\/fmnativa.com\/portal\/category\/provinciales\/\" rel=\"category tag\">PROVINCIALES<\/a>","tag_info":"PROVINCIALES","comment_count":"0","_links":{"self":[{"href":"https:\/\/fmnativa.com\/portal\/wp-json\/wp\/v2\/posts\/2286","targetHints":{"allow":["GET"]}}],"collection":[{"href":"https:\/\/fmnativa.com\/portal\/wp-json\/wp\/v2\/posts"}],"about":[{"href":"https:\/\/fmnativa.com\/portal\/wp-json\/wp\/v2\/types\/post"}],"author":[{"embeddable":true,"href":"https:\/\/fmnativa.com\/portal\/wp-json\/wp\/v2\/users\/1"}],"replies":[{"embeddable":true,"href":"https:\/\/fmnativa.com\/portal\/wp-json\/wp\/v2\/comments?post=2286"}],"version-history":[{"count":2,"href":"https:\/\/fmnativa.com\/portal\/wp-json\/wp\/v2\/posts\/2286\/revisions"}],"predecessor-version":[{"id":2289,"href":"https:\/\/fmnativa.com\/portal\/wp-json\/wp\/v2\/posts\/2286\/revisions\/2289"}],"wp:featuredmedia":[{"embeddable":true,"href":"https:\/\/fmnativa.com\/portal\/wp-json\/wp\/v2\/media\/2287"}],"wp:attachment":[{"href":"https:\/\/fmnativa.com\/portal\/wp-json\/wp\/v2\/media?parent=2286"}],"wp:term":[{"taxonomy":"category","embeddable":true,"href":"https:\/\/fmnativa.com\/portal\/wp-json\/wp\/v2\/categories?post=2286"},{"taxonomy":"post_tag","embeddable":true,"href":"https:\/\/fmnativa.com\/portal\/wp-json\/wp\/v2\/tags?post=2286"}],"curies":[{"name":"wp","href":"https:\/\/api.w.org\/{rel}","templated":true}]}}