{"id":2303,"date":"2021-01-08T16:52:27","date_gmt":"2021-01-08T19:52:27","guid":{"rendered":"https:\/\/fmnativa.com\/portal\/?p=2303"},"modified":"2021-01-08T16:57:35","modified_gmt":"2021-01-08T19:57:35","slug":"reconquista-seguire-los-lineamientos-que-el-intendente-viene-llevando-adelante-dijo-paolett","status":"publish","type":"post","link":"https:\/\/fmnativa.com\/portal\/2021\/01\/08\/reconquista-seguire-los-lineamientos-que-el-intendente-viene-llevando-adelante-dijo-paolett\/","title":{"rendered":"Reconquista &#8211; SEGUIRE LOS LINEAMIENTOS QUE EL INTENDENTE VIENE LLEVANDO ADELANTE, DIJO PAOLETTI"},"content":{"rendered":"<div id=\"fb-root\"><\/div>\n<p><strong>Fue hoy en la Ma\u00f1ana cuando el Concejal Radical asumi\u00f3 como INTENDENTE hasta tanto VALLEJOS est\u00e9 en condiciones de volver.<\/strong><\/p>\n<p>En la ma\u00f1ana del viernes 8 de enero se realiz\u00f3 el acto de traspaso del Despacho de Intendencia por el cual, de acuerdo a lo articulado en la Ley N\u00b0 2.756 Org\u00e1nica de Municipalidades, el Presidente del Concejo Municipal Dr. Eduardo Paoletti desempe\u00f1ar\u00e1 las funciones al frente del Departamento Ejecutivo Municipal, mientras dure la ausencia del Intendente Dr. Amadeo Enrique Vallejos.<\/p>\n<p>En Casa del Bicentenario, estuvieron presentes el Secretario General de la Municipalidad de Reconquista, Lic. Guillermo Romero Mansur (a cargo de la Intendencia hasta el momento); el Presidente del Concejo Municipal, Dr. Eduardo Paoletti; Secretarios del Gabinete Municipal, Concejales, funcionarios y medios de comunicaci\u00f3n.<\/p>\n<p>El Secretario General Lic. Guillermo Romero Mansur transmiti\u00f3 el saludo del Intendente Dr. Amadeo Enrique Vallejos y solicit\u00f3 \u201c<em>el acompa\u00f1amiento para su familia en estos momentos dif\u00edciles, como a cada una de las familias que les est\u00e1 tocando atravesar esta enfermedad<\/em>\u201d, expresando al Presidente del Concejo Municipal la plena disposici\u00f3n de \u201c<em>todo el equipo para seguir trabajando juntos hasta el retorno del Intendente<\/em>\u201d.<\/p>\n<p>El Dr. Eduardo Paoletti, a continuaci\u00f3n, manifest\u00f3 que se comunic\u00f3 con el Dr. Amadeo Enrique Vallejos, \u201c<em>procurando una pronta mejora para el y su familia, lo que me toca en este momento es hacer un reemplazo moment\u00e1neo, siguiendo los lineamientos que el Intendente lleva adelante<\/em>\u201d.<\/p>\n<p>\u201c<em>A pesar de pertenecer a espacios pol\u00edticos diferentes entendemos que tenemos que trabajar en conjunto<\/em><em>\u00a0con cada uno de los sectores institucionales de la ciudad, estamos todos a disposici\u00f3n de la gente que es lo importante, para hacer lo mejor para Reconquista<\/em>\u201d, finaliz\u00f3 el Presidente del Concejo Municipal, a cargo de la Intendencia.<\/p>\n","protected":false},"excerpt":{"rendered":"<p>Fue hoy en la Ma\u00f1ana cuando el Concejal Radical asumi\u00f3 como INTENDENTE hasta tanto VALLEJOS&#8230;<\/p>\n","protected":false},"author":1,"featured_media":2304,"comment_status":"closed","ping_status":"closed","sticky":false,"template":"","format":"standard","meta":{"footnotes":""},"categories":[5],"tags":[806,67,656,37,66],"class_list":["post-2303","post","type-post","status-publish","format-standard","has-post-thumbnail","hentry","category-locales","tag-eduardopaoletti","tag-intendente","tag-municipalidaddereconquista","tag-reconquista","tag-vallejos"],"featured_image_urls":{"full":["https:\/\/fmnativa.com\/portal\/wp-content\/uploads\/2021\/01\/1-15.jpeg",1274,903,false],"thumbnail":["https:\/\/fmnativa.com\/portal\/wp-content\/uploads\/2021\/01\/1-15-150x150.jpeg",150,150,true],"medium":["https:\/\/fmnativa.com\/portal\/wp-content\/uploads\/2021\/01\/1-15-300x213.jpeg",300,213,true],"medium_large":["https:\/\/fmnativa.com\/portal\/wp-content\/uploads\/2021\/01\/1-15-768x544.jpeg",640,453,true],"large":["https:\/\/fmnativa.com\/portal\/wp-content\/uploads\/2021\/01\/1-15-1024x726.jpeg",640,454,true],"1536x1536":["https:\/\/fmnativa.com\/portal\/wp-content\/uploads\/2021\/01\/1-15.jpeg",1274,903,false],"2048x2048":["https:\/\/fmnativa.com\/portal\/wp-content\/uploads\/2021\/01\/1-15.jpeg",1274,903,false],"covernews-slider-full":["https:\/\/fmnativa.com\/portal\/wp-content\/uploads\/2021\/01\/1-15.jpeg",1009,715,false],"covernews-slider-center":["https:\/\/fmnativa.com\/portal\/wp-content\/uploads\/2021\/01\/1-15.jpeg",705,500,false],"covernews-featured":["https:\/\/fmnativa.com\/portal\/wp-content\/uploads\/2021\/01\/1-15.jpeg",1024,726,false],"covernews-medium":["https:\/\/fmnativa.com\/portal\/wp-content\/uploads\/2021\/01\/1-15.jpeg",480,340,false],"covernews-medium-square":["https:\/\/fmnativa.com\/portal\/wp-content\/uploads\/2021\/01\/1-15.jpeg",353,250,false]},"author_info":{"info":["Fabian"]},"category_info":"<a href=\"https:\/\/fmnativa.com\/portal\/category\/locales\/\" rel=\"category tag\">LOCALES<\/a>","tag_info":"LOCALES","comment_count":"0","_links":{"self":[{"href":"https:\/\/fmnativa.com\/portal\/wp-json\/wp\/v2\/posts\/2303","targetHints":{"allow":["GET"]}}],"collection":[{"href":"https:\/\/fmnativa.com\/portal\/wp-json\/wp\/v2\/posts"}],"about":[{"href":"https:\/\/fmnativa.com\/portal\/wp-json\/wp\/v2\/types\/post"}],"author":[{"embeddable":true,"href":"https:\/\/fmnativa.com\/portal\/wp-json\/wp\/v2\/users\/1"}],"replies":[{"embeddable":true,"href":"https:\/\/fmnativa.com\/portal\/wp-json\/wp\/v2\/comments?post=2303"}],"version-history":[{"count":2,"href":"https:\/\/fmnativa.com\/portal\/wp-json\/wp\/v2\/posts\/2303\/revisions"}],"predecessor-version":[{"id":2306,"href":"https:\/\/fmnativa.com\/portal\/wp-json\/wp\/v2\/posts\/2303\/revisions\/2306"}],"wp:featuredmedia":[{"embeddable":true,"href":"https:\/\/fmnativa.com\/portal\/wp-json\/wp\/v2\/media\/2304"}],"wp:attachment":[{"href":"https:\/\/fmnativa.com\/portal\/wp-json\/wp\/v2\/media?parent=2303"}],"wp:term":[{"taxonomy":"category","embeddable":true,"href":"https:\/\/fmnativa.com\/portal\/wp-json\/wp\/v2\/categories?post=2303"},{"taxonomy":"post_tag","embeddable":true,"href":"https:\/\/fmnativa.com\/portal\/wp-json\/wp\/v2\/tags?post=2303"}],"curies":[{"name":"wp","href":"https:\/\/api.w.org\/{rel}","templated":true}]}}