{"id":2316,"date":"2021-01-08T23:34:55","date_gmt":"2021-01-09T02:34:55","guid":{"rendered":"https:\/\/fmnativa.com\/portal\/?p=2316"},"modified":"2021-01-09T00:26:30","modified_gmt":"2021-01-09T03:26:30","slug":"coronavirus-preocupacion-en-autoridades-unanime-pedido-para-que-la-justicia-participe-de-los-controles","status":"publish","type":"post","link":"https:\/\/fmnativa.com\/portal\/2021\/01\/08\/coronavirus-preocupacion-en-autoridades-unanime-pedido-para-que-la-justicia-participe-de-los-controles\/","title":{"rendered":"Coronavirus &#8211; PREOCUPACION EN AUTORIDADES, UNANIME PEDIDO PARA QUE LA JUSTICIA PARTICIPE DE LOS CONTROLES"},"content":{"rendered":"<div id=\"fb-root\"><\/div>\n<h4 class=\"title-post\"><strong><em>INTENDENTES Y PRESIDENTES COMUNALES SOLICITARON EN FORMA UN\u00c1NIME AL GOBERNADOR QUE LA JUSTICIA Y EL MPA (Ministerio Publico de la Acusaci\u00f3n) ACOMPA\u00d1EN LOS CONTROLES<\/em><\/strong><\/h4>\n<p class=\"headline-post\">El pedido fue elevado durante el encuentro virtual que Perotti mantuvo este viernes en el marco de las nuevas medidas que la provincia dispondr\u00e1 por la pandemia de Covid 19. Tambi\u00e9n tom\u00f3 contacto con el Comit\u00e9 de Expertos en Salud.<\/p>\n<p>El gobernador Omar Perotti, junto con la ministra de Salud, Sonia Martorano encabezaron este viernes dos importantes encuentros. En primer lugar, mantuvieron una reuni\u00f3n virtual con representantes del Comit\u00e9 de Expertos en Salud que asesora a las autoridades provinciales en el marco de la pandemia de Covid 19; y en una segunda videoconferencia, el di\u00e1logo fue con intendentes y presidentes comunales para analizar la adecuaci\u00f3n de la provincia a las medidas dispuestas por la Naci\u00f3n frente a la pandemia.<\/p>\n<p>En la oportunidad, el gobernador afirm\u00f3 que \u201chemos hecho esfuerzos importantes que queremos cuidar. Fortalecimos el sistema de salud en todas las localidades, aumentando considerablemente el n\u00famero de camas\u201d.<\/p>\n<p>Seguidamente el mandatario provincial reconoci\u00f3 que \u201chay una percepci\u00f3n de relajamiento con los cuidados b\u00e1sicos. Nosotros vamos en otro sentido. Tenemos que reforzar las conductas de prevenci\u00f3n, optimizando mensajes y acciones. Por eso, buscamos lograr horarios consensuados y vamos a generar todas las acciones de concientizaci\u00f3n necesarias. El objetivo es mantener el mayor nivel de actividad posible restringiendo circulaci\u00f3n nocturna. Tenemos que seguir apuntalando la responsabilidad del cuidado\u201d, agreg\u00f3 Perotti.<\/p>\n<p>En ese marco, el titular de la Casa Gris explic\u00f3 que \u201c<em><strong>lo que hoy se evalu\u00f3 y est\u00e1 sujeto a revisi\u00f3n hasta tanto se defina el contenido del decreto, es la posibilidad que de domingo a jueves las actividades se extiendan hasta las 00:30 hs. y los viernes y s\u00e1bados hasta la 01:30 hs<\/strong><\/em>. en toda la provincia. Adem\u00e1s, se <em><strong>habilitar\u00eda a los municipios y comunas a tener la facultad de determinar su propio horario de culminaci\u00f3n de actividades<\/strong><\/em>. Tambi\u00e9n se avanz\u00f3 que en el caso que requieran hacer restricciones seg\u00fan la situaci\u00f3n epidemiol\u00f3gica de su localidad, puedan hacerlo\u201d.<\/p>\n<p>Perotti a\u00f1adi\u00f3 que \u201cel Ministerio de Salud tambi\u00e9n podr\u00eda hacer observaciones en base a criterios epidemiol\u00f3gicos sobre la situaci\u00f3n de tal o cual lugar y en virtud de ello pueda solicitar medidas restrictivas para esos lugares\u201d.<\/p>\n<p>Respecto a la restricci\u00f3n de circulaci\u00f3n durante la noche, el mandatario provincial resalt\u00f3 que \u201chubo un pedido un\u00e1nime de los intendentes y presidentes comunales para que el Ministerio P\u00fablico de la Acusaci\u00f3n (MPA) y la Justicia acompa\u00f1en los controles que realicen las fuerzas de seguridad de la provincia\u201d.<\/p>\n<p>Por \u00faltimo, Martorano hizo hincapi\u00e9 en el operativo de vacunaci\u00f3n. \u00abEstamos preparados para ponerlo en marcha de nuevo en toda la provincia de Santa Fe con la colaboraci\u00f3n de los municipios y comunas, a partir de un invalorable esfuerzo en conjunto\u00bb, destac\u00f3 la funcionaria. \u00abNos interesa continuar observando c\u00f3mo sigue la curva de casos y evaluar como continuar en ese contexto\u00bb concluy\u00f3 la ministra de Salud.<\/p>\n<p>De las videoconferencias participaron adem\u00e1s el secretario de Salud de la provincia, Jorge Prieto y el subsecretario de Comunas, Carlos Kaufmann.<\/p>\n","protected":false},"excerpt":{"rendered":"<p>INTENDENTES Y PRESIDENTES COMUNALES SOLICITARON EN FORMA UN\u00c1NIME AL GOBERNADOR QUE LA JUSTICIA Y EL&#8230;<\/p>\n","protected":false},"author":1,"featured_media":2322,"comment_status":"closed","ping_status":"closed","sticky":false,"template":"","format":"standard","meta":{"footnotes":""},"categories":[49,7],"tags":[30,103,133,32,130,80,75,643,829],"class_list":["post-2316","post","type-post","status-publish","format-standard","has-post-thumbnail","hentry","category-covid-19","category-provinciales","tag-aislamiento","tag-contagiados","tag-coronavirus","tag-covid-19","tag-cuarentena","tag-pandemia","tag-perotti","tag-provinciadesantafe","tag-toquedequeda-sanitario"],"featured_image_urls":{"full":["https:\/\/fmnativa.com\/portal\/wp-content\/uploads\/2021\/01\/2.jpg",700,500,false],"thumbnail":["https:\/\/fmnativa.com\/portal\/wp-content\/uploads\/2021\/01\/2-150x150.jpg",150,150,true],"medium":["https:\/\/fmnativa.com\/portal\/wp-content\/uploads\/2021\/01\/2-300x214.jpg",300,214,true],"medium_large":["https:\/\/fmnativa.com\/portal\/wp-content\/uploads\/2021\/01\/2.jpg",640,457,false],"large":["https:\/\/fmnativa.com\/portal\/wp-content\/uploads\/2021\/01\/2.jpg",640,457,false],"1536x1536":["https:\/\/fmnativa.com\/portal\/wp-content\/uploads\/2021\/01\/2.jpg",700,500,false],"2048x2048":["https:\/\/fmnativa.com\/portal\/wp-content\/uploads\/2021\/01\/2.jpg",700,500,false],"covernews-slider-full":["https:\/\/fmnativa.com\/portal\/wp-content\/uploads\/2021\/01\/2.jpg",700,500,false],"covernews-slider-center":["https:\/\/fmnativa.com\/portal\/wp-content\/uploads\/2021\/01\/2.jpg",700,500,false],"covernews-featured":["https:\/\/fmnativa.com\/portal\/wp-content\/uploads\/2021\/01\/2.jpg",700,500,false],"covernews-medium":["https:\/\/fmnativa.com\/portal\/wp-content\/uploads\/2021\/01\/2.jpg",476,340,false],"covernews-medium-square":["https:\/\/fmnativa.com\/portal\/wp-content\/uploads\/2021\/01\/2.jpg",350,250,false]},"author_info":{"info":["Fabian"]},"category_info":"<a href=\"https:\/\/fmnativa.com\/portal\/category\/covid-19\/\" rel=\"category tag\">COVID 19<\/a> <a href=\"https:\/\/fmnativa.com\/portal\/category\/provinciales\/\" rel=\"category tag\">PROVINCIALES<\/a>","tag_info":"PROVINCIALES","comment_count":"0","_links":{"self":[{"href":"https:\/\/fmnativa.com\/portal\/wp-json\/wp\/v2\/posts\/2316","targetHints":{"allow":["GET"]}}],"collection":[{"href":"https:\/\/fmnativa.com\/portal\/wp-json\/wp\/v2\/posts"}],"about":[{"href":"https:\/\/fmnativa.com\/portal\/wp-json\/wp\/v2\/types\/post"}],"author":[{"embeddable":true,"href":"https:\/\/fmnativa.com\/portal\/wp-json\/wp\/v2\/users\/1"}],"replies":[{"embeddable":true,"href":"https:\/\/fmnativa.com\/portal\/wp-json\/wp\/v2\/comments?post=2316"}],"version-history":[{"count":1,"href":"https:\/\/fmnativa.com\/portal\/wp-json\/wp\/v2\/posts\/2316\/revisions"}],"predecessor-version":[{"id":2318,"href":"https:\/\/fmnativa.com\/portal\/wp-json\/wp\/v2\/posts\/2316\/revisions\/2318"}],"wp:featuredmedia":[{"embeddable":true,"href":"https:\/\/fmnativa.com\/portal\/wp-json\/wp\/v2\/media\/2322"}],"wp:attachment":[{"href":"https:\/\/fmnativa.com\/portal\/wp-json\/wp\/v2\/media?parent=2316"}],"wp:term":[{"taxonomy":"category","embeddable":true,"href":"https:\/\/fmnativa.com\/portal\/wp-json\/wp\/v2\/categories?post=2316"},{"taxonomy":"post_tag","embeddable":true,"href":"https:\/\/fmnativa.com\/portal\/wp-json\/wp\/v2\/tags?post=2316"}],"curies":[{"name":"wp","href":"https:\/\/api.w.org\/{rel}","templated":true}]}}