{"id":2409,"date":"2021-01-12T23:28:03","date_gmt":"2021-01-13T02:28:03","guid":{"rendered":"https:\/\/fmnativa.com\/portal\/?p=2409"},"modified":"2021-01-12T23:28:03","modified_gmt":"2021-01-13T02:28:03","slug":"la-provincia-lanzo-el-programa-de-beneficios-y-descuentos-billetera-santa-fe","status":"publish","type":"post","link":"https:\/\/fmnativa.com\/portal\/2021\/01\/12\/la-provincia-lanzo-el-programa-de-beneficios-y-descuentos-billetera-santa-fe\/","title":{"rendered":"LA PROVINCIA LANZ\u00d3 EL PROGRAMA DE BENEFICIOS Y DESCUENTOS \u201cBILLETERA SANTA FE\u201d"},"content":{"rendered":"<div id=\"fb-root\"><\/div>\n<p class=\"headline-post\"><em><strong>El gobernador Omar Perotti present\u00f3 hoy el instrumento virtual que tiene como objetivo incentivar la demanda de bienes y servicios mediante el otorgamiento de importantes reintegros de dinero a quienes realicen compras en comercios de la provincia.<\/strong><\/em><\/p>\n<p>Omar Perotti hizo la presentaci\u00f3n formal en Casa de Gobierno del programa de beneficios y descuentos \u201cBilletera Santa Fe\u201d. La iniciativa tiene como objetivo incentivar la demanda de bienes y servicios mediante el otorgamiento de reintegros de dinero a todas las personas que realicen compras en comercios radicados en la provincia.<\/p>\n<p>Durante el acto, Perotti estuvo acompa\u00f1ado por el ministro de Producci\u00f3n, Ciencia y Tecnolog\u00eda, Daniel Costamagna; el secretario de Comercio Interior, Juan Marcos Aviano; y el gerente del Banco de Santa Fe, Luis Nu\u00f1ez, entre otros funcionarios y presencias destacadas.<\/p>\n<p><strong>PROGRAMA DE BENEFICIOS Y DESCUENTOS<\/strong><\/p>\n<p>\u201cBilletera Santa Fe\u201d es un instrumento financiero y virtual que permitir\u00e1 sumar poder de compra en los bolsillos de la gente al otorgar descuentos de un 30 por ciento en la adquisici\u00f3n de alimentos, indumentaria, calzados, jugueter\u00eda, librer\u00eda, bares, restaurantes, farmacias, gastronom\u00eda y turismo, y un 20 por ciento en electrodom\u00e9sticos.<\/p>\n<p>El reintegro ser\u00e1 solventado por el Gobierno de Santa Fe en un 85 por ciento, y el 15 por ciento restante estar\u00e1 a cargo del comercio. Se trata de un esfuerzo compartido, donde el gobierno hace el mayor aporte posible para ayudar a dinamizar la econom\u00eda y mejorar el poder de compra de los santafesinos y las santafesinas. El dinero se acreditar\u00e1 en un plazo que va entre las 24 y 48 horas h\u00e1biles de realizada la compra en el \u201cSaldo Virtual de la Billetera\u201d, con un tope de reintegro de 5.000 pesos por mes. Las promociones estar\u00e1n vigentes todos los d\u00edas en el caso de los alimentos; en tanto que los lunes, martes y mi\u00e9rcoles ser\u00e1 para los dem\u00e1s rubros.<\/p>\n<p><strong>FAVORECER AL CONSUMO<\/strong><\/p>\n<p>\u201cEs un gusto estar presentando esta nueva herramienta que se suma a otras que ya tenemos en funcionamiento y que seguramente permitir\u00e1 tener un mayor nivel de actividad y de consumo en la provincia\u201d, dijo Perotti durante la presentaci\u00f3n. Y agreg\u00f3: \u201cEste es un programa del gobierno para favorecer el consumo y la producci\u00f3n. Con sus compras, con el compromiso de nuestros comerciantes y la ayuda del gobierno provincial, estamos poniendo a Santa Fe de pie\u201d.<\/p>\n<p>El gobernador destac\u00f3 tambi\u00e9n el trabajo conjunto de los sectores p\u00fablico y privado, y explic\u00f3 que a la Billetera Santa Fe \u201cse accede a trav\u00e9s de la tarjeta Plus Pago, desde un tel\u00e9fono celular. Con esto queremos sumar poder de compra a la gente, incentivar el consumo, con importantes descuentos en diferentes productos, y durante todo el a\u00f1o seguir sumando productos santafesinos en ese nivel de oferta\u201d.<\/p>\n<p>Del evento encabezado por el gobernador Perotti participaron tambi\u00e9n el presidente de la Federaci\u00f3n de Centros Comerciales de la Provincia de Santa Fe (Fececo), Eduardo Taborda; el presidente del Centro Comercial de Santa Fe, Mart\u00edn Salemi; el tesorero de la Asociaci\u00f3n Empresaria de Rosario, Diego Casadidio y el gerente comercial de Plus Pagos, Pablo L\u00f3pez.<\/p>\n<p><strong>PRODUCCI\u00d3N, ECONOM\u00cdA Y EMPLEO<\/strong><\/p>\n<p>\u201cTenemos dos objetivos -prosigui\u00f3 Perotti-: priorizar la producci\u00f3n santafesina y priorizar el poder de compra de los santafesinos; esa combinaci\u00f3n es la que tenemos que conseguir, por eso esta es una clara herramienta de desarrollo local que hay que potenciar\u201d.<\/p>\n<p>El mandatario provincial explic\u00f3 que \u201ca esto lo hacemos porque incentiva el consumo, y para reponer lo que se vende se necesita producci\u00f3n, si hay producci\u00f3n se necesita m\u00e1s empleo, y si hay empleo hay sueldos, y esos sueldos van al consumo. All\u00ed la econom\u00eda empieza a moverse, y esto es lo que pretendemos conseguir con esta herramienta.\u201d<\/p>\n<p>\u201cPor eso \u2013continu\u00f3-, necesariamente el Estado tiene que intervenir muy fuerte all\u00ed, coordinando, entusiasmando a este sector. Detr\u00e1s de eso, la conectividad y la infraestructura ayudan, pero la decisi\u00f3n tiene que ser invertir en Santa Fe, eso se valora y el gobierno acompa\u00f1a al que emprende y trabaja\u201d.<\/p>\n<p><strong>FORMACI\u00d3N Y ECONOM\u00cdA DEL CONOCIMIENTO<\/strong><\/p>\n<p>Asimismo, el mandatario santafesino valor\u00f3 tambi\u00e9n \u201cla formaci\u00f3n y capacitaci\u00f3n de nuestra gente: a lo bueno que tiene la provincia en sus tierras, en su industria, en su potencial y diversidad, tenemos que tener tambi\u00e9n la mejor gente preparada, porque eso es lo que marca la diferencia\u201d.<\/p>\n<p>Perotti destac\u00f3 adem\u00e1s la necesidad de \u201cgenerar con el sector cient\u00edfico el mayor empuje, y vamos muy bien: el nivel de inversi\u00f3n cient\u00edfico-tecnol\u00f3gico desde el esquema privado, con nuevas empresas, a partir de all\u00ed Santa Fe tiene todo para ser l\u00edder en econom\u00eda del conocimiento, la estructura que tenemos, la capacidad de nuestra gente vinculada a la capacidad de desarrollo de peque\u00f1as empresas, con nuevos start-ups, incubadoras, aceleradoras de estos emprendimientos. En los pr\u00f3ximos meses Santa Fe va a tener m\u00e1s resultados positivos en esta l\u00ednea, y nosotros tambi\u00e9n vamos a estar acompa\u00f1ando y poniendo recursos en esa direcci\u00f3n\u201d.<\/p>\n<p><strong>JUNTOS PARA PONER A SANTA FE DE PIE<\/strong><\/p>\n<p>De este modo, el programa \u201cBilletera Santa Fe\u201d se propone generar un incentivo del consumo a trav\u00e9s de un reintegro al cliente por las compras realizadas en los comercios de los rubros promovidos. Los locales comerciales notar\u00e1n un incremento de sus ventas, y el cliente ser\u00e1 beneficiado con el reintegro de Saldo Pluspagos en su app.<\/p>\n<p>As\u00ed de sencillo, as\u00ed de importante. Se trata de reactivar el c\u00edrculo virtuoso de la econom\u00eda. De generar m\u00e1s producci\u00f3n y por ende, m\u00e1s consumo. Todo esto, promoviendo el desarrollo local, apoyando a las PyMes a trav\u00e9s de la inclusi\u00f3n financiera. Este es el camino que eligi\u00f3 la provincia, el sector privado y el p\u00fablico est\u00e1n trabajando juntos. Incorporando tecnolog\u00eda, a partir de uno de los mayores capitales de nuestra provincia y su gente: el Capital Humano.<\/p>\n<p>Se trata de invertir desde la provincia para crear trabajo y facilitar la vida cotidiana de nuestro pueblo a partir de esta \u201cBilletera Santa Fe\u201d. Como se\u00f1al\u00f3 el gobernador Perotti, al concluir su presentaci\u00f3n: \u201cEste es el camino, juntos siempre para poner a Santa Fe de Pie\u201d.<\/p>\n","protected":false},"excerpt":{"rendered":"<p>El gobernador Omar Perotti present\u00f3 hoy el instrumento virtual que tiene como objetivo incentivar la&#8230;<\/p>\n","protected":false},"author":1,"featured_media":2410,"comment_status":"closed","ping_status":"closed","sticky":false,"template":"","format":"standard","meta":{"footnotes":""},"categories":[7],"tags":[861,860,858,862,859,62,45],"class_list":["post-2409","post","type-post","status-publish","format-standard","has-post-thumbnail","hentry","category-provinciales","tag-alimentos","tag-beneficios","tag-billeterasantafe","tag-calzado","tag-descuentos","tag-economia","tag-turismo"],"featured_image_urls":{"full":["https:\/\/fmnativa.com\/portal\/wp-content\/uploads\/2021\/01\/670-x-480-para-notis-1-1.jpg",670,480,false],"thumbnail":["https:\/\/fmnativa.com\/portal\/wp-content\/uploads\/2021\/01\/670-x-480-para-notis-1-1-150x150.jpg",150,150,true],"medium":["https:\/\/fmnativa.com\/portal\/wp-content\/uploads\/2021\/01\/670-x-480-para-notis-1-1-300x215.jpg",300,215,true],"medium_large":["https:\/\/fmnativa.com\/portal\/wp-content\/uploads\/2021\/01\/670-x-480-para-notis-1-1.jpg",640,459,false],"large":["https:\/\/fmnativa.com\/portal\/wp-content\/uploads\/2021\/01\/670-x-480-para-notis-1-1.jpg",640,459,false],"1536x1536":["https:\/\/fmnativa.com\/portal\/wp-content\/uploads\/2021\/01\/670-x-480-para-notis-1-1.jpg",670,480,false],"2048x2048":["https:\/\/fmnativa.com\/portal\/wp-content\/uploads\/2021\/01\/670-x-480-para-notis-1-1.jpg",670,480,false],"covernews-slider-full":["https:\/\/fmnativa.com\/portal\/wp-content\/uploads\/2021\/01\/670-x-480-para-notis-1-1.jpg",670,480,false],"covernews-slider-center":["https:\/\/fmnativa.com\/portal\/wp-content\/uploads\/2021\/01\/670-x-480-para-notis-1-1.jpg",670,480,false],"covernews-featured":["https:\/\/fmnativa.com\/portal\/wp-content\/uploads\/2021\/01\/670-x-480-para-notis-1-1.jpg",670,480,false],"covernews-medium":["https:\/\/fmnativa.com\/portal\/wp-content\/uploads\/2021\/01\/670-x-480-para-notis-1-1.jpg",475,340,false],"covernews-medium-square":["https:\/\/fmnativa.com\/portal\/wp-content\/uploads\/2021\/01\/670-x-480-para-notis-1-1.jpg",349,250,false]},"author_info":{"info":["Fabian"]},"category_info":"<a href=\"https:\/\/fmnativa.com\/portal\/category\/provinciales\/\" rel=\"category tag\">PROVINCIALES<\/a>","tag_info":"PROVINCIALES","comment_count":"0","_links":{"self":[{"href":"https:\/\/fmnativa.com\/portal\/wp-json\/wp\/v2\/posts\/2409","targetHints":{"allow":["GET"]}}],"collection":[{"href":"https:\/\/fmnativa.com\/portal\/wp-json\/wp\/v2\/posts"}],"about":[{"href":"https:\/\/fmnativa.com\/portal\/wp-json\/wp\/v2\/types\/post"}],"author":[{"embeddable":true,"href":"https:\/\/fmnativa.com\/portal\/wp-json\/wp\/v2\/users\/1"}],"replies":[{"embeddable":true,"href":"https:\/\/fmnativa.com\/portal\/wp-json\/wp\/v2\/comments?post=2409"}],"version-history":[{"count":1,"href":"https:\/\/fmnativa.com\/portal\/wp-json\/wp\/v2\/posts\/2409\/revisions"}],"predecessor-version":[{"id":2411,"href":"https:\/\/fmnativa.com\/portal\/wp-json\/wp\/v2\/posts\/2409\/revisions\/2411"}],"wp:featuredmedia":[{"embeddable":true,"href":"https:\/\/fmnativa.com\/portal\/wp-json\/wp\/v2\/media\/2410"}],"wp:attachment":[{"href":"https:\/\/fmnativa.com\/portal\/wp-json\/wp\/v2\/media?parent=2409"}],"wp:term":[{"taxonomy":"category","embeddable":true,"href":"https:\/\/fmnativa.com\/portal\/wp-json\/wp\/v2\/categories?post=2409"},{"taxonomy":"post_tag","embeddable":true,"href":"https:\/\/fmnativa.com\/portal\/wp-json\/wp\/v2\/tags?post=2409"}],"curies":[{"name":"wp","href":"https:\/\/api.w.org\/{rel}","templated":true}]}}