{"id":2436,"date":"2021-01-13T22:18:28","date_gmt":"2021-01-14T01:18:28","guid":{"rendered":"https:\/\/fmnativa.com\/portal\/?p=2436"},"modified":"2021-01-14T00:21:59","modified_gmt":"2021-01-14T03:21:59","slug":"coronavirus-los-casos-positivos-no-aflojan-hoy-fueron-80","status":"publish","type":"post","link":"https:\/\/fmnativa.com\/portal\/2021\/01\/13\/coronavirus-los-casos-positivos-no-aflojan-hoy-fueron-80\/","title":{"rendered":"Coronavirus &#8211; LOS CASOS POSITIVOS NO AFLOJAN&#8230; HOY FUERON 80"},"content":{"rendered":"<div id=\"fb-root\"><\/div>\n<p><em><strong>ES PREOCUPANTE la situaci\u00f3n en el Norte de Santa Fe. Hoy 80 nuevos caso detectados. Hay 37 internados por COVID 19 en el HOSPITAL CENTRAL DE RECONQUISTA, de los cuales 14 est\u00e1n en TERAPIA INTENSIVA y de esos son 11 los que se encuentran en estado cr\u00edtico, con pron\u00f3stico reservado y asistencia respiratoria. Hoy fallecieron dos personas, uno de Reconquista y otro de Villa Ocampo.<\/strong><\/em><\/p>\n<div style=\"clear:both; margin-top:0em; margin-bottom:1em;\"><a href=\"https:\/\/fmnativa.com\/portal\/2021\/01\/13\/coronavirus-otros-dos-fallecidos-en-la-region\/\" target=\"_blank\" rel=\"nofollow\" class=\"u388eb5f54a1e5503bf0e6cc4a1759e72\"><style> .u388eb5f54a1e5503bf0e6cc4a1759e72 { padding:0px; margin: 0; padding-top:1em!important; padding-bottom:1em!important; width:100%; display: block; font-weight:bold; background-color:#eaeaea; border:0!important; border-left:4px solid #34495E!important; text-decoration:none; } .u388eb5f54a1e5503bf0e6cc4a1759e72:active, .u388eb5f54a1e5503bf0e6cc4a1759e72:hover { opacity: 1; transition: opacity 250ms; webkit-transition: opacity 250ms; text-decoration:none; } .u388eb5f54a1e5503bf0e6cc4a1759e72 { transition: background-color 250ms; webkit-transition: background-color 250ms; opacity: 1; transition: opacity 250ms; webkit-transition: opacity 250ms; } .u388eb5f54a1e5503bf0e6cc4a1759e72 .ctaText { font-weight:bold; color:#D35400; text-decoration:none; font-size: 16px; } .u388eb5f54a1e5503bf0e6cc4a1759e72 .postTitle { color:#000000; text-decoration: underline!important; font-size: 16px; } .u388eb5f54a1e5503bf0e6cc4a1759e72:hover .postTitle { text-decoration: underline!important; } <\/style><div style=\"padding-left:1em; padding-right:1em;\"><span class=\"ctaText\">Lea tambi\u00e9n<\/span>&nbsp; <span class=\"postTitle\">Coronavirus - OTROS DOS FALLECIDOS EN LA REGION<\/span><\/div><\/a><\/div>\n<p>Aqu\u00ed el INFORME DE CAMAS OCUPADAS EN EL HOSPITAl y abajo el INFORME DE LA REGION DE SALUD<\/p>\n<p><strong>INFORME OFICIAL HCR<\/strong><br \/>\n<strong>PARTE M\u00c9DICO &#8211; 13 DE ENERO DE 2021 \u2013 Actualizado a las 19:30 hs.<\/strong><\/p>\n<p>El Hospital Central de Reconquista informa la cantidad de pacientes internados al momento de emitir este parte de prensa.<\/p>\n<p>COVID-19 POSITIVOS<br \/>\n\u27a1\ufe0f UTI HCR &#8211; 14 pacientes:<br \/>\n&#8211; 11 pacientes en estado cr\u00edtico, con pron\u00f3stico reservado y asistencia respiratoria (6 Reconquista, 3 de Avellaneda, 1 de Las Toscas y 1 de Vera).<br \/>\n&#8211; 3 paciente en aislamiento, condici\u00f3n estable y con ox\u00edgeno (2 de Reconquista, 1 de Fort\u00edn Olmos).<\/p>\n<p>\u27a1\ufe0f Sala Com\u00fan Adultos HCR &#8211; 12 pacientes<br \/>\n&#8211; 9 pacientes de Reconquista, en aislamiento y condici\u00f3n estable.<br \/>\n&#8211; 1 paciente de Avellaneda, en aislamiento y condici\u00f3n estable.<br \/>\n&#8211; 1 paciente de Malabrigo, en aislamiento y condici\u00f3n estable.<br \/>\n&#8211; 1 paciente de Las Toscas, en aislamiento y condici\u00f3n estable.<\/p>\n<p>\u27a1\ufe0f Hospital de Campa\u00f1a &#8211; 11 pacientes<br \/>\n&#8211; 3 pacientes de Reconquista, en aislamiento y condici\u00f3n estable.<br \/>\n&#8211; 3 pacientes de Avellaneda, en aislamiento y condici\u00f3n estable.<br \/>\n&#8211; 2 pacientes de Lanteri, en aislamiento y condici\u00f3n estable.<br \/>\n&#8211; 1 paciente de Villa Ocampo, en aislamiento y condici\u00f3n estable.<br \/>\n&#8211; 1 paciente de Vera, en aislamiento y condici\u00f3n estable.<br \/>\n&#8211; 1 paciente de Romang, en aislamiento y condici\u00f3n estable.<\/p>\n<p>\u27a1\ufe0f Fallecidos<br \/>\nEn el d\u00eda de la fecha se informa el fallecimiento de 2 personas con diagn\u00f3stico positivo de coronavirus (2019-nCoV).<br \/>\n&#8211; 1 paciente (65 a\u00f1os) con residencia en Reconquista, con comorbilidades, internado desde 29 de diciembre 2020.<br \/>\n&#8211; 1 paciente (63 a\u00f1os) con residencia en Villa Ocampo, con comorbilidades, internado desde 28 de diciembre 2020.<\/p>\n<p>&nbsp;<\/p>\n<p><strong>INFORME OFICIAL DE LA REGION DE SALUD<\/strong><\/p>\n<a href=\"https:\/\/fmnativa.com\/portal\/wp-content\/uploads\/2021\/01\/Informe-diario-13-ENERO-2021.pdf\" class=\"pdfemb-viewer\" style=\"\" data-width=\"max\" data-height=\"max\" data-toolbar=\"bottom\" data-toolbar-fixed=\"off\">Informe diario 13 ENERO 2021<\/a>\n","protected":false},"excerpt":{"rendered":"<p>ES PREOCUPANTE la situaci\u00f3n en el Norte de Santa Fe. Hoy 80 nuevos caso detectados&#8230;.<\/p>\n","protected":false},"author":1,"featured_media":2438,"comment_status":"closed","ping_status":"closed","sticky":false,"template":"","format":"standard","meta":{"footnotes":""},"categories":[49,6],"tags":[30,103,133,32,130,33,42,636,91,698,80,73,24],"class_list":["post-2436","post","type-post","status-publish","format-standard","has-post-thumbnail","hentry","category-covid-19","category-regionales","tag-aislamiento","tag-contagiados","tag-coronavirus","tag-covid-19","tag-cuarentena","tag-decesos","tag-fallecidos","tag-hospitalcentralreconquista","tag-muertos","tag-nortedesantafe","tag-pandemia","tag-salud","tag-urgente"],"featured_image_urls":{"full":["https:\/\/fmnativa.com\/portal\/wp-content\/uploads\/2021\/01\/670-x-480-para-notis-4-1.jpg",670,480,false],"thumbnail":["https:\/\/fmnativa.com\/portal\/wp-content\/uploads\/2021\/01\/670-x-480-para-notis-4-1-150x150.jpg",150,150,true],"medium":["https:\/\/fmnativa.com\/portal\/wp-content\/uploads\/2021\/01\/670-x-480-para-notis-4-1-300x215.jpg",300,215,true],"medium_large":["https:\/\/fmnativa.com\/portal\/wp-content\/uploads\/2021\/01\/670-x-480-para-notis-4-1.jpg",640,459,false],"large":["https:\/\/fmnativa.com\/portal\/wp-content\/uploads\/2021\/01\/670-x-480-para-notis-4-1.jpg",640,459,false],"1536x1536":["https:\/\/fmnativa.com\/portal\/wp-content\/uploads\/2021\/01\/670-x-480-para-notis-4-1.jpg",670,480,false],"2048x2048":["https:\/\/fmnativa.com\/portal\/wp-content\/uploads\/2021\/01\/670-x-480-para-notis-4-1.jpg",670,480,false],"covernews-slider-full":["https:\/\/fmnativa.com\/portal\/wp-content\/uploads\/2021\/01\/670-x-480-para-notis-4-1.jpg",670,480,false],"covernews-slider-center":["https:\/\/fmnativa.com\/portal\/wp-content\/uploads\/2021\/01\/670-x-480-para-notis-4-1.jpg",670,480,false],"covernews-featured":["https:\/\/fmnativa.com\/portal\/wp-content\/uploads\/2021\/01\/670-x-480-para-notis-4-1.jpg",670,480,false],"covernews-medium":["https:\/\/fmnativa.com\/portal\/wp-content\/uploads\/2021\/01\/670-x-480-para-notis-4-1.jpg",475,340,false],"covernews-medium-square":["https:\/\/fmnativa.com\/portal\/wp-content\/uploads\/2021\/01\/670-x-480-para-notis-4-1.jpg",349,250,false]},"author_info":{"info":["Fabian"]},"category_info":"<a href=\"https:\/\/fmnativa.com\/portal\/category\/covid-19\/\" rel=\"category tag\">COVID 19<\/a> <a href=\"https:\/\/fmnativa.com\/portal\/category\/regionales\/\" rel=\"category tag\">REGIONALES<\/a>","tag_info":"REGIONALES","comment_count":"0","_links":{"self":[{"href":"https:\/\/fmnativa.com\/portal\/wp-json\/wp\/v2\/posts\/2436","targetHints":{"allow":["GET"]}}],"collection":[{"href":"https:\/\/fmnativa.com\/portal\/wp-json\/wp\/v2\/posts"}],"about":[{"href":"https:\/\/fmnativa.com\/portal\/wp-json\/wp\/v2\/types\/post"}],"author":[{"embeddable":true,"href":"https:\/\/fmnativa.com\/portal\/wp-json\/wp\/v2\/users\/1"}],"replies":[{"embeddable":true,"href":"https:\/\/fmnativa.com\/portal\/wp-json\/wp\/v2\/comments?post=2436"}],"version-history":[{"count":3,"href":"https:\/\/fmnativa.com\/portal\/wp-json\/wp\/v2\/posts\/2436\/revisions"}],"predecessor-version":[{"id":2441,"href":"https:\/\/fmnativa.com\/portal\/wp-json\/wp\/v2\/posts\/2436\/revisions\/2441"}],"wp:featuredmedia":[{"embeddable":true,"href":"https:\/\/fmnativa.com\/portal\/wp-json\/wp\/v2\/media\/2438"}],"wp:attachment":[{"href":"https:\/\/fmnativa.com\/portal\/wp-json\/wp\/v2\/media?parent=2436"}],"wp:term":[{"taxonomy":"category","embeddable":true,"href":"https:\/\/fmnativa.com\/portal\/wp-json\/wp\/v2\/categories?post=2436"},{"taxonomy":"post_tag","embeddable":true,"href":"https:\/\/fmnativa.com\/portal\/wp-json\/wp\/v2\/tags?post=2436"}],"curies":[{"name":"wp","href":"https:\/\/api.w.org\/{rel}","templated":true}]}}