{"id":2474,"date":"2021-01-14T21:20:55","date_gmt":"2021-01-15T00:20:55","guid":{"rendered":"https:\/\/fmnativa.com\/portal\/?p=2474"},"modified":"2021-01-14T21:20:55","modified_gmt":"2021-01-15T00:20:55","slug":"vuelven-el-ife-y-el-atp-gobierno-no-descarta-relanzar-planes-de-asistencia","status":"publish","type":"post","link":"https:\/\/fmnativa.com\/portal\/2021\/01\/14\/vuelven-el-ife-y-el-atp-gobierno-no-descarta-relanzar-planes-de-asistencia\/","title":{"rendered":"\u00bfVuelven el IFE y el ATP? Gobierno no descarta relanzar planes de asistencia"},"content":{"rendered":"<div id=\"fb-root\"><\/div>\n<p><em><strong>El ministro de Desarrollo Social sostuvo que, independientemente de lo planteado en el Presupuesto 2021, \u00absi hay un rebrote vamos a tomar medidas de emergencia\u00bb<\/strong><\/em><\/p>\n<div class=\"&quot;GoogleActiveViewInnerContainer&quot;style=&quot;left:0px;top:0px;width:100%;height:100%;position:fixed;pointer-events:none;z-index:-9999;&quot;\">\n<p>El Gobierno analiza con preocupaci\u00f3n la llegada de la segunda ola de contagios de coronavirus y no descarta que se tomen nuevas medidas de restricci\u00f3n de actividades y de circulaci\u00f3n. De hecho, la semana pasada la Naci\u00f3n alent\u00f3 a las provincias a implementar toques de queda sanitarios durante la madrugada.<\/p>\n<p>Las medidas de auxilio a los hogares y a las empresas demand\u00f3 al Estado en 2020 un gasto equivalente a casi 5 puntos del Producto Bruto Interno, lo que significar\u00eda m\u00e1s de un bill\u00f3n de pesos, entre el IFE, ATP y el resto del paquete contra el coronavirus<\/p>\n<p>El IFE tuvo un alcance de 9 millones de personas durante tres pagos bimestrales de $10.000 que realiz\u00f3 el Gobierno entre abril y noviembre. El programa incluy\u00f3 a sectores que quedaron desprotegidos por la irrupci\u00f3n de la pandemia y las restricciones a la circulaci\u00f3n, como desocupados, trabajadores y trabajadores informales, personal de casas particulares, y monotributistas sociales o de las categor\u00edas A y B.<\/p>\n<p>De acuerdo a datos oficiales, en total, pr\u00e1cticamente el 30% de la poblaci\u00f3n argentina pidi\u00f3 a Anses cobrar los $10.000 de asistencia. Adem\u00e1s de los 8,9 millones de casos aprobados, casi 4,6 millones de personas tuvieron sus solicitudes rechazadas, principalmente por tener un ingreso en blanco, ya sea el solicitante o un integrante de la familia.<\/p>\n<p>El ATP lleg\u00f3 a cubrir, en el peor momento de la pandemia y con las restricciones de actividad y movimiento m\u00e1s r\u00edgidas en todo el pa\u00eds, los salarios de empleados de unas 234.000 compa\u00f1\u00edas, principalmente comercio e industria. En esa primera ronda del Programa ATP, seg\u00fan estimaciones oficiales, la ayuda salarial incluy\u00f3 a 2,3 millones de empleados en relaci\u00f3n de dependencia.<\/p>\n<p>\u00abTuvimos que tomar medidas de emergencia. Si hay un rebrote vamos a tomar medidas de emergencia independientemente de lo que est\u00e1 presupuestado hoy\u00bb, aclar\u00f3 Arroyo.<\/p>\n<p>Adem\u00e1s, record\u00f3 que en el segundo trimestre de 2020 la pobreza ascendi\u00f3 al 47% y que en ese contexto, el Gobierno tomar\u00e1 \u00bb las medidas sociales excepcionales que haya que tomar\u00bb.<\/p>\n<p>&nbsp;<\/p>\n<\/div>\n","protected":false},"excerpt":{"rendered":"<p>El ministro de Desarrollo Social sostuvo que, independientemente de lo planteado en el Presupuesto 2021,&#8230;<\/p>\n","protected":false},"author":1,"featured_media":2475,"comment_status":"closed","ping_status":"closed","sticky":false,"template":"","format":"standard","meta":{"footnotes":""},"categories":[8],"tags":[43,196,885,133,68,886],"class_list":["post-2474","post","type-post","status-publish","format-standard","has-post-thumbnail","hentry","category-nacionales","tag-argentina","tag-asistencia","tag-atp","tag-coronavirus","tag-ife","tag-rebrote"],"featured_image_urls":{"full":["https:\/\/fmnativa.com\/portal\/wp-content\/uploads\/2021\/01\/ife-anses-cobrojpg.jpg",540,405,false],"thumbnail":["https:\/\/fmnativa.com\/portal\/wp-content\/uploads\/2021\/01\/ife-anses-cobrojpg-150x150.jpg",150,150,true],"medium":["https:\/\/fmnativa.com\/portal\/wp-content\/uploads\/2021\/01\/ife-anses-cobrojpg-300x225.jpg",300,225,true],"medium_large":["https:\/\/fmnativa.com\/portal\/wp-content\/uploads\/2021\/01\/ife-anses-cobrojpg.jpg",540,405,false],"large":["https:\/\/fmnativa.com\/portal\/wp-content\/uploads\/2021\/01\/ife-anses-cobrojpg.jpg",540,405,false],"1536x1536":["https:\/\/fmnativa.com\/portal\/wp-content\/uploads\/2021\/01\/ife-anses-cobrojpg.jpg",540,405,false],"2048x2048":["https:\/\/fmnativa.com\/portal\/wp-content\/uploads\/2021\/01\/ife-anses-cobrojpg.jpg",540,405,false],"covernews-slider-full":["https:\/\/fmnativa.com\/portal\/wp-content\/uploads\/2021\/01\/ife-anses-cobrojpg.jpg",540,405,false],"covernews-slider-center":["https:\/\/fmnativa.com\/portal\/wp-content\/uploads\/2021\/01\/ife-anses-cobrojpg.jpg",540,405,false],"covernews-featured":["https:\/\/fmnativa.com\/portal\/wp-content\/uploads\/2021\/01\/ife-anses-cobrojpg.jpg",540,405,false],"covernews-medium":["https:\/\/fmnativa.com\/portal\/wp-content\/uploads\/2021\/01\/ife-anses-cobrojpg.jpg",453,340,false],"covernews-medium-square":["https:\/\/fmnativa.com\/portal\/wp-content\/uploads\/2021\/01\/ife-anses-cobrojpg.jpg",333,250,false]},"author_info":{"info":["Fabian"]},"category_info":"<a href=\"https:\/\/fmnativa.com\/portal\/category\/nacionales\/\" rel=\"category tag\">Nacionales<\/a>","tag_info":"Nacionales","comment_count":"0","_links":{"self":[{"href":"https:\/\/fmnativa.com\/portal\/wp-json\/wp\/v2\/posts\/2474","targetHints":{"allow":["GET"]}}],"collection":[{"href":"https:\/\/fmnativa.com\/portal\/wp-json\/wp\/v2\/posts"}],"about":[{"href":"https:\/\/fmnativa.com\/portal\/wp-json\/wp\/v2\/types\/post"}],"author":[{"embeddable":true,"href":"https:\/\/fmnativa.com\/portal\/wp-json\/wp\/v2\/users\/1"}],"replies":[{"embeddable":true,"href":"https:\/\/fmnativa.com\/portal\/wp-json\/wp\/v2\/comments?post=2474"}],"version-history":[{"count":1,"href":"https:\/\/fmnativa.com\/portal\/wp-json\/wp\/v2\/posts\/2474\/revisions"}],"predecessor-version":[{"id":2476,"href":"https:\/\/fmnativa.com\/portal\/wp-json\/wp\/v2\/posts\/2474\/revisions\/2476"}],"wp:featuredmedia":[{"embeddable":true,"href":"https:\/\/fmnativa.com\/portal\/wp-json\/wp\/v2\/media\/2475"}],"wp:attachment":[{"href":"https:\/\/fmnativa.com\/portal\/wp-json\/wp\/v2\/media?parent=2474"}],"wp:term":[{"taxonomy":"category","embeddable":true,"href":"https:\/\/fmnativa.com\/portal\/wp-json\/wp\/v2\/categories?post=2474"},{"taxonomy":"post_tag","embeddable":true,"href":"https:\/\/fmnativa.com\/portal\/wp-json\/wp\/v2\/tags?post=2474"}],"curies":[{"name":"wp","href":"https:\/\/api.w.org\/{rel}","templated":true}]}}