{"id":2491,"date":"2021-01-15T11:17:46","date_gmt":"2021-01-15T14:17:46","guid":{"rendered":"https:\/\/fmnativa.com\/portal\/?p=2491"},"modified":"2021-01-15T11:17:46","modified_gmt":"2021-01-15T14:17:46","slug":"el-sombrerito-avanzan-obras-en-el-barrio-este-y-el-camping-don-anibal","status":"publish","type":"post","link":"https:\/\/fmnativa.com\/portal\/2021\/01\/15\/el-sombrerito-avanzan-obras-en-el-barrio-este-y-el-camping-don-anibal\/","title":{"rendered":"El Sombrerito &#8211; AVANZAN OBRAS EN EL BARRIO ESTE Y EL CAMPING DON ANIBAL"},"content":{"rendered":"<div id=\"fb-root\"><\/div>\n<p>El Senador Marcon visit\u00f3 El Sombrerito y junto a Luis Van de Velde, y visit\u00f3 obras en marcha<\/p>\n<p>El gobernante local inform\u00f3 al senador, acerca del accionar de la Comuna, las obras en ejecuci\u00f3n y proyectos a futuro.<\/p>\n<p>Posteriormente, Orfilio Marc\u00f3n recorri\u00f3 el sal\u00f3n de usos m\u00faltiples que la Comuna tiene en avanzada construcci\u00f3n en el Barrio Este de la localidad. Ser\u00e1 epicentro de m\u00faltiples actividades educativas, sociales y culturales de la comunidad.<\/p>\n<p>\u00abTambi\u00e9n han comenzado a dar los primeros pasos en el desarrollo tur\u00edstico, fortaleciendo un espacio a la vera del arroyo Los Amores\u00bb, destac\u00f3 el senador.<\/p>\n<p>Se trata del Camping Don An\u00edbal, ubicado a 5 km al Este de la RN 11, donde las mejoras realizadas por la Comuna de El Sombrerito, convocan cada vez m\u00e1s la concurrencia de vecinos al bello lugar.<\/p>\n<p>Luis Van de Velde agradeci\u00f3 la visita y el apoyo al senador Marc\u00f3n, quien concret\u00f3 esta recorrida acompa\u00f1ado por la diputada Espindola.<\/p>\n","protected":false},"excerpt":{"rendered":"<p>El Senador Marcon visit\u00f3 El Sombrerito y junto a Luis Van de Velde, y visit\u00f3&#8230;<\/p>\n","protected":false},"author":1,"featured_media":2492,"comment_status":"closed","ping_status":"closed","sticky":false,"template":"","format":"standard","meta":{"footnotes":""},"categories":[6],"tags":[892,891,25],"class_list":["post-2491","post","type-post","status-publish","format-standard","has-post-thumbnail","hentry","category-regionales","tag-campingdonanibal","tag-el-sombrerito","tag-politica"],"featured_image_urls":{"full":["https:\/\/fmnativa.com\/portal\/wp-content\/uploads\/2021\/01\/IMG-20210115-WA0003.jpg",732,760,false],"thumbnail":["https:\/\/fmnativa.com\/portal\/wp-content\/uploads\/2021\/01\/IMG-20210115-WA0003-150x150.jpg",150,150,true],"medium":["https:\/\/fmnativa.com\/portal\/wp-content\/uploads\/2021\/01\/IMG-20210115-WA0003-289x300.jpg",289,300,true],"medium_large":["https:\/\/fmnativa.com\/portal\/wp-content\/uploads\/2021\/01\/IMG-20210115-WA0003.jpg",640,664,false],"large":["https:\/\/fmnativa.com\/portal\/wp-content\/uploads\/2021\/01\/IMG-20210115-WA0003.jpg",640,664,false],"1536x1536":["https:\/\/fmnativa.com\/portal\/wp-content\/uploads\/2021\/01\/IMG-20210115-WA0003.jpg",732,760,false],"2048x2048":["https:\/\/fmnativa.com\/portal\/wp-content\/uploads\/2021\/01\/IMG-20210115-WA0003.jpg",732,760,false],"covernews-slider-full":["https:\/\/fmnativa.com\/portal\/wp-content\/uploads\/2021\/01\/IMG-20210115-WA0003.jpg",689,715,false],"covernews-slider-center":["https:\/\/fmnativa.com\/portal\/wp-content\/uploads\/2021\/01\/IMG-20210115-WA0003.jpg",482,500,false],"covernews-featured":["https:\/\/fmnativa.com\/portal\/wp-content\/uploads\/2021\/01\/IMG-20210115-WA0003.jpg",732,760,false],"covernews-medium":["https:\/\/fmnativa.com\/portal\/wp-content\/uploads\/2021\/01\/IMG-20210115-WA0003.jpg",327,340,false],"covernews-medium-square":["https:\/\/fmnativa.com\/portal\/wp-content\/uploads\/2021\/01\/IMG-20210115-WA0003.jpg",241,250,false]},"author_info":{"info":["Fabian"]},"category_info":"<a href=\"https:\/\/fmnativa.com\/portal\/category\/regionales\/\" rel=\"category tag\">REGIONALES<\/a>","tag_info":"REGIONALES","comment_count":"0","_links":{"self":[{"href":"https:\/\/fmnativa.com\/portal\/wp-json\/wp\/v2\/posts\/2491","targetHints":{"allow":["GET"]}}],"collection":[{"href":"https:\/\/fmnativa.com\/portal\/wp-json\/wp\/v2\/posts"}],"about":[{"href":"https:\/\/fmnativa.com\/portal\/wp-json\/wp\/v2\/types\/post"}],"author":[{"embeddable":true,"href":"https:\/\/fmnativa.com\/portal\/wp-json\/wp\/v2\/users\/1"}],"replies":[{"embeddable":true,"href":"https:\/\/fmnativa.com\/portal\/wp-json\/wp\/v2\/comments?post=2491"}],"version-history":[{"count":1,"href":"https:\/\/fmnativa.com\/portal\/wp-json\/wp\/v2\/posts\/2491\/revisions"}],"predecessor-version":[{"id":2493,"href":"https:\/\/fmnativa.com\/portal\/wp-json\/wp\/v2\/posts\/2491\/revisions\/2493"}],"wp:featuredmedia":[{"embeddable":true,"href":"https:\/\/fmnativa.com\/portal\/wp-json\/wp\/v2\/media\/2492"}],"wp:attachment":[{"href":"https:\/\/fmnativa.com\/portal\/wp-json\/wp\/v2\/media?parent=2491"}],"wp:term":[{"taxonomy":"category","embeddable":true,"href":"https:\/\/fmnativa.com\/portal\/wp-json\/wp\/v2\/categories?post=2491"},{"taxonomy":"post_tag","embeddable":true,"href":"https:\/\/fmnativa.com\/portal\/wp-json\/wp\/v2\/tags?post=2491"}],"curies":[{"name":"wp","href":"https:\/\/api.w.org\/{rel}","templated":true}]}}