{"id":2544,"date":"2021-01-18T19:45:13","date_gmt":"2021-01-18T22:45:13","guid":{"rendered":"https:\/\/fmnativa.com\/portal\/?p=2544"},"modified":"2021-01-18T19:45:13","modified_gmt":"2021-01-18T22:45:13","slug":"perotti-pondra-en-funciones-a-los-nuevos-ministros-de-su-gabinete","status":"publish","type":"post","link":"https:\/\/fmnativa.com\/portal\/2021\/01\/18\/perotti-pondra-en-funciones-a-los-nuevos-ministros-de-su-gabinete\/","title":{"rendered":"PEROTTI PONDRA EN FUNCIONES A LOS NUEVOS MINISTROS DE SU GABINETE"},"content":{"rendered":"<div id=\"fb-root\"><\/div>\n<p>El gobernador de la provincia, Omar Perotti, pondr\u00e1 en funciones a los nuevos ministros que integrar\u00e1n su gabinete<\/p>\n<p>\ud83d\udc49\ud83c\udffb Cabe destacar, que el actual secretario de Coordinaci\u00f3n de Pol\u00edticas P\u00fablicas, <strong>Marcos Corach<\/strong>, quedar\u00e1 a cargo del Ministerio de Gesti\u00f3n P\u00fablica. Asimismo, el Ministerio de Gobierno, Justicia, Derechos Humanos y Diversidad pasar\u00e1 a manos de <strong>Roberto Sukerman<\/strong>, actual ministro de Trabajo. Mientras que el secretario de Trabajo, <strong>Juan Manuel Pusineri,<\/strong> asumir\u00e1 como ministro de Trabajo, Empleo y Seguridad Social.<\/p>\n<p><em><strong>La asunci\u00f3n de los nuevos ministros, ser\u00e1 a las 20hs, en el Sal\u00f3n Blanco de la Casa Gris, ubicada en la capital provincial.<\/strong><\/em><\/p>\n","protected":false},"excerpt":{"rendered":"<p>El gobernador de la provincia, Omar Perotti, pondr\u00e1 en funciones a los nuevos ministros que&#8230;<\/p>\n","protected":false},"author":1,"featured_media":2545,"comment_status":"closed","ping_status":"closed","sticky":false,"template":"","format":"standard","meta":{"footnotes":""},"categories":[6],"tags":[918,550,75,643],"class_list":["post-2544","post","type-post","status-publish","format-standard","has-post-thumbnail","hentry","category-regionales","tag-ministerios","tag-ministros","tag-perotti","tag-provinciadesantafe"],"featured_image_urls":{"full":["https:\/\/fmnativa.com\/portal\/wp-content\/uploads\/2021\/01\/1-28.jpeg",741,486,false],"thumbnail":["https:\/\/fmnativa.com\/portal\/wp-content\/uploads\/2021\/01\/1-28-150x150.jpeg",150,150,true],"medium":["https:\/\/fmnativa.com\/portal\/wp-content\/uploads\/2021\/01\/1-28-300x197.jpeg",300,197,true],"medium_large":["https:\/\/fmnativa.com\/portal\/wp-content\/uploads\/2021\/01\/1-28.jpeg",640,420,false],"large":["https:\/\/fmnativa.com\/portal\/wp-content\/uploads\/2021\/01\/1-28.jpeg",640,420,false],"1536x1536":["https:\/\/fmnativa.com\/portal\/wp-content\/uploads\/2021\/01\/1-28.jpeg",741,486,false],"2048x2048":["https:\/\/fmnativa.com\/portal\/wp-content\/uploads\/2021\/01\/1-28.jpeg",741,486,false],"covernews-slider-full":["https:\/\/fmnativa.com\/portal\/wp-content\/uploads\/2021\/01\/1-28.jpeg",741,486,false],"covernews-slider-center":["https:\/\/fmnativa.com\/portal\/wp-content\/uploads\/2021\/01\/1-28.jpeg",741,486,false],"covernews-featured":["https:\/\/fmnativa.com\/portal\/wp-content\/uploads\/2021\/01\/1-28.jpeg",741,486,false],"covernews-medium":["https:\/\/fmnativa.com\/portal\/wp-content\/uploads\/2021\/01\/1-28.jpeg",518,340,false],"covernews-medium-square":["https:\/\/fmnativa.com\/portal\/wp-content\/uploads\/2021\/01\/1-28.jpeg",381,250,false]},"author_info":{"info":["Fabian"]},"category_info":"<a href=\"https:\/\/fmnativa.com\/portal\/category\/regionales\/\" rel=\"category tag\">REGIONALES<\/a>","tag_info":"REGIONALES","comment_count":"0","_links":{"self":[{"href":"https:\/\/fmnativa.com\/portal\/wp-json\/wp\/v2\/posts\/2544","targetHints":{"allow":["GET"]}}],"collection":[{"href":"https:\/\/fmnativa.com\/portal\/wp-json\/wp\/v2\/posts"}],"about":[{"href":"https:\/\/fmnativa.com\/portal\/wp-json\/wp\/v2\/types\/post"}],"author":[{"embeddable":true,"href":"https:\/\/fmnativa.com\/portal\/wp-json\/wp\/v2\/users\/1"}],"replies":[{"embeddable":true,"href":"https:\/\/fmnativa.com\/portal\/wp-json\/wp\/v2\/comments?post=2544"}],"version-history":[{"count":1,"href":"https:\/\/fmnativa.com\/portal\/wp-json\/wp\/v2\/posts\/2544\/revisions"}],"predecessor-version":[{"id":2546,"href":"https:\/\/fmnativa.com\/portal\/wp-json\/wp\/v2\/posts\/2544\/revisions\/2546"}],"wp:featuredmedia":[{"embeddable":true,"href":"https:\/\/fmnativa.com\/portal\/wp-json\/wp\/v2\/media\/2545"}],"wp:attachment":[{"href":"https:\/\/fmnativa.com\/portal\/wp-json\/wp\/v2\/media?parent=2544"}],"wp:term":[{"taxonomy":"category","embeddable":true,"href":"https:\/\/fmnativa.com\/portal\/wp-json\/wp\/v2\/categories?post=2544"},{"taxonomy":"post_tag","embeddable":true,"href":"https:\/\/fmnativa.com\/portal\/wp-json\/wp\/v2\/tags?post=2544"}],"curies":[{"name":"wp","href":"https:\/\/api.w.org\/{rel}","templated":true}]}}