{"id":2565,"date":"2021-01-19T14:47:39","date_gmt":"2021-01-19T17:47:39","guid":{"rendered":"https:\/\/fmnativa.com\/portal\/?p=2565"},"modified":"2021-01-19T14:47:39","modified_gmt":"2021-01-19T17:47:39","slug":"reconquista-gente-de-agua-millonaria-inversion-en-infraestructura-turistica","status":"publish","type":"post","link":"https:\/\/fmnativa.com\/portal\/2021\/01\/19\/reconquista-gente-de-agua-millonaria-inversion-en-infraestructura-turistica\/","title":{"rendered":"Reconquista &#8211; GENTE DE AGUA&#8230; Millonaria inversi\u00f3n en infraestructura tur\u00edstica"},"content":{"rendered":"<div id=\"fb-root\"><\/div>\n<p>\ud83d\udcf9 VIDEO DISPONIBLE \ud83d\udcf9.\u00a0 En Casa del Bicentenario, en la ma\u00f1ana del martes 19 de enero tuvo lugar la apertura de sobres de la licitaci\u00f3n del Complejo Tur\u00edstico \u201c<strong>Gente del Agua<\/strong>\u201d, que en el marco del programa nacional \u201c50 Destinos\u201d <strong>ser\u00e1 desarrollado en Isla \u201cLa Fuente\u201d<\/strong> del Distrito Reconquista.<\/p>\n<p>En primer lugar, se emiti\u00f3 un video del Intendente Dr. Amadeo Enrique Vallejos, quien agradeci\u00f3 \u201cinfinitamente al Gobierno Nacional y al Gobierno Provincial\u201d, en las figuras del Presidente Alberto Fern\u00e1ndez y del Gobernador Omar Perotti, para que \u201cjunto a Alejandro Grandinetti y nuestros equipos de trabajo podamos so\u00f1ar con infraestructura que va a posibilitar que el turismo sea un eje de desarrollo econ\u00f3mico para nuestro norte santafesino\u201d, en un lugar que \u201ces parte del coraz\u00f3n del Jaaukanig\u00e1s, con una rica biodiversidad que hace que nuestro Sitio Ramsar pueda ser disfrutado y conocido\u201d.<\/p>\n<p>El Secretario General de la Municipalidad de Reconquista, a continuaci\u00f3n, destac\u00f3 \u201cesta obra hist\u00f3rica en materia de turismo para Reconquista y toda la regi\u00f3n\u201d, gracias a la decisi\u00f3n pol\u00edtica de los tres niveles de gobierno \u201cde invertir $60.000.000 en infraestructura tur\u00edstica, acontecimiento que va a generar las condiciones necesarias para potenciar el desarrollo tur\u00edstico, como dec\u00eda Enri, en el coraz\u00f3n del Jaaukanig\u00e1s, para explotar racionalmente, con energ\u00eda renovable, con cuidado de nuestra naturaleza y dando las condiciones para generar fuentes de trabajo\u201d.<\/p>\n<p>\u201cHoy estamos en esta instancia gracias a un proceso y una decisi\u00f3n firme del Gobierno Municipal, que junto al \u00c1rea de Proyectos que encabeza la Secretar\u00eda de Obras y Servicios P\u00fablicos, en conjunto con la Subsecretar\u00eda de Producci\u00f3n y el \u00c1rea de Turismo, han elaborado los proyectos con el firme acompa\u00f1amiento del Gobernador Omar Perotti y del Presidente Alberto Fern\u00e1ndez\u201d, se\u00f1al\u00f3 el Lic. Guillermo Romero Mansur, para que \u201choy Reconquista sea la primera licitaci\u00f3n del pa\u00eds que se abre de estos 50 destinos tur\u00edsticos del proyecto del gobierno nacional, as\u00ed que simplemente agradecer el compromiso en nombre de nuestro Intendente a todas las \u00e1reas que intervinieron y redoblar los esfuerzos para que aprovechemos racionalmente esta infraestructura que marca un antes y un despu\u00e9s en el desarrollo de Reconquista y nuestra regi\u00f3n\u201d, finaliz\u00f3.<\/p>\n<p>La Secretaria de Arquitectura y Obras P\u00fablicas de la Provincia, Arq. Leticia Battaglia, por su parte resalt\u00f3 que \u201cabrir la primera obra p\u00fablica de turismo en Reconquista es una satisfacci\u00f3n plena\u201d, con el \u201cobjetivo de brindar infraestructura a las localidades elegidas para potenciar la inversi\u00f3n privada, el turismo receptivo, preservando el ambiente y el paisaje\u201d, con un proyecto integral \u201cque es de la Municipalidad de Reconquista\u201d, para avanzar con el seguimiento de la obra y la posterior segunda etapa.<\/p>\n<p>El Secretario de Turismo de la Provincia de Santa Fe, a su turno, expres\u00f3 que \u201cgenerar obras en infraestructura tur\u00edstica es generar empleo y actividad econ\u00f3mica, as\u00ed entendemos el turismo\u201d, subrayando que \u201cla primera obra de 50 Destinos es Reconquista\u201d, en una \u201creivindicaci\u00f3n hist\u00f3rica que quer\u00edamos hacer, el puntapi\u00e9 inicial para comprender que no es un atractivo de una sola ciudad, necesitamos pensar el Jaaukanig\u00e1s como regi\u00f3n, pensando en un proyecto identitaria que genere arraigo\u201d.<\/p>\n<p>\u201cEl desarrollo de este proyecto pone el \u00e9nfasis en la cultura isle\u00f1a y en el turismo de naturaleza, que es lo que viene en los pr\u00f3ximos 20 a\u00f1os\u201d, agreg\u00f3 el Lic. Alejandro Grandinetti, con el anhelo \u201cde que sea el principio de un camino que sigamos recorriendo juntos\u201d, con \u201cel turismo como una de las herramientas fundamentales del cambio social, de la inclusi\u00f3n y del progreso del norte santafesino\u201d, culmin\u00f3.<\/p>\n<p>Luego del mensaje y saludo de la Ministra de Infraestructura, Servicios P\u00fablicos y H\u00e1bitat, CPN. Silvina Frana, se procedi\u00f3 a la apertura de sobres, con una \u00fanica oferta de la firma COEMYC S.A.<\/p>\n<p><strong>Presentes<\/strong><\/p>\n<p>Participaron del acto el Subsecretario Provincial de Planificaci\u00f3n, Ing. Omar Romero; el Dir. de Despacho de la Cartera de Obras P\u00fablicas de la Provincia, Ariel Dotti; el Dir. del \u00c1rea de Inversiones Tur\u00edsticas, Dr. Luis Francisco Costamagna; ediles del Concejo Municipal de Reconquista; el Secretario de Obras y Servicios P\u00fablicos de la Municipalidad de Reconquista, Arq. Fernando Blanco; la Subsecretaria de Producci\u00f3n, Lic. Samira P\u00e9rez; y el Director de Turismo, Lic. Mat\u00edas Bournissent.<\/p>\n<div style=\"width: 640px;\" class=\"wp-video\"><video class=\"wp-video-shortcode\" id=\"video-2565-1\" width=\"640\" height=\"480\" preload=\"metadata\" controls=\"controls\"><source type=\"video\/mp4\" src=\"https:\/\/fmnativa.com\/portal\/wp-content\/uploads\/2021\/01\/gente-del-agua.mp4?_=1\" \/><a href=\"https:\/\/fmnativa.com\/portal\/wp-content\/uploads\/2021\/01\/gente-del-agua.mp4\">https:\/\/fmnativa.com\/portal\/wp-content\/uploads\/2021\/01\/gente-del-agua.mp4<\/a><\/video><\/div>\n","protected":false},"excerpt":{"rendered":"<p>\ud83d\udcf9 VIDEO DISPONIBLE \ud83d\udcf9.\u00a0 En Casa del Bicentenario, en la ma\u00f1ana del martes 19 de&#8230;<\/p>\n","protected":false},"author":1,"featured_media":2566,"comment_status":"closed","ping_status":"closed","sticky":false,"template":"","format":"standard","meta":{"footnotes":""},"categories":[5],"tags":[927,687,37,45],"class_list":["post-2565","post","type-post","status-publish","format-standard","has-post-thumbnail","hentry","category-locales","tag-gentedeagua","tag-inversion","tag-reconquista","tag-turismo"],"featured_image_urls":{"full":["https:\/\/fmnativa.com\/portal\/wp-content\/uploads\/2021\/01\/1-29.jpeg",1222,904,false],"thumbnail":["https:\/\/fmnativa.com\/portal\/wp-content\/uploads\/2021\/01\/1-29-150x150.jpeg",150,150,true],"medium":["https:\/\/fmnativa.com\/portal\/wp-content\/uploads\/2021\/01\/1-29-300x222.jpeg",300,222,true],"medium_large":["https:\/\/fmnativa.com\/portal\/wp-content\/uploads\/2021\/01\/1-29-768x568.jpeg",640,473,true],"large":["https:\/\/fmnativa.com\/portal\/wp-content\/uploads\/2021\/01\/1-29-1024x758.jpeg",640,474,true],"1536x1536":["https:\/\/fmnativa.com\/portal\/wp-content\/uploads\/2021\/01\/1-29.jpeg",1222,904,false],"2048x2048":["https:\/\/fmnativa.com\/portal\/wp-content\/uploads\/2021\/01\/1-29.jpeg",1222,904,false],"covernews-slider-full":["https:\/\/fmnativa.com\/portal\/wp-content\/uploads\/2021\/01\/1-29.jpeg",967,715,false],"covernews-slider-center":["https:\/\/fmnativa.com\/portal\/wp-content\/uploads\/2021\/01\/1-29.jpeg",676,500,false],"covernews-featured":["https:\/\/fmnativa.com\/portal\/wp-content\/uploads\/2021\/01\/1-29.jpeg",1024,758,false],"covernews-medium":["https:\/\/fmnativa.com\/portal\/wp-content\/uploads\/2021\/01\/1-29.jpeg",460,340,false],"covernews-medium-square":["https:\/\/fmnativa.com\/portal\/wp-content\/uploads\/2021\/01\/1-29.jpeg",338,250,false]},"author_info":{"info":["Fabian"]},"category_info":"<a href=\"https:\/\/fmnativa.com\/portal\/category\/locales\/\" rel=\"category tag\">LOCALES<\/a>","tag_info":"LOCALES","comment_count":"0","_links":{"self":[{"href":"https:\/\/fmnativa.com\/portal\/wp-json\/wp\/v2\/posts\/2565","targetHints":{"allow":["GET"]}}],"collection":[{"href":"https:\/\/fmnativa.com\/portal\/wp-json\/wp\/v2\/posts"}],"about":[{"href":"https:\/\/fmnativa.com\/portal\/wp-json\/wp\/v2\/types\/post"}],"author":[{"embeddable":true,"href":"https:\/\/fmnativa.com\/portal\/wp-json\/wp\/v2\/users\/1"}],"replies":[{"embeddable":true,"href":"https:\/\/fmnativa.com\/portal\/wp-json\/wp\/v2\/comments?post=2565"}],"version-history":[{"count":1,"href":"https:\/\/fmnativa.com\/portal\/wp-json\/wp\/v2\/posts\/2565\/revisions"}],"predecessor-version":[{"id":2568,"href":"https:\/\/fmnativa.com\/portal\/wp-json\/wp\/v2\/posts\/2565\/revisions\/2568"}],"wp:featuredmedia":[{"embeddable":true,"href":"https:\/\/fmnativa.com\/portal\/wp-json\/wp\/v2\/media\/2566"}],"wp:attachment":[{"href":"https:\/\/fmnativa.com\/portal\/wp-json\/wp\/v2\/media?parent=2565"}],"wp:term":[{"taxonomy":"category","embeddable":true,"href":"https:\/\/fmnativa.com\/portal\/wp-json\/wp\/v2\/categories?post=2565"},{"taxonomy":"post_tag","embeddable":true,"href":"https:\/\/fmnativa.com\/portal\/wp-json\/wp\/v2\/tags?post=2565"}],"curies":[{"name":"wp","href":"https:\/\/api.w.org\/{rel}","templated":true}]}}