{"id":2586,"date":"2021-01-20T18:45:28","date_gmt":"2021-01-20T21:45:28","guid":{"rendered":"https:\/\/fmnativa.com\/portal\/?p=2586"},"modified":"2021-01-20T18:48:08","modified_gmt":"2021-01-20T21:48:08","slug":"reconquista-patio-limpio-reforzada-sectores-e-y-f","status":"publish","type":"post","link":"https:\/\/fmnativa.com\/portal\/2021\/01\/20\/reconquista-patio-limpio-reforzada-sectores-e-y-f\/","title":{"rendered":"Reconquista &#8211; PATIO LIMPIO REFORZADO. SECTORES E y F"},"content":{"rendered":"<div id=\"fb-root\"><\/div>\n<p><em><strong>La Municipalidad de Reconquista refuerza el programa Patio Limpio, que propone recolecci\u00f3n de ramas, pastos y cacharros con el objetivo de mantener la limpieza de los hogares.<\/strong><\/em><\/p>\n<p>En ese sentido, se informa que el pr\u00f3ximo <strong>lunes 25 de enero<\/strong> ser\u00e1 el turno de las <strong>Zonas E y F<\/strong>:<em><strong> barrios dentro de los Cuatro Boulevares, La Cortada, Ombusal y Las Ranas.<\/strong><\/em><\/p>\n<p>Los vecinos de dichos sectores podr\u00e1n dejar pasto embolsado, ramas atadas en manojos o cacharros en bolsas \u00fanicamente en el d\u00eda indicado, para que sean recolectados durante la semana.<\/p>\n<p style=\"text-align: center;\"><img fetchpriority=\"high\" decoding=\"async\" class=\"alignnone wp-image-2589 size-large\" src=\"https:\/\/fmnativa.com\/portal\/wp-content\/uploads\/2021\/01\/3-1-1022x1024.jpeg\" alt=\"\" width=\"640\" height=\"641\" srcset=\"https:\/\/fmnativa.com\/portal\/wp-content\/uploads\/2021\/01\/3-1-1022x1024.jpeg 1022w, https:\/\/fmnativa.com\/portal\/wp-content\/uploads\/2021\/01\/3-1-300x300.jpeg 300w, https:\/\/fmnativa.com\/portal\/wp-content\/uploads\/2021\/01\/3-1-150x150.jpeg 150w, https:\/\/fmnativa.com\/portal\/wp-content\/uploads\/2021\/01\/3-1-768x769.jpeg 768w, https:\/\/fmnativa.com\/portal\/wp-content\/uploads\/2021\/01\/3-1-1024x1026.jpeg 1024w, https:\/\/fmnativa.com\/portal\/wp-content\/uploads\/2021\/01\/3-1.jpeg 1278w\" sizes=\"(max-width: 640px) 100vw, 640px\" \/><\/p>\n<p style=\"text-align: center;\"><img decoding=\"async\" class=\"alignnone wp-image-2588 size-large\" src=\"https:\/\/fmnativa.com\/portal\/wp-content\/uploads\/2021\/01\/2-5-1022x1024.jpeg\" alt=\"\" width=\"640\" height=\"641\" srcset=\"https:\/\/fmnativa.com\/portal\/wp-content\/uploads\/2021\/01\/2-5-1022x1024.jpeg 1022w, https:\/\/fmnativa.com\/portal\/wp-content\/uploads\/2021\/01\/2-5-300x300.jpeg 300w, https:\/\/fmnativa.com\/portal\/wp-content\/uploads\/2021\/01\/2-5-150x150.jpeg 150w, https:\/\/fmnativa.com\/portal\/wp-content\/uploads\/2021\/01\/2-5-768x769.jpeg 768w, https:\/\/fmnativa.com\/portal\/wp-content\/uploads\/2021\/01\/2-5-1024x1026.jpeg 1024w, https:\/\/fmnativa.com\/portal\/wp-content\/uploads\/2021\/01\/2-5.jpeg 1278w\" sizes=\"(max-width: 640px) 100vw, 640px\" \/><\/p>\n<p>&nbsp;<\/p>\n","protected":false},"excerpt":{"rendered":"<p>La Municipalidad de Reconquista refuerza el programa Patio Limpio, que propone recolecci\u00f3n de ramas, pastos&#8230;<\/p>\n","protected":false},"author":1,"featured_media":2587,"comment_status":"closed","ping_status":"closed","sticky":false,"template":"","format":"standard","meta":{"footnotes":""},"categories":[5],"tags":[656,672,934,935],"class_list":["post-2586","post","type-post","status-publish","format-standard","has-post-thumbnail","hentry","category-locales","tag-municipalidaddereconquista","tag-patiolimpio","tag-zonae","tag-zonaf"],"featured_image_urls":{"full":["https:\/\/fmnativa.com\/portal\/wp-content\/uploads\/2021\/01\/1-30.jpeg",1278,1235,false],"thumbnail":["https:\/\/fmnativa.com\/portal\/wp-content\/uploads\/2021\/01\/1-30-150x150.jpeg",150,150,true],"medium":["https:\/\/fmnativa.com\/portal\/wp-content\/uploads\/2021\/01\/1-30-300x290.jpeg",300,290,true],"medium_large":["https:\/\/fmnativa.com\/portal\/wp-content\/uploads\/2021\/01\/1-30-768x742.jpeg",640,618,true],"large":["https:\/\/fmnativa.com\/portal\/wp-content\/uploads\/2021\/01\/1-30-1024x990.jpeg",640,619,true],"1536x1536":["https:\/\/fmnativa.com\/portal\/wp-content\/uploads\/2021\/01\/1-30.jpeg",1278,1235,false],"2048x2048":["https:\/\/fmnativa.com\/portal\/wp-content\/uploads\/2021\/01\/1-30.jpeg",1278,1235,false],"covernews-slider-full":["https:\/\/fmnativa.com\/portal\/wp-content\/uploads\/2021\/01\/1-30.jpeg",740,715,false],"covernews-slider-center":["https:\/\/fmnativa.com\/portal\/wp-content\/uploads\/2021\/01\/1-30.jpeg",517,500,false],"covernews-featured":["https:\/\/fmnativa.com\/portal\/wp-content\/uploads\/2021\/01\/1-30.jpeg",1024,990,false],"covernews-medium":["https:\/\/fmnativa.com\/portal\/wp-content\/uploads\/2021\/01\/1-30.jpeg",352,340,false],"covernews-medium-square":["https:\/\/fmnativa.com\/portal\/wp-content\/uploads\/2021\/01\/1-30.jpeg",259,250,false]},"author_info":{"info":["Fabian"]},"category_info":"<a href=\"https:\/\/fmnativa.com\/portal\/category\/locales\/\" rel=\"category tag\">LOCALES<\/a>","tag_info":"LOCALES","comment_count":"0","_links":{"self":[{"href":"https:\/\/fmnativa.com\/portal\/wp-json\/wp\/v2\/posts\/2586","targetHints":{"allow":["GET"]}}],"collection":[{"href":"https:\/\/fmnativa.com\/portal\/wp-json\/wp\/v2\/posts"}],"about":[{"href":"https:\/\/fmnativa.com\/portal\/wp-json\/wp\/v2\/types\/post"}],"author":[{"embeddable":true,"href":"https:\/\/fmnativa.com\/portal\/wp-json\/wp\/v2\/users\/1"}],"replies":[{"embeddable":true,"href":"https:\/\/fmnativa.com\/portal\/wp-json\/wp\/v2\/comments?post=2586"}],"version-history":[{"count":2,"href":"https:\/\/fmnativa.com\/portal\/wp-json\/wp\/v2\/posts\/2586\/revisions"}],"predecessor-version":[{"id":2591,"href":"https:\/\/fmnativa.com\/portal\/wp-json\/wp\/v2\/posts\/2586\/revisions\/2591"}],"wp:featuredmedia":[{"embeddable":true,"href":"https:\/\/fmnativa.com\/portal\/wp-json\/wp\/v2\/media\/2587"}],"wp:attachment":[{"href":"https:\/\/fmnativa.com\/portal\/wp-json\/wp\/v2\/media?parent=2586"}],"wp:term":[{"taxonomy":"category","embeddable":true,"href":"https:\/\/fmnativa.com\/portal\/wp-json\/wp\/v2\/categories?post=2586"},{"taxonomy":"post_tag","embeddable":true,"href":"https:\/\/fmnativa.com\/portal\/wp-json\/wp\/v2\/tags?post=2586"}],"curies":[{"name":"wp","href":"https:\/\/api.w.org\/{rel}","templated":true}]}}