{"id":2604,"date":"2021-01-20T19:12:15","date_gmt":"2021-01-20T22:12:15","guid":{"rendered":"https:\/\/fmnativa.com\/portal\/?p=2604"},"modified":"2021-01-20T19:12:15","modified_gmt":"2021-01-20T22:12:15","slug":"se-incorporaron-273-nuevos-policias-a-la-provincia-de-santa-fe","status":"publish","type":"post","link":"https:\/\/fmnativa.com\/portal\/2021\/01\/20\/se-incorporaron-273-nuevos-policias-a-la-provincia-de-santa-fe\/","title":{"rendered":"SE INCORPORARON 273 NUEVOS POLIC\u00cdAS A LA PROVINCIA DE SANTA FE"},"content":{"rendered":"<div id=\"fb-root\"><\/div>\n<p><strong>Se desempe\u00f1ar\u00e1n en las distintas Unidades Regionales y Direcciones del territorio provincial. En una segunda etapa se sumar\u00e1n otros 400 efectivos.<\/strong><span id=\"more-771189\"><\/span><\/p>\n<p>Este mi\u00e9rcoles, el gobierno provincial, a trav\u00e9s del Ministerio de Seguridad, incorpor\u00f3 273 nuevos polic\u00edas que ser\u00e1n distribuidos en las distintas Unidades Regionales y Direcciones Provinciales de Santa Fe.<\/p>\n<p>Luego de dos a\u00f1os de formaci\u00f3n continua, los nuevos miembros de la fuerza provincial comenzar\u00e1n a prestar servicio inmediatamente. La carrera policial consta de 2 a\u00f1os de cursado intensivo en las instalaciones del ISeP y otros 2 a\u00f1os de capacitaci\u00f3n mientras trabajan en el destino asignado. En una segunda etapa, durante los pr\u00f3ximos meses, se sumar\u00e1n otros 400 efectivos policiales a las fuerzas de seguridad provinciales.<\/p>\n<p>Al respecto, la jefa de Polic\u00eda de Santa Fe, Emilce Chimenti indico que \u201cestos efectivos policiales se integran a la Polic\u00eda de Santa Fe en un a\u00f1o muy complejo por la pandemia, pero permitir\u00e1n mejorar las tareas de prevenci\u00f3n en las calles del territorio provincial\u201d.<\/p>\n<p>Asimismo, \u201cqueremos destacar que los nuevos efectivos deben saber que la formaci\u00f3n y capacitaci\u00f3n es constante durante toda la carrera policial y deben poner su mejor esfuerzo en ello\u201d, expreso Chimenti.<\/p>\n<p>Por otro lado, sigue en curso el proceso de selecci\u00f3n de nuevos aspirantes a la Polic\u00eda de Santa Fe. El a\u00f1o pasado ingresaron 800 aspirantes y se estima que para el a\u00f1o 2021 ingresen unos 1600.<\/p>\n<p><strong>El ISeP<\/strong><br \/>\nEl Instituto de Seguridad P\u00fablica (ISeP) es una herramienta esencial para seleccionar y formar a los aspirantes a ingresar a la Polic\u00eda de la provincia, y para capacitar y actualizar al personal policial que integra la fuerza.<\/p>\n<p>Cuenta con dos delegaciones, Centro-Norte y Sur, con sede en Santa Fe y Rosario respectivamente, y pr\u00f3ximamente se inaugurar\u00e1 una tercera en la localidad de Murphy con una capacidad para 200 alumnos. El funcionamiento de una instituci\u00f3n de este tipo en el sur-sur provincial permitir\u00e1 generar recursos humanos con vinculo de arraigo en la regi\u00f3n, mejorando las condiciones laborales de los efectivos policiales que hoy en d\u00eda son provenientes, en su mayor\u00eda, del norte provincial.<\/p>\n<p>Se trabaja con dos grandes l\u00edneas de acci\u00f3n: los concursos de Ascensos Policiales y las diversas convocatorias de ingreso de personal para distintas \u00e1reas de la cartera de Seguridad.<\/p>\n<p>All\u00ed se dicta la carrera de Auxiliar en Seguridad, de dos a\u00f1os de duraci\u00f3n; y la Tecnicatura Superior en Seguridad P\u00fablica y Ciudadana.<\/p>\n<p>El cursado y posterior aprobaci\u00f3n de la carrera de Auxiliar en Seguridad resultan necesarios para la adquisici\u00f3n del estado policial efectivo. Durante esta etapa de formaci\u00f3n, se desarrollan y perfeccionan aspectos b\u00e1sicos de la personalidad profesional que requiere un agente policial en sus condiciones \u00e9tica, intelectual, social y f\u00edsica.<\/p>\n","protected":false},"excerpt":{"rendered":"<p>Se desempe\u00f1ar\u00e1n en las distintas Unidades Regionales y Direcciones del territorio provincial. En una segunda&#8230;<\/p>\n","protected":false},"author":1,"featured_media":2605,"comment_status":"closed","ping_status":"closed","sticky":false,"template":"","format":"standard","meta":{"footnotes":""},"categories":[7],"tags":[942,643,35],"class_list":["post-2604","post","type-post","status-publish","format-standard","has-post-thumbnail","hentry","category-provinciales","tag-policias","tag-provinciadesantafe","tag-seguridad"],"featured_image_urls":{"full":["https:\/\/fmnativa.com\/portal\/wp-content\/uploads\/2021\/01\/0-23.jpg",1024,768,false],"thumbnail":["https:\/\/fmnativa.com\/portal\/wp-content\/uploads\/2021\/01\/0-23-150x150.jpg",150,150,true],"medium":["https:\/\/fmnativa.com\/portal\/wp-content\/uploads\/2021\/01\/0-23-300x225.jpg",300,225,true],"medium_large":["https:\/\/fmnativa.com\/portal\/wp-content\/uploads\/2021\/01\/0-23-768x576.jpg",640,480,true],"large":["https:\/\/fmnativa.com\/portal\/wp-content\/uploads\/2021\/01\/0-23.jpg",640,480,false],"1536x1536":["https:\/\/fmnativa.com\/portal\/wp-content\/uploads\/2021\/01\/0-23.jpg",1024,768,false],"2048x2048":["https:\/\/fmnativa.com\/portal\/wp-content\/uploads\/2021\/01\/0-23.jpg",1024,768,false],"covernews-slider-full":["https:\/\/fmnativa.com\/portal\/wp-content\/uploads\/2021\/01\/0-23.jpg",953,715,false],"covernews-slider-center":["https:\/\/fmnativa.com\/portal\/wp-content\/uploads\/2021\/01\/0-23.jpg",667,500,false],"covernews-featured":["https:\/\/fmnativa.com\/portal\/wp-content\/uploads\/2021\/01\/0-23.jpg",1024,768,false],"covernews-medium":["https:\/\/fmnativa.com\/portal\/wp-content\/uploads\/2021\/01\/0-23.jpg",453,340,false],"covernews-medium-square":["https:\/\/fmnativa.com\/portal\/wp-content\/uploads\/2021\/01\/0-23.jpg",333,250,false]},"author_info":{"info":["Fabian"]},"category_info":"<a href=\"https:\/\/fmnativa.com\/portal\/category\/provinciales\/\" rel=\"category tag\">PROVINCIALES<\/a>","tag_info":"PROVINCIALES","comment_count":"0","_links":{"self":[{"href":"https:\/\/fmnativa.com\/portal\/wp-json\/wp\/v2\/posts\/2604","targetHints":{"allow":["GET"]}}],"collection":[{"href":"https:\/\/fmnativa.com\/portal\/wp-json\/wp\/v2\/posts"}],"about":[{"href":"https:\/\/fmnativa.com\/portal\/wp-json\/wp\/v2\/types\/post"}],"author":[{"embeddable":true,"href":"https:\/\/fmnativa.com\/portal\/wp-json\/wp\/v2\/users\/1"}],"replies":[{"embeddable":true,"href":"https:\/\/fmnativa.com\/portal\/wp-json\/wp\/v2\/comments?post=2604"}],"version-history":[{"count":1,"href":"https:\/\/fmnativa.com\/portal\/wp-json\/wp\/v2\/posts\/2604\/revisions"}],"predecessor-version":[{"id":2606,"href":"https:\/\/fmnativa.com\/portal\/wp-json\/wp\/v2\/posts\/2604\/revisions\/2606"}],"wp:featuredmedia":[{"embeddable":true,"href":"https:\/\/fmnativa.com\/portal\/wp-json\/wp\/v2\/media\/2605"}],"wp:attachment":[{"href":"https:\/\/fmnativa.com\/portal\/wp-json\/wp\/v2\/media?parent=2604"}],"wp:term":[{"taxonomy":"category","embeddable":true,"href":"https:\/\/fmnativa.com\/portal\/wp-json\/wp\/v2\/categories?post=2604"},{"taxonomy":"post_tag","embeddable":true,"href":"https:\/\/fmnativa.com\/portal\/wp-json\/wp\/v2\/tags?post=2604"}],"curies":[{"name":"wp","href":"https:\/\/api.w.org\/{rel}","templated":true}]}}