{"id":2637,"date":"2021-01-21T12:58:05","date_gmt":"2021-01-21T15:58:05","guid":{"rendered":"https:\/\/fmnativa.com\/portal\/?p=2637"},"modified":"2021-01-21T12:58:05","modified_gmt":"2021-01-21T15:58:05","slug":"la-provincia-planifica-la-vacunacion-a-docentes","status":"publish","type":"post","link":"https:\/\/fmnativa.com\/portal\/2021\/01\/21\/la-provincia-planifica-la-vacunacion-a-docentes\/","title":{"rendered":"LA PROVINCIA PLANIFICA LA VACUNACION A DOCENTES"},"content":{"rendered":"<div id=\"fb-root\"><\/div>\n<p><em><strong>La provincia avanza en la definici\u00f3n de la vacunaci\u00f3n contra el Covid 19 del personal educativo<\/strong><\/em><\/p>\n<p>La ministra Cantero participar\u00e1 este viernes de la reuni\u00f3n del Consejo Federal de Educaci\u00f3n que encabezar\u00e1 el ministro nacional Nicol\u00e1s Trotta. Mientras tanto avanza en la planificaci\u00f3n de las acciones en Santa Fe.<\/p>\n<p>La ministra de Educaci\u00f3n, Adriana Cantero, junto a sus pares de todo el pa\u00eds, participar\u00e1n este viernes de la primera reuni\u00f3n del Consejo Federal de Educaci\u00f3n de 2021 con el titular de la cartera educativa nacional, Nicol\u00e1s Trotta.<br \/>\nUno de los temas sustantivos ser\u00e1 sin duda, la vacunaci\u00f3n del personal educativo contra el Covid 19. No obstante, las carteras de Educaci\u00f3n y de Salud de nuestra provincia avanzan en la planificaci\u00f3n del operativo que se dar\u00e1 apenas arriben las dosis para el sector.<\/p>\n<p>En ese marco, Cantero asegur\u00f3 que en Santa Fe, \u201chace un mes venimos trabajando con el Ministerio de Salud identificando los centros de vacunaci\u00f3n que deber\u00edamos habilitar en todo el territorio provincial, haciendo el mapeo, el trabajo geogr\u00e1fico, calculando los movimientos de la poblaci\u00f3n para tener la planificaci\u00f3n lista de modo que ni bien lleguen las vacunas destinadas al sector educativo, podamos empezar con inmediatez la campa\u00f1a masiva\u201d.<\/p>\n<p>Asimismo, la ministra sostuvo que seg\u00fan las previsiones \u201cel 15 de marzo estar\u00edamos iniciando actividades escolares con todos los protocolos y al mismo tiempo vacunando a los adultos que est\u00e1n a cargo de las escuelas\u201d teniendo en cuenta que en la provincia \u201cson m\u00e1s de 85 mil agentes\u201d entre docentes y asistentes escolares, por lo cual, asegur\u00f3 que \u201cla campa\u00f1a va a llevar unos d\u00edas tambi\u00e9n para cumplimentarse\u201d. Y remarc\u00f3 que \u201ceste a\u00f1o en nuestra l\u00ednea de Escuelas Seguras agregamos el trabajo en esta vacunaci\u00f3n masiva a las inversiones destinadas a la adecuaci\u00f3n sanitaria de los edificios escolares, la preparaci\u00f3n de alternativas de cursado con protocolos, la provisi\u00f3n de insumos para esos cuidados y la insistencia en que todos los ni\u00f1os y las ni\u00f1as tengan su plan de vacunaci\u00f3n completos\u201d.<\/p>\n<p><strong>REUNI\u00d3N DEL CONSEJO FEDERAL<\/strong><\/p>\n<p>Cantero adelant\u00f3 que en el encuentro de este viernes se abordar\u00e1 \u201centre todos los criterios federales para las alternativas de presencialidad en las escuelas, la campa\u00f1a de vacunaci\u00f3n y la semana de formaci\u00f3n federal. Participar de ese espacio de trabajo colectivo, con debates y consensos que articulan el sistema educativo, es de suma importancia\u201d. Al mismo tiempo observ\u00f3 que \u201cSanta Fe es grande, es heterog\u00e9nea, tiene un territorio muy diverso y exige una planificaci\u00f3n situada\u201d.<\/p>\n<p>M\u00e1s adelante Cantero se refiri\u00f3 a la advertencia de m\u00e9dicos en torno a que las clases presenciales podr\u00edan favorecer los contagios. \u201cLa provincia est\u00e1 trabajando un formato posible con aplicaci\u00f3n de protocolos\u201d y siempre hemos sido respetuosos de las indicaciones de nuestras autoridades sanitarias y lo seguiremos haciendo con esa orientaci\u00f3n. No obstante en nuestra experiencia del a\u00f1o pasado, las escuelas con alto cumplimiento de los protocolos, con jornadas escolares adaptadas, han demostrado ser espacios m\u00e1s seguros que otros\u201d.<\/p>\n<p>En ese plano, Cantero expres\u00f3 que de acuerdo a la experiencia en los m\u00e1s de 150 establecimientos educativos del centro norte que a fin de 2020 reiniciaron clases presenciales se comprob\u00f3 que \u201cel formato es posible y que los chicos habitaron la escuela con estos protocolos sin dificultad\u201d.<\/p>\n<p><strong>M\u00c1S DE 300 MILLONES DE PESOS DE INVERSI\u00d3N<\/strong><\/p>\n<p>En \u00faltimo orden, la ministra se refiri\u00f3 al \u00e1mbito paritario docente, a partir de lo cual sostuvo que \u201cel di\u00e1logo ha sido nuestra herramienta de trabajo\u201d con los gremios docentes y adelant\u00f3 que \u201cestamos esperando el 5 febrero para el primer encuentro paritario de este a\u00f1o\u201d.<\/p>\n<p>Respecto de la infraestructura escolar destac\u00f3 que \u201cse viene haciendo un trabajo que hac\u00eda much\u00edsimos a\u00f1os no se hac\u00eda: relevar todas las necesidades, planificar la inversi\u00f3n de los recursos nacionales, provinciales y municipales\u201d.<\/p>\n<p>La titular de la cartera educativa Santafesina mencion\u00f3 que el a\u00f1o pasado se invirti\u00f3 \u201csiempre desde el punto de vista de recuperar los establecimientos educativos con una mirada sanitaria\u201d y destac\u00f3 que \u201cen estos d\u00edas se est\u00e1 a punto de distribuir nuevamente una inversi\u00f3n de m\u00e1s de 300 millones de pesos para seguir en ese camino y seremos muy exigentes con la aplicaci\u00f3n de la Ley de Financiamiento Educativo que llega a todos los municipios y comunas porque esos fondos deben invertirse en las escuelas para cumplir las metas que esa normativa nacional propone en la b\u00fasqueda de las metas educativas que incluye el compromiso asegurar escolaridad plena en los tramos obligatorios\u201d.<\/p>\n<p>Por \u00faltimo, la ministra sostuvo que la provincia \u201cviene trabajando insistentemente por el derecho de la educaci\u00f3n de los chicos\u201d y abog\u00f3 por un \u201ctrabajo conjunto para que todos los alumnos y los maestros recuperen un espacio en la escuela para poder trabajar\u201d en el marco de la pandemia.<\/p>\n","protected":false},"excerpt":{"rendered":"<p>La provincia avanza en la definici\u00f3n de la vacunaci\u00f3n contra el Covid 19 del personal&#8230;<\/p>\n","protected":false},"author":1,"featured_media":2638,"comment_status":"closed","ping_status":"closed","sticky":false,"template":"","format":"standard","meta":{"footnotes":""},"categories":[7],"tags":[203,643,83,84],"class_list":["post-2637","post","type-post","status-publish","format-standard","has-post-thumbnail","hentry","category-provinciales","tag-docentes","tag-provinciadesantafe","tag-vacuna","tag-vacunacion"],"featured_image_urls":{"full":["https:\/\/fmnativa.com\/portal\/wp-content\/uploads\/2021\/01\/0002-15820971670_20210121_125723_0000.jpg",670,480,false],"thumbnail":["https:\/\/fmnativa.com\/portal\/wp-content\/uploads\/2021\/01\/0002-15820971670_20210121_125723_0000-150x150.jpg",150,150,true],"medium":["https:\/\/fmnativa.com\/portal\/wp-content\/uploads\/2021\/01\/0002-15820971670_20210121_125723_0000-300x215.jpg",300,215,true],"medium_large":["https:\/\/fmnativa.com\/portal\/wp-content\/uploads\/2021\/01\/0002-15820971670_20210121_125723_0000.jpg",640,459,false],"large":["https:\/\/fmnativa.com\/portal\/wp-content\/uploads\/2021\/01\/0002-15820971670_20210121_125723_0000.jpg",640,459,false],"1536x1536":["https:\/\/fmnativa.com\/portal\/wp-content\/uploads\/2021\/01\/0002-15820971670_20210121_125723_0000.jpg",670,480,false],"2048x2048":["https:\/\/fmnativa.com\/portal\/wp-content\/uploads\/2021\/01\/0002-15820971670_20210121_125723_0000.jpg",670,480,false],"covernews-slider-full":["https:\/\/fmnativa.com\/portal\/wp-content\/uploads\/2021\/01\/0002-15820971670_20210121_125723_0000.jpg",670,480,false],"covernews-slider-center":["https:\/\/fmnativa.com\/portal\/wp-content\/uploads\/2021\/01\/0002-15820971670_20210121_125723_0000.jpg",670,480,false],"covernews-featured":["https:\/\/fmnativa.com\/portal\/wp-content\/uploads\/2021\/01\/0002-15820971670_20210121_125723_0000.jpg",670,480,false],"covernews-medium":["https:\/\/fmnativa.com\/portal\/wp-content\/uploads\/2021\/01\/0002-15820971670_20210121_125723_0000.jpg",475,340,false],"covernews-medium-square":["https:\/\/fmnativa.com\/portal\/wp-content\/uploads\/2021\/01\/0002-15820971670_20210121_125723_0000.jpg",349,250,false]},"author_info":{"info":["Fabian"]},"category_info":"<a href=\"https:\/\/fmnativa.com\/portal\/category\/provinciales\/\" rel=\"category tag\">PROVINCIALES<\/a>","tag_info":"PROVINCIALES","comment_count":"0","_links":{"self":[{"href":"https:\/\/fmnativa.com\/portal\/wp-json\/wp\/v2\/posts\/2637","targetHints":{"allow":["GET"]}}],"collection":[{"href":"https:\/\/fmnativa.com\/portal\/wp-json\/wp\/v2\/posts"}],"about":[{"href":"https:\/\/fmnativa.com\/portal\/wp-json\/wp\/v2\/types\/post"}],"author":[{"embeddable":true,"href":"https:\/\/fmnativa.com\/portal\/wp-json\/wp\/v2\/users\/1"}],"replies":[{"embeddable":true,"href":"https:\/\/fmnativa.com\/portal\/wp-json\/wp\/v2\/comments?post=2637"}],"version-history":[{"count":1,"href":"https:\/\/fmnativa.com\/portal\/wp-json\/wp\/v2\/posts\/2637\/revisions"}],"predecessor-version":[{"id":2639,"href":"https:\/\/fmnativa.com\/portal\/wp-json\/wp\/v2\/posts\/2637\/revisions\/2639"}],"wp:featuredmedia":[{"embeddable":true,"href":"https:\/\/fmnativa.com\/portal\/wp-json\/wp\/v2\/media\/2638"}],"wp:attachment":[{"href":"https:\/\/fmnativa.com\/portal\/wp-json\/wp\/v2\/media?parent=2637"}],"wp:term":[{"taxonomy":"category","embeddable":true,"href":"https:\/\/fmnativa.com\/portal\/wp-json\/wp\/v2\/categories?post=2637"},{"taxonomy":"post_tag","embeddable":true,"href":"https:\/\/fmnativa.com\/portal\/wp-json\/wp\/v2\/tags?post=2637"}],"curies":[{"name":"wp","href":"https:\/\/api.w.org\/{rel}","templated":true}]}}