{"id":2649,"date":"2021-01-22T23:29:02","date_gmt":"2021-01-23T02:29:02","guid":{"rendered":"https:\/\/fmnativa.com\/portal\/?p=2649"},"modified":"2021-01-22T23:35:38","modified_gmt":"2021-01-23T02:35:38","slug":"reconquista-vallejos-volvio-al-ruedo","status":"publish","type":"post","link":"https:\/\/fmnativa.com\/portal\/2021\/01\/22\/reconquista-vallejos-volvio-al-ruedo\/","title":{"rendered":"Reconquista &#8211; VALLEJOS VOLVI\u00d3 AL RUEDO"},"content":{"rendered":"<div id=\"fb-root\"><\/div>\n<p><em><strong><span style=\"color: #ff0000;\">\ud83d\udcf9 Video Disponible<\/span> \ud83d\udcf9 El Dr. Amadeo Enrique Vallejos retom\u00f3, en la ma\u00f1ana del viernes 22 de enero, sus funciones de gobierno al frente de la Intendencia de la Municipalidad de Reconquista.<\/strong><\/em><\/p>\n<p>Posteriormente, en Casa del Bicentenario, brind\u00f3 una conferencia de prensa para \u201chacerles llegar mi agradecimiento a todos y cada uno de los ciudadanos de Reconquista\u201d, por la \u201cinmensa muestra de afecto que recibi\u00f3 mi familia y que recib\u00ed personalmente\u201d. En ese sentido, agreg\u00f3 que \u201ca pesar de que este virus afect\u00f3 a toda mi familia, y especialmente con mucha sa\u00f1a a mi esposa, siempre sentimos el apoyo de la gente\u201d, recibiendo \u201cmiles de mensajes, cadenas de oraci\u00f3n y una marea de afectos que me permitieron sentir esa compa\u00f1\u00eda y me dieron fuerzas para afrontar ese momento dif\u00edcil que est\u00e1bamos viviendo\u201d.<\/p>\n<p>\u201cHaber pasado por esto, al igual que a todos los que les toco padecer esta enfermedad, nos hace sentir la imperiosa necesidad de transmitir el cuidado\u201d a familias, amigos y toda la sociedad, manifest\u00f3 el Intendente Municipal, \u201choy tenemos el deber de cuidar al que tenemos al lado y la forma para hacerlo es siguiendo las medidas de cuidado y de prevenci\u00f3n\u201d, remarc\u00f3.<\/p>\n<p>En ese marco, el Dr. Amadeo Enrique Vallejos expres\u00f3 su deseo de que en nuestra ciudad \u201ctengamos una vida lo m\u00e1s normal posible\u201d, pero que \u201csolo vamos a poder seguir haci\u00e9ndolo si cumplimos con los cuidados y con las restricciones, que les aseguro no nos gustan ni las inventamos en Reconquista, son modelos impuestos desde el Gobierno Nacional que llegan a nuestra Provincia y son, adem\u00e1s, las que se aplican en el mundo entero\u201d, resalt\u00f3.<\/p>\n<p>\u201cEstas medidas y normativas solamente son verdaderas armas contra este virus si las cumplimos\u201d, por lo que reiter\u00f3 su pedido de ser \u201clos responsables del bienestar de quienes queremos y no los responsables de padecer esta enfermedad\u201d, lo que implica \u201cque cada uno de nosotros nos ajustemos a las normas y los cuidados que nos indican\u201d.<\/p>\n<p>\u201cQuiero que sepan que de mi parte voy a seguir trabajando sin descanso en el cuidado de cada uno de los ciudadanos\u201d, destac\u00f3 el Intendente Municipal, quien valor\u00f3 el trabajo con todos los equipos de salud, p\u00fablicos y privados, para prevenir y atender la pandemia, en la que \u201casumimos el desaf\u00edo de dar respuesta a toda la regi\u00f3n, con cinco Departamentos del Norte de la Provincia que derivaron al Hospital de Reconquista\u201d, lo que implic\u00f3 disponer de \u201ctoda nuestra infraestructura, todo el recurso humano disponible y les aseguro que llegamos al l\u00edmite de nuestro esfuerzo para poder dar respuesta\u201d.<\/p>\n<p>El Dr. Amadeo Enrique Vallejos declar\u00f3 que \u201ctodo el cari\u00f1o que recibimos con mi familia no solo nos ayud\u00f3 en ese momento dif\u00edcil\u201d, sino que \u201ctambi\u00e9n es en parte del combustible necesario que me alienta a decirles que este a\u00f1o vamos a estar de nuevo al frente de esta batalla y vamos a redoblar los esfuerzos\u201d, para lo que \u201cnecesitamos a todos, a cada padre, a cada a madre, a cada joven luchando para defender nuestra salud, nuestro trabajo y nuestras libertades, ser libre es poder elegir cuidar al otro\u201d.<\/p>\n<p>\u201cEspero con todo mi coraz\u00f3n que estemos todos juntos para as\u00ed superar este desaf\u00edo, pido a Dios, especialmente, que nos siga bendiciendo, que siga protegi\u00e9ndonos y que nos siga sosteniendo en cada momento dif\u00edcil que nos toca pasar\u201d, finaliz\u00f3.<\/p>\n<figure class=\"wp-block-embed wp-block-embed-youtube is-type-video is-provider-youtube epyt-figure\"><div class=\"wp-block-embed__wrapper\"><iframe  id=\"_ytid_85845\"  width=\"640\" height=\"360\"  data-origwidth=\"640\" data-origheight=\"360\" src=\"https:\/\/www.youtube.com\/embed\/A5YYR4ZcSR4?enablejsapi=1&autoplay=0&cc_load_policy=0&cc_lang_pref=&iv_load_policy=1&loop=0&rel=1&fs=1&playsinline=0&autohide=2&theme=dark&color=red&controls=1&\" class=\"__youtube_prefs__  no-lazyload\" title=\"YouTube player\"  allow=\"fullscreen; accelerometer; autoplay; clipboard-write; encrypted-media; gyroscope; picture-in-picture\" allowfullscreen data-no-lazy=\"1\" data-skipgform_ajax_framebjll=\"\"><\/iframe><\/div><\/figure>\n","protected":false},"excerpt":{"rendered":"<p>\ud83d\udcf9 Video Disponible \ud83d\udcf9 El Dr. Amadeo Enrique Vallejos retom\u00f3, en la ma\u00f1ana del viernes&#8230;<\/p>\n","protected":false},"author":1,"featured_media":2652,"comment_status":"closed","ping_status":"closed","sticky":false,"template":"","format":"standard","meta":{"footnotes":""},"categories":[5],"tags":[960,959,656,37],"class_list":["post-2649","post","type-post","status-publish","format-standard","has-post-thumbnail","hentry","category-locales","tag-amadeoenriquevallejos","tag-intendentevallejos","tag-municipalidaddereconquista","tag-reconquista"],"featured_image_urls":{"full":["https:\/\/fmnativa.com\/portal\/wp-content\/uploads\/2021\/01\/670-x-480-para-notis-11.jpg",670,480,false],"thumbnail":["https:\/\/fmnativa.com\/portal\/wp-content\/uploads\/2021\/01\/670-x-480-para-notis-11-150x150.jpg",150,150,true],"medium":["https:\/\/fmnativa.com\/portal\/wp-content\/uploads\/2021\/01\/670-x-480-para-notis-11-300x215.jpg",300,215,true],"medium_large":["https:\/\/fmnativa.com\/portal\/wp-content\/uploads\/2021\/01\/670-x-480-para-notis-11.jpg",640,459,false],"large":["https:\/\/fmnativa.com\/portal\/wp-content\/uploads\/2021\/01\/670-x-480-para-notis-11.jpg",640,459,false],"1536x1536":["https:\/\/fmnativa.com\/portal\/wp-content\/uploads\/2021\/01\/670-x-480-para-notis-11.jpg",670,480,false],"2048x2048":["https:\/\/fmnativa.com\/portal\/wp-content\/uploads\/2021\/01\/670-x-480-para-notis-11.jpg",670,480,false],"covernews-slider-full":["https:\/\/fmnativa.com\/portal\/wp-content\/uploads\/2021\/01\/670-x-480-para-notis-11.jpg",670,480,false],"covernews-slider-center":["https:\/\/fmnativa.com\/portal\/wp-content\/uploads\/2021\/01\/670-x-480-para-notis-11.jpg",670,480,false],"covernews-featured":["https:\/\/fmnativa.com\/portal\/wp-content\/uploads\/2021\/01\/670-x-480-para-notis-11.jpg",670,480,false],"covernews-medium":["https:\/\/fmnativa.com\/portal\/wp-content\/uploads\/2021\/01\/670-x-480-para-notis-11.jpg",475,340,false],"covernews-medium-square":["https:\/\/fmnativa.com\/portal\/wp-content\/uploads\/2021\/01\/670-x-480-para-notis-11.jpg",349,250,false]},"author_info":{"info":["Fabian"]},"category_info":"<a href=\"https:\/\/fmnativa.com\/portal\/category\/locales\/\" rel=\"category tag\">LOCALES<\/a>","tag_info":"LOCALES","comment_count":"0","_links":{"self":[{"href":"https:\/\/fmnativa.com\/portal\/wp-json\/wp\/v2\/posts\/2649","targetHints":{"allow":["GET"]}}],"collection":[{"href":"https:\/\/fmnativa.com\/portal\/wp-json\/wp\/v2\/posts"}],"about":[{"href":"https:\/\/fmnativa.com\/portal\/wp-json\/wp\/v2\/types\/post"}],"author":[{"embeddable":true,"href":"https:\/\/fmnativa.com\/portal\/wp-json\/wp\/v2\/users\/1"}],"replies":[{"embeddable":true,"href":"https:\/\/fmnativa.com\/portal\/wp-json\/wp\/v2\/comments?post=2649"}],"version-history":[{"count":3,"href":"https:\/\/fmnativa.com\/portal\/wp-json\/wp\/v2\/posts\/2649\/revisions"}],"predecessor-version":[{"id":2653,"href":"https:\/\/fmnativa.com\/portal\/wp-json\/wp\/v2\/posts\/2649\/revisions\/2653"}],"wp:featuredmedia":[{"embeddable":true,"href":"https:\/\/fmnativa.com\/portal\/wp-json\/wp\/v2\/media\/2652"}],"wp:attachment":[{"href":"https:\/\/fmnativa.com\/portal\/wp-json\/wp\/v2\/media?parent=2649"}],"wp:term":[{"taxonomy":"category","embeddable":true,"href":"https:\/\/fmnativa.com\/portal\/wp-json\/wp\/v2\/categories?post=2649"},{"taxonomy":"post_tag","embeddable":true,"href":"https:\/\/fmnativa.com\/portal\/wp-json\/wp\/v2\/tags?post=2649"}],"curies":[{"name":"wp","href":"https:\/\/api.w.org\/{rel}","templated":true}]}}