{"id":2739,"date":"2021-02-01T22:42:10","date_gmt":"2021-02-02T01:42:10","guid":{"rendered":"https:\/\/fmnativa.com\/portal\/?p=2739"},"modified":"2021-02-01T22:42:10","modified_gmt":"2021-02-02T01:42:10","slug":"vuelta-a-clases-perotti-el-retorno-a-la-presencialidad-es-una-decision-tomada","status":"publish","type":"post","link":"https:\/\/fmnativa.com\/portal\/2021\/02\/01\/vuelta-a-clases-perotti-el-retorno-a-la-presencialidad-es-una-decision-tomada\/","title":{"rendered":"Vuelta a Clases &#8211; PEROTTI: \u00abEL RETORNO A LA PRESENCIALIDAD ES UNA DECISION TOMADA\u00bb"},"content":{"rendered":"<div id=\"fb-root\"><\/div>\n<p><span style=\"color: #ff9900;\"><em><strong>El gobernador de Santa Fe recibi\u00f3 al ministro de Educaci\u00f3n de la Naci\u00f3n, Nicol\u00e1s Trotta, para trabajar los preparativos del reinicio a las clases presenciales en la provincia.<\/strong><\/em><\/span><\/p>\n<p>El gobernador Omar Perotti recibi\u00f3 este lunes, en la ciudad capital, al ministro de Educaci\u00f3n de la Naci\u00f3n, Nicol\u00e1s Trotta, con quien abord\u00f3 cuestiones referidas a los preparativos por el reinicio de las clases presenciales en la provincia, en el marco de la pandemia del Covid 19. El encuentro se realiz\u00f3 en la Casa de Gobierno de Santa Fe y del mismo particip\u00f3 tambi\u00e9n la ministra de Educaci\u00f3n provincial, Adriana Cantero.<\/p>\n<p>Luego, Perotti y Trotta encabezaron un intercambio de experiencias y labores con funcionarios del Ministerio de Educaci\u00f3n provincial, y legisladores provinciales y nacionales.<\/p>\n<p>Al respecto, Perotti agradeci\u00f3 \u201cal ministro por su presencia en la provincia\u201d, para \u201cpoder analizar, junto a todo el equipo de Educaci\u00f3n\u201d de Santa Fe \u201cun a\u00f1o particularmente dif\u00edcil, en el que hemos podido trabajar muy juntos, y en el que hemos sentido la colaboraci\u00f3n y acompa\u00f1amiento permanente del gobierno nacional\u201d.<\/p>\n<p>\u201cEl retorno a la presencialidad escolar es una decisi\u00f3n tomada -enfatiz\u00f3 el gobernador-. Esa decisi\u00f3n no hay que volver a discutirla, cuenta con el acompa\u00f1amiento y la decisi\u00f3n a nivel nacional y provincial. Adem\u00e1s, los mismos gremios, all\u00e1 por el 2 de julio, definieron protocolos federales para la presencialidad cuando a\u00fan no hab\u00eda vacuna en aquel momento\u201d.<\/p>\n<p>\u201cPor lo cual, estamos hablando de c\u00f3mo volvemos a dar clases a\u00fan en la instancia de no tener al personal vacunado, con el deseo de poder hacerlo cuando lleguen las vacunas en el menor tiempo posible. Tener presencialidad segura est\u00e1 definida en los protocolos en m\u00e1s de 150 establecimientos. Eso es lo que nos llev\u00f3 a la convicci\u00f3n de definir el 15 de marzo como el d\u00eda de inicio de clases en la provincia de Santa Fe y el 17 de febrero para todos aquellos que tienen que cerrar su instancia de ciclo secundario\u201d, concluy\u00f3 el gobernador.<\/p>\n<p>A su turno, Trotta destac\u00f3 el \u201ccompromiso de la provincia de Santa Fe, en lo que fue un 2020 complejo\u201d; y agradeci\u00f3 \u201cal gobernador y a su ministra el acompa\u00f1amiento en las decisiones que se adoptaron para garantizar la continuidad educativa y pedag\u00f3gica, el derecho a la educaci\u00f3n, los aprendizajes, la calidad educativa; y un regreso seguro a la presencialidad\u201d.<\/p>\n<p>Asimismo, destac\u00f3 \u201cel enorme compromiso que han tenido nuestros maestros y maestras, profesores y profesoras, auxiliares, directivos, para cumplir la responsabilidad de crear conocimiento en un momento tan dif\u00edcil y de tanta angustia. Tenemos que reconocer el esfuerzo de toda la comunidad educativa\u201d.<\/p>\n<p>A continuaci\u00f3n, el ministro precis\u00f3 que \u201cel desaf\u00edo es que este sea un a\u00f1o de recuperaci\u00f3n de aprendizajes y llevarles a todas las familias la tranquilidad de que somos promotores del regreso a la presencialidad segura de todos los chicos en la provincia\u201d.<\/p>\n<p>Por su parte, la ministra de Educaci\u00f3n provincial, Adriana Cantero, enfatiz\u00f3 que \u201cvenimos trabajando desde la mitad del a\u00f1o pasado en la construcci\u00f3n para la vuelta a clases segura, en la provisi\u00f3n de agua, de electricidad, gas, remodelaciones indispensables, hemos dotado a todas nuestras escuelas de lavamanos, term\u00f3metros infrarrojos y de los insumos necesarios para la aplicaci\u00f3n de los protocolos. Esto es un proceso y lo que viene es darle continuidad a este proceso\u201d.<\/p>\n<p>\u201cLa inversi\u00f3n en este tiempo de pandemia ha tenido la asistencia alimentaria, all\u00ed triplicamos el presupuesto, pasamos de 1700 millones de pesos a 3700 millones de pesos. Al d\u00eda de la fecha, en obras de infraestructura llevamos invertidos m\u00e1s de mil millones de pesos y, en la partida espec\u00edfica de Necesidades Inmediatas, hemos duplicado la inversi\u00f3n, para preparar las escuelas para la presencialidad\u201d, puntualiz\u00f3 Cantero.<\/p>\n<p>PRESENTES<\/p>\n<p>Tambi\u00e9n participaron del encuentro el secretario de Educaci\u00f3n provincial, V\u00edctor Debloc; la secretaria de Gesti\u00f3n Territorial Educativa, Rosario Cristiani; el secretario de Administraci\u00f3n, Cristian Kuverling; los senadores nacionales Roberto Mirabella y Mar\u00eda de los \u00c1ngeles Sacnun; los diputados nacionales Germ\u00e1n Mart\u00ednez y Patricia Mounier; integrantes de las carteras educativas de la provincia y de Naci\u00f3n; y legisladores nacionales y provinciales.<\/p>\n<p>Durante su exposici\u00f3n, Mirabella afirm\u00f3 que \u00abprofundamente celebro que podamos estar pensando en la nueva presencialidad y el retorno de las clases en las aulas\u00bb y expres\u00f3 \u00abun reconocimiento al ministro Trotta y al gobernador Perotti en estar desarrollando todos los dispositivos posibles para que la escuela pueda abrir sus puertas y podamos volver a tener clases de manera presencial\u00bb.<\/p>\n<p>ENCUENTRO CON LOS GREMIOS<\/p>\n<p>Posteriormente, Perotti y el ministro nacional mantuvieron un encuentro con representantes de los gremios docentes Amsafe, Sadop, UDA y Amet; y de la administraci\u00f3n central ATE y Upcn. Tambi\u00e9n estuvieron presentes los ministros de Educaci\u00f3n, Adriana Cantero, y de Trabajo, Empleo y Seguridad Social, Juan Manuel Pusineri.<\/p>\n<p>All\u00ed, el gobernador sostuvo que \u201cnos parec\u00eda central dedicarle un tiempo valioso a los gremios. En primer lugar, agradecidos por un a\u00f1o 2020 tan particular como tuvimos y que se necesit\u00f3 la comprensi\u00f3n, el acompa\u00f1amiento, las cr\u00edticas y las sugerencias de todos ustedes para sobrellevar esto de la mejor manera. Este es un \u00e1mbito de reflexi\u00f3n y de an\u00e1lisis para que el inicio lectivo de este a\u00f1o nos encuentre a todos brindando con los cuidados necesarios para el mejor despliegue de la actividad educativa\u201d.<\/p>\n<p>En tanto, Trotta describi\u00f3 que \u201cel objetivo de estar hoy aqu\u00ed es poder conversar con ustedes, que todos tengan de nuestra voz el desaf\u00edo del regreso a una presencialidad cuidada y eso es lo que trabajamos a lo largo de todo el 2020; queremos cuidar a nuestros hijos y nuestras hijas y a nuestros docentes y auxiliares. Ese es el trabajo que tenemos por delante\u201d.<\/p>\n<p>Por su parte, los representantes de los gremios agradecieron la convocatoria y el reconocimiento de parte de las autoridades. \u201cPor el trabajo de los docentes es que no se perdi\u00f3 el a\u00f1o escolar 2020. Este a\u00f1o estamos ante un gran desaf\u00edo, que es demostrar que podemos volver cuidando a nuestra poblaci\u00f3n y teniendo en claro que a veces hay que abrir y a veces hay que cerrar. Eso lo vimos cuando hicimos la prueba con 150 escuelas en Santa Fe y funcion\u00f3\u201d, afirmaron.<\/p>\n<p>Tambi\u00e9n Trotta supervis\u00f3 junto a la ministra Cantero las obras del Jard\u00edn N\u00b0 246 en barrio Las Vegas de la ciudad de Santo Tom\u00e9, financiadas por el gobierno nacional. Se trata de la construcci\u00f3n de la sede propia del establecimiento educativo que hab\u00eda sido paralizada a\u00f1os atr\u00e1s y se reanud\u00f3 a partir del mes de octubre pasado. Los trabajos hab\u00edan sido licitados en 2016 y hab\u00edan quedado sin avances.<\/p>\n<p>La comitiva que acompa\u00f1\u00f3 al ministro nacional estuvo integrada por el jefe de Gabinete ministerial, Mat\u00edas Novoa; la secretaria general del Consejo Federal de Educaci\u00f3n, Marisa D\u00edaz; la subsecretaria de Educaci\u00f3n Social y Cultural, Laura Sirotzky; y el secretario de Cooperaci\u00f3n Educativa y Acciones, Pablo Gentili.<\/p>\n","protected":false},"excerpt":{"rendered":"<p>El gobernador de Santa Fe recibi\u00f3 al ministro de Educaci\u00f3n de la Naci\u00f3n, Nicol\u00e1s Trotta,&#8230;<\/p>\n","protected":false},"author":1,"featured_media":2740,"comment_status":"closed","ping_status":"closed","sticky":false,"template":"","format":"standard","meta":{"footnotes":""},"categories":[7],"tags":[75,643,551,961],"class_list":["post-2739","post","type-post","status-publish","format-standard","has-post-thumbnail","hentry","category-provinciales","tag-perotti","tag-provinciadesantafe","tag-trotta","tag-vueltaaclases"],"featured_image_urls":{"full":["https:\/\/fmnativa.com\/portal\/wp-content\/uploads\/2021\/02\/670-x-480-para-notis-27.jpg",670,480,false],"thumbnail":["https:\/\/fmnativa.com\/portal\/wp-content\/uploads\/2021\/02\/670-x-480-para-notis-27-150x150.jpg",150,150,true],"medium":["https:\/\/fmnativa.com\/portal\/wp-content\/uploads\/2021\/02\/670-x-480-para-notis-27-300x215.jpg",300,215,true],"medium_large":["https:\/\/fmnativa.com\/portal\/wp-content\/uploads\/2021\/02\/670-x-480-para-notis-27.jpg",640,459,false],"large":["https:\/\/fmnativa.com\/portal\/wp-content\/uploads\/2021\/02\/670-x-480-para-notis-27.jpg",640,459,false],"1536x1536":["https:\/\/fmnativa.com\/portal\/wp-content\/uploads\/2021\/02\/670-x-480-para-notis-27.jpg",670,480,false],"2048x2048":["https:\/\/fmnativa.com\/portal\/wp-content\/uploads\/2021\/02\/670-x-480-para-notis-27.jpg",670,480,false],"covernews-slider-full":["https:\/\/fmnativa.com\/portal\/wp-content\/uploads\/2021\/02\/670-x-480-para-notis-27.jpg",670,480,false],"covernews-slider-center":["https:\/\/fmnativa.com\/portal\/wp-content\/uploads\/2021\/02\/670-x-480-para-notis-27.jpg",670,480,false],"covernews-featured":["https:\/\/fmnativa.com\/portal\/wp-content\/uploads\/2021\/02\/670-x-480-para-notis-27.jpg",670,480,false],"covernews-medium":["https:\/\/fmnativa.com\/portal\/wp-content\/uploads\/2021\/02\/670-x-480-para-notis-27.jpg",475,340,false],"covernews-medium-square":["https:\/\/fmnativa.com\/portal\/wp-content\/uploads\/2021\/02\/670-x-480-para-notis-27.jpg",349,250,false]},"author_info":{"info":["Fabian"]},"category_info":"<a href=\"https:\/\/fmnativa.com\/portal\/category\/provinciales\/\" rel=\"category tag\">PROVINCIALES<\/a>","tag_info":"PROVINCIALES","comment_count":"0","_links":{"self":[{"href":"https:\/\/fmnativa.com\/portal\/wp-json\/wp\/v2\/posts\/2739","targetHints":{"allow":["GET"]}}],"collection":[{"href":"https:\/\/fmnativa.com\/portal\/wp-json\/wp\/v2\/posts"}],"about":[{"href":"https:\/\/fmnativa.com\/portal\/wp-json\/wp\/v2\/types\/post"}],"author":[{"embeddable":true,"href":"https:\/\/fmnativa.com\/portal\/wp-json\/wp\/v2\/users\/1"}],"replies":[{"embeddable":true,"href":"https:\/\/fmnativa.com\/portal\/wp-json\/wp\/v2\/comments?post=2739"}],"version-history":[{"count":1,"href":"https:\/\/fmnativa.com\/portal\/wp-json\/wp\/v2\/posts\/2739\/revisions"}],"predecessor-version":[{"id":2741,"href":"https:\/\/fmnativa.com\/portal\/wp-json\/wp\/v2\/posts\/2739\/revisions\/2741"}],"wp:featuredmedia":[{"embeddable":true,"href":"https:\/\/fmnativa.com\/portal\/wp-json\/wp\/v2\/media\/2740"}],"wp:attachment":[{"href":"https:\/\/fmnativa.com\/portal\/wp-json\/wp\/v2\/media?parent=2739"}],"wp:term":[{"taxonomy":"category","embeddable":true,"href":"https:\/\/fmnativa.com\/portal\/wp-json\/wp\/v2\/categories?post=2739"},{"taxonomy":"post_tag","embeddable":true,"href":"https:\/\/fmnativa.com\/portal\/wp-json\/wp\/v2\/tags?post=2739"}],"curies":[{"name":"wp","href":"https:\/\/api.w.org\/{rel}","templated":true}]}}