{"id":3195,"date":"2021-05-14T17:22:21","date_gmt":"2021-05-14T20:22:21","guid":{"rendered":"https:\/\/fmnativa.com\/portal\/?p=3195"},"modified":"2021-05-14T18:15:56","modified_gmt":"2021-05-14T21:15:56","slug":"federaciones-deportivas-solicitaron-que-perotti-los-reciba-para-aportar-ideas-y-propuestas","status":"publish","type":"post","link":"https:\/\/fmnativa.com\/portal\/2021\/05\/14\/federaciones-deportivas-solicitaron-que-perotti-los-reciba-para-aportar-ideas-y-propuestas\/","title":{"rendered":"Federaciones deportivas solicitaron que Perotti los reciba para \u201caportar ideas y propuestas\u201d"},"content":{"rendered":"<div id=\"fb-root\"><\/div>\n<p>Los dirigentes explicaron que el deporte en los clubes es fundamental y que all\u00ed se cumplen los cuidados y protocolos<\/p>\n<p>En la sede de la Asociaci\u00f3n Santafesina de B\u00e1squet se realiz\u00f3 este viernes una conferencia de prensa en la que los representantes de diferentes federaciones deportivas de la provincia de Santa Fe le solicitaron una audiencia al gobernador Omar Perotti para poder aportar ideas y propuestas en pos de coordinar las acciones para que se vuelvan a desarrollar las actividades en los clubes afectadas por las \u00faltimas restricciones.<\/p>\n<p>Adem\u00e1s de la Federaci\u00f3n de B\u00e1squet, estuvieron presentes los representantes provinciales y regionales de f\u00fatbol, rugby, h\u00f3ckey, v\u00f3ley, atletismo, automovilismo FAPCSA, pat\u00edn, bochas, pesca deportiva, y otras dieron su apoyo virtual.<\/p>\n<p>Roberto Monti, presidente de la Federaci\u00f3n Santafesina de B\u00e1squet, fue uno de los oradores principales: \u201cVenimos viendo desde todo el deporte federado de la provincia que hay algunas falencias en las restricciones que no nos permiten desarrollar las actividades lo m\u00e1s normal posible y en funci\u00f3n de ello hemos pedido reuniones y solicitado audiencias, las que por diferentes situaciones y\u00a0 ocupaciones, no nos han concedido. Queremos conversar, aclarar, y comentar las ideas y propuestas que tenemos para hacerle al gobierno provincial, porque queremos que tomen las mejores medidas en todo sentido. No s\u00f3lo con el deporte sino con la vida de la personas. Y dentro de la vida de las personas est\u00e1 el deporte, que cumple una funci\u00f3n de gran importancia en el desarrollo de la salud f\u00edsica, mental y psicol\u00f3gica\u201d.<\/p>\n<p>\u201cAdem\u00e1s, creemos que lleg\u00f3 el momento de plantear las cosas en t\u00e9rminos de igualdad. No es criterioso que las competencias nacionales puedan desarrollarse en el territorio de Santa Fe y las provinciales y locales no. Incluso los mismos clubes que participan en competencia nacionales no pueden dejar entrar a sus deportistas que juegan los torneos locales y provinciales. No tiene sentido, es discriminatorio. Es la historia de los clubes, el fomento de las instituciones de barrio de los pueblos y ciudades de la provincia de Santa Fe, que contienen a los j\u00f3venes. Y en estos momentos con clases presenciales acotadas, los clubes pueden ayudar a cumplir con la funci\u00f3n de contener, con su gente y sus profesionales\u201d, explic\u00f3 Monti, quien agreg\u00f3: \u201cUno ve en las calles que en muchos lugares no se controla y se juntan a hacer deportes sin protocolos. Dentro de los clubes y controlados por uniones, asociaciones y federaciones, el deporte se desarrolla con m\u00e1s cuidados y podemos aportar muchas cosas\u201d.<\/p>\n<p>La charla finaliz\u00f3 con un pedido: \u201cNecesitamos que el gobernador nos dispense una parte de su tiempo para aportarle ideas, presentamos las notas y pedidos correspondientes y queremos ayudar\u201d.<\/p>\n<div style=\"width: 640px;\" class=\"wp-video\"><video class=\"wp-video-shortcode\" id=\"video-3195-1\" width=\"640\" height=\"480\" preload=\"metadata\" controls=\"controls\"><source type=\"video\/mp4\" src=\"https:\/\/fmnativa.com\/portal\/wp-content\/uploads\/2021\/05\/VIDEO-CONFERENCIA-FEDERACIONES.mp4?_=1\" \/><a href=\"https:\/\/fmnativa.com\/portal\/wp-content\/uploads\/2021\/05\/VIDEO-CONFERENCIA-FEDERACIONES.mp4\">https:\/\/fmnativa.com\/portal\/wp-content\/uploads\/2021\/05\/VIDEO-CONFERENCIA-FEDERACIONES.mp4<\/a><\/video><\/div>\n<p>Fuente: elciudadanoweb.com y Pasi\u00f3n por la Pesca<\/p>\n","protected":false},"excerpt":{"rendered":"<p>Los dirigentes explicaron que el deporte en los clubes es fundamental y que all\u00ed se&#8230;<\/p>\n","protected":false},"author":1,"featured_media":3196,"comment_status":"closed","ping_status":"closed","sticky":false,"template":"","format":"standard","meta":{"footnotes":""},"categories":[48,10,7],"tags":[1021,1040,1041,75,928],"class_list":["post-3195","post","type-post","status-publish","format-standard","has-post-thumbnail","hentry","category-deportes","category-ponelaquinta","category-provinciales","tag-deportefederado","tag-fapcsa","tag-federacionesdeportiva","tag-perotti","tag-protocolos"],"featured_image_urls":{"full":["https:\/\/fmnativa.com\/portal\/wp-content\/uploads\/2021\/05\/1-11.jpg",1280,720,false],"thumbnail":["https:\/\/fmnativa.com\/portal\/wp-content\/uploads\/2021\/05\/1-11-150x150.jpg",150,150,true],"medium":["https:\/\/fmnativa.com\/portal\/wp-content\/uploads\/2021\/05\/1-11-300x169.jpg",300,169,true],"medium_large":["https:\/\/fmnativa.com\/portal\/wp-content\/uploads\/2021\/05\/1-11-768x432.jpg",640,360,true],"large":["https:\/\/fmnativa.com\/portal\/wp-content\/uploads\/2021\/05\/1-11-1024x576.jpg",640,360,true],"1536x1536":["https:\/\/fmnativa.com\/portal\/wp-content\/uploads\/2021\/05\/1-11.jpg",1280,720,false],"2048x2048":["https:\/\/fmnativa.com\/portal\/wp-content\/uploads\/2021\/05\/1-11.jpg",1280,720,false],"covernews-slider-full":["https:\/\/fmnativa.com\/portal\/wp-content\/uploads\/2021\/05\/1-11-1115x715.jpg",1115,715,true],"covernews-slider-center":["https:\/\/fmnativa.com\/portal\/wp-content\/uploads\/2021\/05\/1-11-800x500.jpg",800,500,true],"covernews-featured":["https:\/\/fmnativa.com\/portal\/wp-content\/uploads\/2021\/05\/1-11-1024x576.jpg",1024,576,true],"covernews-medium":["https:\/\/fmnativa.com\/portal\/wp-content\/uploads\/2021\/05\/1-11-540x340.jpg",540,340,true],"covernews-medium-square":["https:\/\/fmnativa.com\/portal\/wp-content\/uploads\/2021\/05\/1-11-400x250.jpg",400,250,true]},"author_info":{"info":["Fabian"]},"category_info":"<a href=\"https:\/\/fmnativa.com\/portal\/category\/deportes\/\" rel=\"category tag\">DEPORTES<\/a> <a href=\"https:\/\/fmnativa.com\/portal\/category\/ponelaquinta\/\" rel=\"category tag\">Pon\u00e9 La Quinta<\/a> <a href=\"https:\/\/fmnativa.com\/portal\/category\/provinciales\/\" rel=\"category tag\">PROVINCIALES<\/a>","tag_info":"PROVINCIALES","comment_count":"0","_links":{"self":[{"href":"https:\/\/fmnativa.com\/portal\/wp-json\/wp\/v2\/posts\/3195","targetHints":{"allow":["GET"]}}],"collection":[{"href":"https:\/\/fmnativa.com\/portal\/wp-json\/wp\/v2\/posts"}],"about":[{"href":"https:\/\/fmnativa.com\/portal\/wp-json\/wp\/v2\/types\/post"}],"author":[{"embeddable":true,"href":"https:\/\/fmnativa.com\/portal\/wp-json\/wp\/v2\/users\/1"}],"replies":[{"embeddable":true,"href":"https:\/\/fmnativa.com\/portal\/wp-json\/wp\/v2\/comments?post=3195"}],"version-history":[{"count":3,"href":"https:\/\/fmnativa.com\/portal\/wp-json\/wp\/v2\/posts\/3195\/revisions"}],"predecessor-version":[{"id":3215,"href":"https:\/\/fmnativa.com\/portal\/wp-json\/wp\/v2\/posts\/3195\/revisions\/3215"}],"wp:featuredmedia":[{"embeddable":true,"href":"https:\/\/fmnativa.com\/portal\/wp-json\/wp\/v2\/media\/3196"}],"wp:attachment":[{"href":"https:\/\/fmnativa.com\/portal\/wp-json\/wp\/v2\/media?parent=3195"}],"wp:term":[{"taxonomy":"category","embeddable":true,"href":"https:\/\/fmnativa.com\/portal\/wp-json\/wp\/v2\/categories?post=3195"},{"taxonomy":"post_tag","embeddable":true,"href":"https:\/\/fmnativa.com\/portal\/wp-json\/wp\/v2\/tags?post=3195"}],"curies":[{"name":"wp","href":"https:\/\/api.w.org\/{rel}","templated":true}]}}