{"id":3230,"date":"2021-05-17T10:46:37","date_gmt":"2021-05-17T13:46:37","guid":{"rendered":"https:\/\/fmnativa.com\/portal\/?p=3230"},"modified":"2021-05-17T10:46:37","modified_gmt":"2021-05-17T13:46:37","slug":"coronavirus-perotti-analiza-mas-restricciones%e2%9d%97","status":"publish","type":"post","link":"https:\/\/fmnativa.com\/portal\/2021\/05\/17\/coronavirus-perotti-analiza-mas-restricciones%e2%9d%97\/","title":{"rendered":"CORONAVIRUS &#8211; PEROTTI analiza m\u00e1s restricciones\u2757"},"content":{"rendered":"<div id=\"fb-root\"><\/div>\n<p>Sobre la situaci\u00f3n sanitaria, el mandam\u00e1s Santafesino expres\u00f3:<\/p>\n<p>\ud83d\udde3\ufe0f \u201cEstamos en un mes dificilisimo, el fin de semana llevamos las camas al limite de las que hab\u00edamos ampliado\u201d.<\/p>\n<p>\ud83d\udde3\ufe0f \u201cTenemos hoy una llegada de 17 respiradores m\u00e1s, pero todo lo que se ampli\u00f3 lo consumimos\u201d.<\/p>\n<p>\ud83d\udde3\ufe0f \u201cEl nivel de contagio es alto, hay que cuidarse mucho\u201d.<\/p>\n<p>\ud83d\udde3\ufe0f \u201cEstaremos analizando quitar circulaci\u00f3n para ayudar al sistema de salud\u201d.<\/p>\n<p>\ud83d\udde3\ufe0f \u201cTodas esas medidas que tomemos necesitamos la colaboraci\u00f3n de cada uno de ustedes\u201d.<\/p>\n<p>\ud83d\udde3\ufe0f \u201cCu\u00eddense mucho, cuiden a sus amigos, a sus familias, a sus compa\u00f1eros de trabajo\u201d<\/p>\n<p>\ud83d\udde3\ufe0f \u201cCuiden a cada uno de los que quieren, es un momento duro, dif\u00edcil\u201d<\/p>\n<p>\ud83d\udde3\ufe0f \u201cLa responsabilidad social que asumamos es fundamental para no seguir generando mas circulaci\u00f3n, que es mas contagios y es mas internaci\u00f3n\u201d.<\/p>\n<p>&nbsp;<\/p>\n","protected":false},"excerpt":{"rendered":"<p>Sobre la situaci\u00f3n sanitaria, el mandam\u00e1s Santafesino expres\u00f3: \ud83d\udde3\ufe0f \u201cEstamos en un mes dificilisimo, el&#8230;<\/p>\n","protected":false},"author":1,"featured_media":1734,"comment_status":"closed","ping_status":"closed","sticky":false,"template":"","format":"standard","meta":{"footnotes":""},"categories":[49,7],"tags":[30,103,32,130,80,643,73],"class_list":["post-3230","post","type-post","status-publish","format-standard","has-post-thumbnail","hentry","category-covid-19","category-provinciales","tag-aislamiento","tag-contagiados","tag-covid-19","tag-cuarentena","tag-pandemia","tag-provinciadesantafe","tag-salud"],"featured_image_urls":{"full":["https:\/\/fmnativa.com\/portal\/wp-content\/uploads\/2020\/10\/1-38-e1602728073268.jpg",678,481,false],"thumbnail":["https:\/\/fmnativa.com\/portal\/wp-content\/uploads\/2020\/10\/1-38-e1602728073268-150x150.jpg",150,150,true],"medium":["https:\/\/fmnativa.com\/portal\/wp-content\/uploads\/2020\/10\/1-38-e1602728073268-300x213.jpg",300,213,true],"medium_large":["https:\/\/fmnativa.com\/portal\/wp-content\/uploads\/2020\/10\/1-38-768x431.jpg",640,359,true],"large":["https:\/\/fmnativa.com\/portal\/wp-content\/uploads\/2020\/10\/1-38-1024x575.jpg",640,359,true],"1536x1536":["https:\/\/fmnativa.com\/portal\/wp-content\/uploads\/2020\/10\/1-38-e1602728073268.jpg",678,481,false],"2048x2048":["https:\/\/fmnativa.com\/portal\/wp-content\/uploads\/2020\/10\/1-38-e1602728073268.jpg",678,481,false],"covernews-slider-full":["https:\/\/fmnativa.com\/portal\/wp-content\/uploads\/2020\/10\/1-38-e1602728073268.jpg",678,481,false],"covernews-slider-center":["https:\/\/fmnativa.com\/portal\/wp-content\/uploads\/2020\/10\/1-38-e1602728073268.jpg",678,481,false],"covernews-featured":["https:\/\/fmnativa.com\/portal\/wp-content\/uploads\/2020\/10\/1-38-e1602728073268.jpg",678,481,false],"covernews-medium":["https:\/\/fmnativa.com\/portal\/wp-content\/uploads\/2020\/10\/1-38-e1602728073268.jpg",479,340,false],"covernews-medium-square":["https:\/\/fmnativa.com\/portal\/wp-content\/uploads\/2020\/10\/1-38-e1602728073268.jpg",352,250,false]},"author_info":{"info":["Fabian"]},"category_info":"<a href=\"https:\/\/fmnativa.com\/portal\/category\/covid-19\/\" rel=\"category tag\">COVID 19<\/a> <a href=\"https:\/\/fmnativa.com\/portal\/category\/provinciales\/\" rel=\"category tag\">PROVINCIALES<\/a>","tag_info":"PROVINCIALES","comment_count":"0","_links":{"self":[{"href":"https:\/\/fmnativa.com\/portal\/wp-json\/wp\/v2\/posts\/3230","targetHints":{"allow":["GET"]}}],"collection":[{"href":"https:\/\/fmnativa.com\/portal\/wp-json\/wp\/v2\/posts"}],"about":[{"href":"https:\/\/fmnativa.com\/portal\/wp-json\/wp\/v2\/types\/post"}],"author":[{"embeddable":true,"href":"https:\/\/fmnativa.com\/portal\/wp-json\/wp\/v2\/users\/1"}],"replies":[{"embeddable":true,"href":"https:\/\/fmnativa.com\/portal\/wp-json\/wp\/v2\/comments?post=3230"}],"version-history":[{"count":1,"href":"https:\/\/fmnativa.com\/portal\/wp-json\/wp\/v2\/posts\/3230\/revisions"}],"predecessor-version":[{"id":3232,"href":"https:\/\/fmnativa.com\/portal\/wp-json\/wp\/v2\/posts\/3230\/revisions\/3232"}],"wp:featuredmedia":[{"embeddable":true,"href":"https:\/\/fmnativa.com\/portal\/wp-json\/wp\/v2\/media\/1734"}],"wp:attachment":[{"href":"https:\/\/fmnativa.com\/portal\/wp-json\/wp\/v2\/media?parent=3230"}],"wp:term":[{"taxonomy":"category","embeddable":true,"href":"https:\/\/fmnativa.com\/portal\/wp-json\/wp\/v2\/categories?post=3230"},{"taxonomy":"post_tag","embeddable":true,"href":"https:\/\/fmnativa.com\/portal\/wp-json\/wp\/v2\/tags?post=3230"}],"curies":[{"name":"wp","href":"https:\/\/api.w.org\/{rel}","templated":true}]}}