{"id":3236,"date":"2021-05-17T11:57:49","date_gmt":"2021-05-17T14:57:49","guid":{"rendered":"https:\/\/fmnativa.com\/portal\/?p=3236"},"modified":"2021-05-17T12:04:09","modified_gmt":"2021-05-17T15:04:09","slug":"reconquista-presentaron-la-nueva-iluminacion-de-plaza-sarmiento","status":"publish","type":"post","link":"https:\/\/fmnativa.com\/portal\/2021\/05\/17\/reconquista-presentaron-la-nueva-iluminacion-de-plaza-sarmiento\/","title":{"rendered":"Reconquista &#8211; Presentaron la nueva iluminaci\u00f3n de Plaza Sarmiento"},"content":{"rendered":"<div id=\"fb-root\"><\/div>\n<p><strong>Y Tambi\u00e9n la de Barrio Am\u00e9rica.<\/strong><\/p>\n<p style=\"text-align: left;\">La Municipalidad de Reconquista avanza en la mejora y modernizaci\u00f3n del alumbrado p\u00fablico en paseos, parques, accesos y arterias de gran circulaci\u00f3n, en el marco de la reconversi\u00f3n y puesta en valor de espacios p\u00fablicos.<\/p>\n<p><img fetchpriority=\"high\" decoding=\"async\" class=\"size-medium wp-image-3238 alignleft\" src=\"https:\/\/fmnativa.com\/portal\/wp-content\/uploads\/2021\/05\/IMG-20210517-WA0005-300x225.jpg\" alt=\"\" width=\"300\" height=\"225\" srcset=\"https:\/\/fmnativa.com\/portal\/wp-content\/uploads\/2021\/05\/IMG-20210517-WA0005-300x225.jpg 300w, https:\/\/fmnativa.com\/portal\/wp-content\/uploads\/2021\/05\/IMG-20210517-WA0005-1024x768.jpg 1024w, https:\/\/fmnativa.com\/portal\/wp-content\/uploads\/2021\/05\/IMG-20210517-WA0005-768x576.jpg 768w, https:\/\/fmnativa.com\/portal\/wp-content\/uploads\/2021\/05\/IMG-20210517-WA0005.jpg 1280w\" sizes=\"(max-width: 300px) 100vw, 300px\" \/>En ese sentido, se present\u00f3 el nuevo sistema de iluminaci\u00f3n de Plaza Sarmiento, con la incorporaci\u00f3n y renovaci\u00f3n de 17 reflectores y 5 pescantes, proyecci\u00f3n lum\u00ednica en la fuente, recambio total de columnas, mantenimiento integral del equipamiento para juegos y tareas de limpieza, poda y despeje en todo el terreno.<\/p>\n<p><img decoding=\"async\" class=\"alignnone size-medium wp-image-3239\" src=\"https:\/\/fmnativa.com\/portal\/wp-content\/uploads\/2021\/05\/IMG-20210517-WA0006-300x225.jpg\" alt=\"\" width=\"300\" height=\"225\" srcset=\"https:\/\/fmnativa.com\/portal\/wp-content\/uploads\/2021\/05\/IMG-20210517-WA0006-300x225.jpg 300w, https:\/\/fmnativa.com\/portal\/wp-content\/uploads\/2021\/05\/IMG-20210517-WA0006-1024x768.jpg 1024w, https:\/\/fmnativa.com\/portal\/wp-content\/uploads\/2021\/05\/IMG-20210517-WA0006-768x576.jpg 768w, https:\/\/fmnativa.com\/portal\/wp-content\/uploads\/2021\/05\/IMG-20210517-WA0006.jpg 1280w\" sizes=\"(max-width: 300px) 100vw, 300px\" \/><\/p>\n<p>La presentaci\u00f3n de esta obra, que implica un cambio positivo sustancial a partir de un entorno m\u00e1s seguro para un mejor uso del espacio p\u00fablico y ahorro energ\u00e9tico, en la tarde del s\u00e1bado 15 de mayo cont\u00f3 con la presencia del Intendente Dr. Amadeo Enrique Vallejos; de la Secretaria de Servicios P\u00fablicos, CPN. Florencia Gasparutti; y del presidente de la Vecinal del barrio, Daniel Cabrera.<\/p>\n<p><strong>Tambi\u00e9n fue inaugurada la iluminaci\u00f3n de la Plaza del Barrio Am\u00e9rica<\/strong><\/p>\n<p>Fue el Viernes 14<\/p>\n<p><img decoding=\"async\" class=\"size-medium wp-image-3242 alignright\" src=\"https:\/\/fmnativa.com\/portal\/wp-content\/uploads\/2021\/05\/IMG-20210517-WA0008-300x225.jpg\" alt=\"\" width=\"300\" height=\"225\" srcset=\"https:\/\/fmnativa.com\/portal\/wp-content\/uploads\/2021\/05\/IMG-20210517-WA0008-300x225.jpg 300w, https:\/\/fmnativa.com\/portal\/wp-content\/uploads\/2021\/05\/IMG-20210517-WA0008-1024x768.jpg 1024w, https:\/\/fmnativa.com\/portal\/wp-content\/uploads\/2021\/05\/IMG-20210517-WA0008-768x576.jpg 768w, https:\/\/fmnativa.com\/portal\/wp-content\/uploads\/2021\/05\/IMG-20210517-WA0008.jpg 1280w\" sizes=\"(max-width: 300px) 100vw, 300px\" \/><\/p>\n<p>La plazoleta de barrio Am\u00e9rica cuenta con nueva iluminaci\u00f3n, en el marco de las obras proyectadas para la recuperaci\u00f3n y puesta en valor de espacios verdes de nuestra ciudad.<\/p>\n<p><img loading=\"lazy\" decoding=\"async\" class=\"alignnone size-medium wp-image-3243\" src=\"https:\/\/fmnativa.com\/portal\/wp-content\/uploads\/2021\/05\/IMG-20210517-WA0009-300x225.jpg\" alt=\"\" width=\"300\" height=\"225\" srcset=\"https:\/\/fmnativa.com\/portal\/wp-content\/uploads\/2021\/05\/IMG-20210517-WA0009-300x225.jpg 300w, https:\/\/fmnativa.com\/portal\/wp-content\/uploads\/2021\/05\/IMG-20210517-WA0009-1024x768.jpg 1024w, https:\/\/fmnativa.com\/portal\/wp-content\/uploads\/2021\/05\/IMG-20210517-WA0009-768x576.jpg 768w, https:\/\/fmnativa.com\/portal\/wp-content\/uploads\/2021\/05\/IMG-20210517-WA0009.jpg 1280w\" sizes=\"(max-width: 300px) 100vw, 300px\" \/><\/p>\n<p>Ubicada en Calle 57 y Ludue\u00f1a, la renovaci\u00f3n de este \u00e1mbito de encuentro y la ampliaci\u00f3n del alumbrado p\u00fablico ofrece mejores condiciones de seguridad ciudadana, gracias al aporte de materiales por parte de vecinos y el trabajo de agentes municipales en materia de luminarias, equipamiento complementario y tareas de limpieza general intensiva.<\/p>\n","protected":false},"excerpt":{"rendered":"<p>Y Tambi\u00e9n la de Barrio Am\u00e9rica. La Municipalidad de Reconquista avanza en la mejora y&#8230;<\/p>\n","protected":false},"author":1,"featured_media":3237,"comment_status":"closed","ping_status":"closed","sticky":false,"template":"","format":"standard","meta":{"footnotes":""},"categories":[5],"tags":[1056,656,1057,37],"class_list":["post-3236","post","type-post","status-publish","format-standard","has-post-thumbnail","hentry","category-locales","tag-iluminacion","tag-municipalidaddereconquista","tag-plazasarmiento","tag-reconquista"],"featured_image_urls":{"full":["https:\/\/fmnativa.com\/portal\/wp-content\/uploads\/2021\/05\/IMG-20210517-WA0007.jpg",1280,960,false],"thumbnail":["https:\/\/fmnativa.com\/portal\/wp-content\/uploads\/2021\/05\/IMG-20210517-WA0007-150x150.jpg",150,150,true],"medium":["https:\/\/fmnativa.com\/portal\/wp-content\/uploads\/2021\/05\/IMG-20210517-WA0007-300x225.jpg",300,225,true],"medium_large":["https:\/\/fmnativa.com\/portal\/wp-content\/uploads\/2021\/05\/IMG-20210517-WA0007-768x576.jpg",640,480,true],"large":["https:\/\/fmnativa.com\/portal\/wp-content\/uploads\/2021\/05\/IMG-20210517-WA0007-1024x768.jpg",640,480,true],"1536x1536":["https:\/\/fmnativa.com\/portal\/wp-content\/uploads\/2021\/05\/IMG-20210517-WA0007.jpg",1280,960,false],"2048x2048":["https:\/\/fmnativa.com\/portal\/wp-content\/uploads\/2021\/05\/IMG-20210517-WA0007.jpg",1280,960,false],"covernews-slider-full":["https:\/\/fmnativa.com\/portal\/wp-content\/uploads\/2021\/05\/IMG-20210517-WA0007-1115x715.jpg",1115,715,true],"covernews-slider-center":["https:\/\/fmnativa.com\/portal\/wp-content\/uploads\/2021\/05\/IMG-20210517-WA0007-800x500.jpg",800,500,true],"covernews-featured":["https:\/\/fmnativa.com\/portal\/wp-content\/uploads\/2021\/05\/IMG-20210517-WA0007-1024x768.jpg",1024,768,true],"covernews-medium":["https:\/\/fmnativa.com\/portal\/wp-content\/uploads\/2021\/05\/IMG-20210517-WA0007-540x340.jpg",540,340,true],"covernews-medium-square":["https:\/\/fmnativa.com\/portal\/wp-content\/uploads\/2021\/05\/IMG-20210517-WA0007-400x250.jpg",400,250,true]},"author_info":{"info":["Fabian"]},"category_info":"<a href=\"https:\/\/fmnativa.com\/portal\/category\/locales\/\" rel=\"category tag\">LOCALES<\/a>","tag_info":"LOCALES","comment_count":"0","_links":{"self":[{"href":"https:\/\/fmnativa.com\/portal\/wp-json\/wp\/v2\/posts\/3236","targetHints":{"allow":["GET"]}}],"collection":[{"href":"https:\/\/fmnativa.com\/portal\/wp-json\/wp\/v2\/posts"}],"about":[{"href":"https:\/\/fmnativa.com\/portal\/wp-json\/wp\/v2\/types\/post"}],"author":[{"embeddable":true,"href":"https:\/\/fmnativa.com\/portal\/wp-json\/wp\/v2\/users\/1"}],"replies":[{"embeddable":true,"href":"https:\/\/fmnativa.com\/portal\/wp-json\/wp\/v2\/comments?post=3236"}],"version-history":[{"count":3,"href":"https:\/\/fmnativa.com\/portal\/wp-json\/wp\/v2\/posts\/3236\/revisions"}],"predecessor-version":[{"id":3244,"href":"https:\/\/fmnativa.com\/portal\/wp-json\/wp\/v2\/posts\/3236\/revisions\/3244"}],"wp:featuredmedia":[{"embeddable":true,"href":"https:\/\/fmnativa.com\/portal\/wp-json\/wp\/v2\/media\/3237"}],"wp:attachment":[{"href":"https:\/\/fmnativa.com\/portal\/wp-json\/wp\/v2\/media?parent=3236"}],"wp:term":[{"taxonomy":"category","embeddable":true,"href":"https:\/\/fmnativa.com\/portal\/wp-json\/wp\/v2\/categories?post=3236"},{"taxonomy":"post_tag","embeddable":true,"href":"https:\/\/fmnativa.com\/portal\/wp-json\/wp\/v2\/tags?post=3236"}],"curies":[{"name":"wp","href":"https:\/\/api.w.org\/{rel}","templated":true}]}}