{"id":3250,"date":"2021-05-17T16:40:23","date_gmt":"2021-05-17T19:40:23","guid":{"rendered":"https:\/\/fmnativa.com\/portal\/?p=3250"},"modified":"2021-05-17T16:40:23","modified_gmt":"2021-05-17T19:40:23","slug":"coronavirus-el-sistema-sanitario-de-la-provincia-no-tiene-mas-capacidad-de-atencion","status":"publish","type":"post","link":"https:\/\/fmnativa.com\/portal\/2021\/05\/17\/coronavirus-el-sistema-sanitario-de-la-provincia-no-tiene-mas-capacidad-de-atencion\/","title":{"rendered":"CORONAVIRUS &#8211; El sistema sanitario de la Provincia NO TIENE MAS CAPACIDAD DE ATENCION."},"content":{"rendered":"<div id=\"fb-root\"><\/div>\n<p>(Audio disponible) As\u00ed lo asever\u00f3<strong> Sonia Martorano<\/strong> \u2013 Ministra de Salud de la provincia de Santa Fe.<\/p>\n<p>\u00ab<strong><em>La respuesta del sistema de salud est\u00e1 absolutamente en su l\u00edmite m\u00e1ximo, no hay capacidad de respuesta y ya no hay m\u00e1s capacidad de atenci\u00f3n<\/em><\/strong>\u00bb<\/p>\n<p>\ud83d\udc49 Lo manifest\u00f3 en la Reuni\u00f3n con directores provinciales del sistema de salud de Santa Fe.<\/p>\n<p>\ud83d\udde3\ufe0f \u00abEn el d\u00eda de hoy se realiz\u00f3 una reuni\u00f3n entre los directores provinciales de Santa Se junto con el gobernador para evaluar la situaci\u00f3n epidemiol\u00f3gica de los \u00faltimos 14 d\u00edas, pero especialmente la situaci\u00f3n actual donde estamos transitando un momento muy cercano al colapso sanitario y esto va de la mano con que en los \u00faltimos 14 d\u00edas tambi\u00e9n se ha aumentado el n\u00famero de camas, exactamente 50 camas ventiladas en toda la provincia. Mas all\u00e1 de esto la situaci\u00f3n ha llevado a la alta ocupaci\u00f3n de la mismas, que tiene que ver con una gran agresividad del virus, mayor cantidad de d\u00edas de internaci\u00f3n -promedio de 21 d\u00edas- y poblaci\u00f3n joven afectada, de la mano de esto y escuchando los pedidos de restricciones para trabajar en disminuir la tasa de contagios porque la respuesta del sistema de salud est\u00e1 absolutamente en su l\u00edmite m\u00e1ximo, no hay capacidad de respuesta y ya no hay m\u00e1s capacidad de atenci\u00f3n\u00bb.<\/p>\n<p>Audio<\/p>\n<p>&nbsp;<\/p>\n","protected":false},"excerpt":{"rendered":"<p>(Audio disponible) As\u00ed lo asever\u00f3 Sonia Martorano \u2013 Ministra de Salud de la provincia de&#8230;<\/p>\n","protected":false},"author":1,"featured_media":3251,"comment_status":"closed","ping_status":"closed","sticky":false,"template":"","format":"standard","meta":{"footnotes":""},"categories":[49,5,7],"tags":[1060,1061,1062,643,73,24],"class_list":["post-3250","post","type-post","status-publish","format-standard","has-post-thumbnail","hentry","category-covid-19","category-locales","category-provinciales","tag-colapso-sanitario","tag-martirano","tag-ministra","tag-provinciadesantafe","tag-salud","tag-urgente"],"featured_image_urls":{"full":["https:\/\/fmnativa.com\/portal\/wp-content\/uploads\/2021\/05\/IMG-20210517-WA0026.jpg",1280,752,false],"thumbnail":["https:\/\/fmnativa.com\/portal\/wp-content\/uploads\/2021\/05\/IMG-20210517-WA0026-150x150.jpg",150,150,true],"medium":["https:\/\/fmnativa.com\/portal\/wp-content\/uploads\/2021\/05\/IMG-20210517-WA0026-300x176.jpg",300,176,true],"medium_large":["https:\/\/fmnativa.com\/portal\/wp-content\/uploads\/2021\/05\/IMG-20210517-WA0026-768x451.jpg",640,376,true],"large":["https:\/\/fmnativa.com\/portal\/wp-content\/uploads\/2021\/05\/IMG-20210517-WA0026-1024x602.jpg",640,376,true],"1536x1536":["https:\/\/fmnativa.com\/portal\/wp-content\/uploads\/2021\/05\/IMG-20210517-WA0026.jpg",1280,752,false],"2048x2048":["https:\/\/fmnativa.com\/portal\/wp-content\/uploads\/2021\/05\/IMG-20210517-WA0026.jpg",1280,752,false],"covernews-slider-full":["https:\/\/fmnativa.com\/portal\/wp-content\/uploads\/2021\/05\/IMG-20210517-WA0026-1115x715.jpg",1115,715,true],"covernews-slider-center":["https:\/\/fmnativa.com\/portal\/wp-content\/uploads\/2021\/05\/IMG-20210517-WA0026-800x500.jpg",800,500,true],"covernews-featured":["https:\/\/fmnativa.com\/portal\/wp-content\/uploads\/2021\/05\/IMG-20210517-WA0026-1024x602.jpg",1024,602,true],"covernews-medium":["https:\/\/fmnativa.com\/portal\/wp-content\/uploads\/2021\/05\/IMG-20210517-WA0026-540x340.jpg",540,340,true],"covernews-medium-square":["https:\/\/fmnativa.com\/portal\/wp-content\/uploads\/2021\/05\/IMG-20210517-WA0026-400x250.jpg",400,250,true]},"author_info":{"info":["Fabian"]},"category_info":"<a href=\"https:\/\/fmnativa.com\/portal\/category\/covid-19\/\" rel=\"category tag\">COVID 19<\/a> <a href=\"https:\/\/fmnativa.com\/portal\/category\/locales\/\" rel=\"category tag\">LOCALES<\/a> <a href=\"https:\/\/fmnativa.com\/portal\/category\/provinciales\/\" rel=\"category tag\">PROVINCIALES<\/a>","tag_info":"PROVINCIALES","comment_count":"0","_links":{"self":[{"href":"https:\/\/fmnativa.com\/portal\/wp-json\/wp\/v2\/posts\/3250","targetHints":{"allow":["GET"]}}],"collection":[{"href":"https:\/\/fmnativa.com\/portal\/wp-json\/wp\/v2\/posts"}],"about":[{"href":"https:\/\/fmnativa.com\/portal\/wp-json\/wp\/v2\/types\/post"}],"author":[{"embeddable":true,"href":"https:\/\/fmnativa.com\/portal\/wp-json\/wp\/v2\/users\/1"}],"replies":[{"embeddable":true,"href":"https:\/\/fmnativa.com\/portal\/wp-json\/wp\/v2\/comments?post=3250"}],"version-history":[{"count":1,"href":"https:\/\/fmnativa.com\/portal\/wp-json\/wp\/v2\/posts\/3250\/revisions"}],"predecessor-version":[{"id":3252,"href":"https:\/\/fmnativa.com\/portal\/wp-json\/wp\/v2\/posts\/3250\/revisions\/3252"}],"wp:featuredmedia":[{"embeddable":true,"href":"https:\/\/fmnativa.com\/portal\/wp-json\/wp\/v2\/media\/3251"}],"wp:attachment":[{"href":"https:\/\/fmnativa.com\/portal\/wp-json\/wp\/v2\/media?parent=3250"}],"wp:term":[{"taxonomy":"category","embeddable":true,"href":"https:\/\/fmnativa.com\/portal\/wp-json\/wp\/v2\/categories?post=3250"},{"taxonomy":"post_tag","embeddable":true,"href":"https:\/\/fmnativa.com\/portal\/wp-json\/wp\/v2\/tags?post=3250"}],"curies":[{"name":"wp","href":"https:\/\/api.w.org\/{rel}","templated":true}]}}