{"id":3256,"date":"2021-05-17T19:16:54","date_gmt":"2021-05-17T22:16:54","guid":{"rendered":"https:\/\/fmnativa.com\/portal\/?p=3256"},"modified":"2021-05-17T19:21:11","modified_gmt":"2021-05-17T22:21:11","slug":"reconquista-dos-locales-comerciales-clausurados-hoy","status":"publish","type":"post","link":"https:\/\/fmnativa.com\/portal\/2021\/05\/17\/reconquista-dos-locales-comerciales-clausurados-hoy\/","title":{"rendered":"Reconquista &#8211; Dos locales comerciales clausurados hoy."},"content":{"rendered":"<div id=\"fb-root\"><\/div>\n<p>a Municipalidad de Reconquista informa que, en el uso de las facultades que le son propias y en un operativo conjunto con ASSAL, procedi\u00f3 en la jornada del lunes 17 de mayo a las siguientes clausuras preventivas:<\/p>\n<p style=\"text-align: center;\"><img fetchpriority=\"high\" decoding=\"async\" class=\" wp-image-3260 alignleft\" src=\"https:\/\/fmnativa.com\/portal\/wp-content\/uploads\/2021\/05\/2-2-300x225.jpeg\" alt=\"\" width=\"280\" height=\"210\" srcset=\"https:\/\/fmnativa.com\/portal\/wp-content\/uploads\/2021\/05\/2-2-300x225.jpeg 300w, https:\/\/fmnativa.com\/portal\/wp-content\/uploads\/2021\/05\/2-2-1024x768.jpeg 1024w, https:\/\/fmnativa.com\/portal\/wp-content\/uploads\/2021\/05\/2-2-768x576.jpeg 768w, https:\/\/fmnativa.com\/portal\/wp-content\/uploads\/2021\/05\/2-2.jpeg 1040w\" sizes=\"(max-width: 280px) 100vw, 280px\" \/><\/p>\n<p>\u2022 <strong>Supermercado Daniela<\/strong><\/p>\n<p>de Serrichio Juan Carlos Antonio,<\/p>\n<p>General L\u00f3pez 717:<\/p>\n<p>se decomisaron 227 productos alimenticios vencidos, sin rotulaci\u00f3n reglamentaria y con caracter\u00edsticas organol\u00e9pticas alteradas.<\/p>\n<p>&nbsp;<\/p>\n<p>&nbsp;<\/p>\n<p>&nbsp;<\/p>\n<p style=\"text-align: center;\"><img decoding=\"async\" class=\"wp-image-3261 alignleft\" src=\"https:\/\/fmnativa.com\/portal\/wp-content\/uploads\/2021\/05\/1-15-169x300.jpg\" alt=\"\" width=\"211\" height=\"375\" srcset=\"https:\/\/fmnativa.com\/portal\/wp-content\/uploads\/2021\/05\/1-15-169x300.jpg 169w, https:\/\/fmnativa.com\/portal\/wp-content\/uploads\/2021\/05\/1-15-576x1024.jpg 576w, https:\/\/fmnativa.com\/portal\/wp-content\/uploads\/2021\/05\/1-15.jpg 581w\" sizes=\"(max-width: 211px) 100vw, 211px\" \/><\/p>\n<p style=\"text-align: center;\">\u2022 <strong>Carnicer\u00eda EL ESTABLO<\/strong><\/p>\n<p style=\"text-align: center;\">ubicada en Alvear 955,<\/p>\n<p style=\"text-align: center;\">de Celano Juan Jos\u00e9.<\/p>\n<p style=\"text-align: center;\">Decomiso de 80 kilogramos de faena no segura y falta de habilitaci\u00f3n.<\/p>\n","protected":false},"excerpt":{"rendered":"<p>a Municipalidad de Reconquista informa que, en el uso de las facultades que le son&#8230;<\/p>\n","protected":false},"author":1,"featured_media":3257,"comment_status":"closed","ping_status":"closed","sticky":false,"template":"","format":"standard","meta":{"footnotes":""},"categories":[5],"tags":[1063,276,656,37],"class_list":["post-3256","post","type-post","status-publish","format-standard","has-post-thumbnail","hentry","category-locales","tag-assal","tag-clausura","tag-municipalidaddereconquista","tag-reconquista"],"featured_image_urls":{"full":["https:\/\/fmnativa.com\/portal\/wp-content\/uploads\/2021\/05\/2-1.jpeg",1032,581,false],"thumbnail":["https:\/\/fmnativa.com\/portal\/wp-content\/uploads\/2021\/05\/2-1-150x150.jpeg",150,150,true],"medium":["https:\/\/fmnativa.com\/portal\/wp-content\/uploads\/2021\/05\/2-1-300x169.jpeg",300,169,true],"medium_large":["https:\/\/fmnativa.com\/portal\/wp-content\/uploads\/2021\/05\/2-1-768x432.jpeg",640,360,true],"large":["https:\/\/fmnativa.com\/portal\/wp-content\/uploads\/2021\/05\/2-1-1024x576.jpeg",640,360,true],"1536x1536":["https:\/\/fmnativa.com\/portal\/wp-content\/uploads\/2021\/05\/2-1.jpeg",1032,581,false],"2048x2048":["https:\/\/fmnativa.com\/portal\/wp-content\/uploads\/2021\/05\/2-1.jpeg",1032,581,false],"covernews-slider-full":["https:\/\/fmnativa.com\/portal\/wp-content\/uploads\/2021\/05\/2-1.jpeg",1032,581,false],"covernews-slider-center":["https:\/\/fmnativa.com\/portal\/wp-content\/uploads\/2021\/05\/2-1-800x500.jpeg",800,500,true],"covernews-featured":["https:\/\/fmnativa.com\/portal\/wp-content\/uploads\/2021\/05\/2-1-1024x576.jpeg",1024,576,true],"covernews-medium":["https:\/\/fmnativa.com\/portal\/wp-content\/uploads\/2021\/05\/2-1-540x340.jpeg",540,340,true],"covernews-medium-square":["https:\/\/fmnativa.com\/portal\/wp-content\/uploads\/2021\/05\/2-1-400x250.jpeg",400,250,true]},"author_info":{"info":["Fabian"]},"category_info":"<a href=\"https:\/\/fmnativa.com\/portal\/category\/locales\/\" rel=\"category tag\">LOCALES<\/a>","tag_info":"LOCALES","comment_count":"0","_links":{"self":[{"href":"https:\/\/fmnativa.com\/portal\/wp-json\/wp\/v2\/posts\/3256","targetHints":{"allow":["GET"]}}],"collection":[{"href":"https:\/\/fmnativa.com\/portal\/wp-json\/wp\/v2\/posts"}],"about":[{"href":"https:\/\/fmnativa.com\/portal\/wp-json\/wp\/v2\/types\/post"}],"author":[{"embeddable":true,"href":"https:\/\/fmnativa.com\/portal\/wp-json\/wp\/v2\/users\/1"}],"replies":[{"embeddable":true,"href":"https:\/\/fmnativa.com\/portal\/wp-json\/wp\/v2\/comments?post=3256"}],"version-history":[{"count":3,"href":"https:\/\/fmnativa.com\/portal\/wp-json\/wp\/v2\/posts\/3256\/revisions"}],"predecessor-version":[{"id":3262,"href":"https:\/\/fmnativa.com\/portal\/wp-json\/wp\/v2\/posts\/3256\/revisions\/3262"}],"wp:featuredmedia":[{"embeddable":true,"href":"https:\/\/fmnativa.com\/portal\/wp-json\/wp\/v2\/media\/3257"}],"wp:attachment":[{"href":"https:\/\/fmnativa.com\/portal\/wp-json\/wp\/v2\/media?parent=3256"}],"wp:term":[{"taxonomy":"category","embeddable":true,"href":"https:\/\/fmnativa.com\/portal\/wp-json\/wp\/v2\/categories?post=3256"},{"taxonomy":"post_tag","embeddable":true,"href":"https:\/\/fmnativa.com\/portal\/wp-json\/wp\/v2\/tags?post=3256"}],"curies":[{"name":"wp","href":"https:\/\/api.w.org\/{rel}","templated":true}]}}