{"id":3268,"date":"2021-05-17T22:11:45","date_gmt":"2021-05-18T01:11:45","guid":{"rendered":"https:\/\/fmnativa.com\/portal\/?p=3268"},"modified":"2021-05-17T22:15:01","modified_gmt":"2021-05-18T01:15:01","slug":"coronavirus-impactante-se-reportaron-130-casos-positivos-y-2-fallecimientos-hoy-en-la-region","status":"publish","type":"post","link":"https:\/\/fmnativa.com\/portal\/2021\/05\/17\/coronavirus-impactante-se-reportaron-130-casos-positivos-y-2-fallecimientos-hoy-en-la-region\/","title":{"rendered":"Coronavirus &#8211; IMPACTANTE&#8230; Se reportaron 130 casos positivos y 2 Fallecimientos hoy en la regi\u00f3n"},"content":{"rendered":"<div id=\"fb-root\"><\/div>\n<p>La Regi\u00f3n de Salud Reconquista informa a la poblaci\u00f3n que este lunes 17 de mayo se reportaron 130 casos de Covid-19 positivo: 2 Florencia; 1 Villa Guillermina; 2 El Rab\u00f3n; 4 Las Toscas; 4 Tacuarend\u00ed; 1 Villa Ocampo; 2 Arroyo Ceibal; 25 Avellaneda; 53 Reconquista; 25 Malabrigo; 1 Los Laureles; 5 Romang; 5 Alejandra.<\/p>\n<a href=\"https:\/\/fmnativa.com\/portal\/wp-content\/uploads\/2021\/05\/Informe-diario-17-MAYO-2021.pdf\" class=\"pdfemb-viewer\" style=\"\" data-width=\"max\" data-height=\"max\" data-toolbar=\"bottom\" data-toolbar-fixed=\"off\">Informe diario 17 MAYO- 2021<\/a>\n","protected":false},"excerpt":{"rendered":"<p>La Regi\u00f3n de Salud Reconquista informa a la poblaci\u00f3n que este lunes 17 de mayo&#8230;<\/p>\n","protected":false},"author":1,"featured_media":1953,"comment_status":"closed","ping_status":"closed","sticky":false,"template":"","format":"standard","meta":{"footnotes":""},"categories":[49,5,6],"tags":[30,16,103,133,32,130,33,42,91,698,80,60,73],"class_list":["post-3268","post","type-post","status-publish","format-standard","has-post-thumbnail","hentry","category-covid-19","category-locales","category-regionales","tag-aislamiento","tag-avellaneda","tag-contagiados","tag-coronavirus","tag-covid-19","tag-cuarentena","tag-decesos","tag-fallecidos","tag-muertos","tag-nortedesantafe","tag-pandemia","tag-region","tag-salud"],"featured_image_urls":{"full":["https:\/\/fmnativa.com\/portal\/wp-content\/uploads\/2020\/12\/CORONAVIRUS-NORTE-DE-SANTA-FE.png",1456,766,false],"thumbnail":["https:\/\/fmnativa.com\/portal\/wp-content\/uploads\/2020\/12\/CORONAVIRUS-NORTE-DE-SANTA-FE-150x150.png",150,150,true],"medium":["https:\/\/fmnativa.com\/portal\/wp-content\/uploads\/2020\/12\/CORONAVIRUS-NORTE-DE-SANTA-FE-300x158.png",300,158,true],"medium_large":["https:\/\/fmnativa.com\/portal\/wp-content\/uploads\/2020\/12\/CORONAVIRUS-NORTE-DE-SANTA-FE-768x404.png",640,337,true],"large":["https:\/\/fmnativa.com\/portal\/wp-content\/uploads\/2020\/12\/CORONAVIRUS-NORTE-DE-SANTA-FE-1024x539.png",640,337,true],"1536x1536":["https:\/\/fmnativa.com\/portal\/wp-content\/uploads\/2020\/12\/CORONAVIRUS-NORTE-DE-SANTA-FE.png",1456,766,false],"2048x2048":["https:\/\/fmnativa.com\/portal\/wp-content\/uploads\/2020\/12\/CORONAVIRUS-NORTE-DE-SANTA-FE.png",1456,766,false],"covernews-slider-full":["https:\/\/fmnativa.com\/portal\/wp-content\/uploads\/2020\/12\/CORONAVIRUS-NORTE-DE-SANTA-FE.png",1115,587,false],"covernews-slider-center":["https:\/\/fmnativa.com\/portal\/wp-content\/uploads\/2020\/12\/CORONAVIRUS-NORTE-DE-SANTA-FE.png",800,421,false],"covernews-featured":["https:\/\/fmnativa.com\/portal\/wp-content\/uploads\/2020\/12\/CORONAVIRUS-NORTE-DE-SANTA-FE.png",1024,539,false],"covernews-medium":["https:\/\/fmnativa.com\/portal\/wp-content\/uploads\/2020\/12\/CORONAVIRUS-NORTE-DE-SANTA-FE.png",540,284,false],"covernews-medium-square":["https:\/\/fmnativa.com\/portal\/wp-content\/uploads\/2020\/12\/CORONAVIRUS-NORTE-DE-SANTA-FE.png",400,210,false]},"author_info":{"info":["Fabian"]},"category_info":"<a href=\"https:\/\/fmnativa.com\/portal\/category\/covid-19\/\" rel=\"category tag\">COVID 19<\/a> <a href=\"https:\/\/fmnativa.com\/portal\/category\/locales\/\" rel=\"category tag\">LOCALES<\/a> <a href=\"https:\/\/fmnativa.com\/portal\/category\/regionales\/\" rel=\"category tag\">REGIONALES<\/a>","tag_info":"REGIONALES","comment_count":"0","_links":{"self":[{"href":"https:\/\/fmnativa.com\/portal\/wp-json\/wp\/v2\/posts\/3268","targetHints":{"allow":["GET"]}}],"collection":[{"href":"https:\/\/fmnativa.com\/portal\/wp-json\/wp\/v2\/posts"}],"about":[{"href":"https:\/\/fmnativa.com\/portal\/wp-json\/wp\/v2\/types\/post"}],"author":[{"embeddable":true,"href":"https:\/\/fmnativa.com\/portal\/wp-json\/wp\/v2\/users\/1"}],"replies":[{"embeddable":true,"href":"https:\/\/fmnativa.com\/portal\/wp-json\/wp\/v2\/comments?post=3268"}],"version-history":[{"count":1,"href":"https:\/\/fmnativa.com\/portal\/wp-json\/wp\/v2\/posts\/3268\/revisions"}],"predecessor-version":[{"id":3270,"href":"https:\/\/fmnativa.com\/portal\/wp-json\/wp\/v2\/posts\/3268\/revisions\/3270"}],"wp:featuredmedia":[{"embeddable":true,"href":"https:\/\/fmnativa.com\/portal\/wp-json\/wp\/v2\/media\/1953"}],"wp:attachment":[{"href":"https:\/\/fmnativa.com\/portal\/wp-json\/wp\/v2\/media?parent=3268"}],"wp:term":[{"taxonomy":"category","embeddable":true,"href":"https:\/\/fmnativa.com\/portal\/wp-json\/wp\/v2\/categories?post=3268"},{"taxonomy":"post_tag","embeddable":true,"href":"https:\/\/fmnativa.com\/portal\/wp-json\/wp\/v2\/tags?post=3268"}],"curies":[{"name":"wp","href":"https:\/\/api.w.org\/{rel}","templated":true}]}}