{"id":3293,"date":"2021-05-18T22:13:40","date_gmt":"2021-05-19T01:13:40","guid":{"rendered":"https:\/\/fmnativa.com\/portal\/?p=3293"},"modified":"2021-05-18T23:31:01","modified_gmt":"2021-05-19T02:31:01","slug":"coronavirus-durisimas-restricciones-en-toda-la-provincia","status":"publish","type":"post","link":"https:\/\/fmnativa.com\/portal\/2021\/05\/18\/coronavirus-durisimas-restricciones-en-toda-la-provincia\/","title":{"rendered":"Coronavirus &#8211; DURISIMAS RESTRICCIONES EN TODA LA PROVINCIA"},"content":{"rendered":"<div id=\"fb-root\"><\/div>\n<p>Las medidas dispuestas por PEROTTI entran en vigencia desde el d\u00eda Jueves.<\/p>\n<p>Solo podr\u00e1n circular en veh\u00edculos quienes cumplan funciones laborales o tengan un justificativo de fuerza mayor. Se adelanta el cierre de negocios desde las 17 hs y locales gastron\u00f3micos desde las 19.<\/p>\n<p><strong>La pregunta tonta: <span style=\"color: #ff0000;\">PARA QUE ABRIR LOS NEGOCIOS SI LOS CLIENTES SOLO PUEDEN CIRCULAR DE A PIE ?<\/span><\/strong><\/p>\n<p>El Gobierno de la provincia de Santa Fe, acorralado por la suba de casos y muertes por coronavirus, decidi\u00f3 endurecer las medidas restrictivas en todo el territorio Santafesino.<\/p>\n<p>Desde este jueves y hasta el 30 de mayo (inclusive),\u00a0 los locales gastron\u00f3micos podr\u00e1n abrir hasta las 19, mientras que los comercios deber\u00e1n cerrar a las 17 y\u00a0 se suspende la actividad comercial en centros comerciales, paseos, shoppings y establecimientos afines.<\/p>\n<p>La circulaci\u00f3n vehicular estar\u00e1 limitada para personas que cumplan funciones laborales o quienes tengan un justificativo de fuerza mayor.<\/p>\n<p>Por su parte, las guarder\u00edas maternales podr\u00e1n continuar trabajando pero con un aforo determinado por cada municipio.<\/p>\n<p>En cuanto a las actividades recreativas, se suspende la pr\u00e1ctica de deportes grupales de contacto (al aire libre y en espacios cerrados). Asimismo, el funcionamiento de clubes, gimnasios y otros establecimientos afines, incluidas las actividades al aire libre.<\/p>\n<p>Tambi\u00e9n actividades n\u00e1uticas, pesca deportiva y recreativa en modalidad costa y embarcados, los clubes deportivos vinculados a las mismas y de guarder\u00edas n\u00e1uticas.<\/p>\n<p>El objetivo es reducir la circulaci\u00f3n de personas para evitar el crecimiento de los contagios, lo que lleva a una mayor ocupaci\u00f3n de camas cr\u00edticas, que se encuentran al borde del colapso.<\/p>\n<p>De hecho, este martes el Ministerio de Salud report\u00f3 su cifra m\u00e1xima de casos en lo que va en la pandemia: 3.278 positivos en 24 horas. De esta forma, el total de infectados ascendi\u00f3 a 307.745. En tanto, el reporte consign\u00f3 23 nuevos fallecidos y el acumulado es de 4.903 v\u00edctimas fatales.<\/p>\n<p>&nbsp;<\/p>\n<p>&nbsp;<\/p>\n<p>&nbsp;<\/p>\n<p>&nbsp;<\/p>\n","protected":false},"excerpt":{"rendered":"<p>Las medidas dispuestas por PEROTTI entran en vigencia desde el d\u00eda Jueves. Solo podr\u00e1n circular&#8230;<\/p>\n","protected":false},"author":1,"featured_media":3296,"comment_status":"closed","ping_status":"closed","sticky":false,"template":"","format":"standard","meta":{"footnotes":""},"categories":[49,5,7],"tags":[30,103,133,130,33,42,80,75,643,73,24],"class_list":["post-3293","post","type-post","status-publish","format-standard","has-post-thumbnail","hentry","category-covid-19","category-locales","category-provinciales","tag-aislamiento","tag-contagiados","tag-coronavirus","tag-cuarentena","tag-decesos","tag-fallecidos","tag-pandemia","tag-perotti","tag-provinciadesantafe","tag-salud","tag-urgente"],"featured_image_urls":{"full":["https:\/\/fmnativa.com\/portal\/wp-content\/uploads\/2021\/05\/1-18-e1621386804570.jpg",584,400,false],"thumbnail":["https:\/\/fmnativa.com\/portal\/wp-content\/uploads\/2021\/05\/1-18-e1621386804570-150x150.jpg",150,150,true],"medium":["https:\/\/fmnativa.com\/portal\/wp-content\/uploads\/2021\/05\/1-18-e1621386804570-300x205.jpg",300,205,true],"medium_large":["https:\/\/fmnativa.com\/portal\/wp-content\/uploads\/2021\/05\/1-18-768x384.jpg",640,320,true],"large":["https:\/\/fmnativa.com\/portal\/wp-content\/uploads\/2021\/05\/1-18-e1621386804570.jpg",584,400,false],"1536x1536":["https:\/\/fmnativa.com\/portal\/wp-content\/uploads\/2021\/05\/1-18-e1621386804570.jpg",584,400,false],"2048x2048":["https:\/\/fmnativa.com\/portal\/wp-content\/uploads\/2021\/05\/1-18-e1621386804570.jpg",584,400,false],"covernews-slider-full":["https:\/\/fmnativa.com\/portal\/wp-content\/uploads\/2021\/05\/1-18-e1621386804570.jpg",584,400,false],"covernews-slider-center":["https:\/\/fmnativa.com\/portal\/wp-content\/uploads\/2021\/05\/1-18-e1621386804570.jpg",584,400,false],"covernews-featured":["https:\/\/fmnativa.com\/portal\/wp-content\/uploads\/2021\/05\/1-18-e1621386804570.jpg",584,400,false],"covernews-medium":["https:\/\/fmnativa.com\/portal\/wp-content\/uploads\/2021\/05\/1-18-e1621386804570-540x340.jpg",540,340,true],"covernews-medium-square":["https:\/\/fmnativa.com\/portal\/wp-content\/uploads\/2021\/05\/1-18-e1621386804570-400x250.jpg",400,250,true]},"author_info":{"info":["Fabian"]},"category_info":"<a href=\"https:\/\/fmnativa.com\/portal\/category\/covid-19\/\" rel=\"category tag\">COVID 19<\/a> <a href=\"https:\/\/fmnativa.com\/portal\/category\/locales\/\" rel=\"category tag\">LOCALES<\/a> <a href=\"https:\/\/fmnativa.com\/portal\/category\/provinciales\/\" rel=\"category tag\">PROVINCIALES<\/a>","tag_info":"PROVINCIALES","comment_count":"0","_links":{"self":[{"href":"https:\/\/fmnativa.com\/portal\/wp-json\/wp\/v2\/posts\/3293","targetHints":{"allow":["GET"]}}],"collection":[{"href":"https:\/\/fmnativa.com\/portal\/wp-json\/wp\/v2\/posts"}],"about":[{"href":"https:\/\/fmnativa.com\/portal\/wp-json\/wp\/v2\/types\/post"}],"author":[{"embeddable":true,"href":"https:\/\/fmnativa.com\/portal\/wp-json\/wp\/v2\/users\/1"}],"replies":[{"embeddable":true,"href":"https:\/\/fmnativa.com\/portal\/wp-json\/wp\/v2\/comments?post=3293"}],"version-history":[{"count":3,"href":"https:\/\/fmnativa.com\/portal\/wp-json\/wp\/v2\/posts\/3293\/revisions"}],"predecessor-version":[{"id":3307,"href":"https:\/\/fmnativa.com\/portal\/wp-json\/wp\/v2\/posts\/3293\/revisions\/3307"}],"wp:featuredmedia":[{"embeddable":true,"href":"https:\/\/fmnativa.com\/portal\/wp-json\/wp\/v2\/media\/3296"}],"wp:attachment":[{"href":"https:\/\/fmnativa.com\/portal\/wp-json\/wp\/v2\/media?parent=3293"}],"wp:term":[{"taxonomy":"category","embeddable":true,"href":"https:\/\/fmnativa.com\/portal\/wp-json\/wp\/v2\/categories?post=3293"},{"taxonomy":"post_tag","embeddable":true,"href":"https:\/\/fmnativa.com\/portal\/wp-json\/wp\/v2\/tags?post=3293"}],"curies":[{"name":"wp","href":"https:\/\/api.w.org\/{rel}","templated":true}]}}