{"id":3303,"date":"2021-05-18T23:21:25","date_gmt":"2021-05-19T02:21:25","guid":{"rendered":"https:\/\/fmnativa.com\/portal\/?p=3303"},"modified":"2021-05-18T23:21:25","modified_gmt":"2021-05-19T02:21:25","slug":"carnes-perotti-se-desmarco-del-gobierno-nacional","status":"publish","type":"post","link":"https:\/\/fmnativa.com\/portal\/2021\/05\/18\/carnes-perotti-se-desmarco-del-gobierno-nacional\/","title":{"rendered":"Carnes &#8211; PEROTTI SE DESMARCO DEL GOBIERNO NACIONAL"},"content":{"rendered":"<div id=\"fb-root\"><\/div>\n<header class=\"amp-wp-content amp-wp-article-header ampforwp-title\">\n<h5 class=\"amp-wp-title\">Cr\u00edticas del Mandam\u00e1s Santafesino al cierre de las exportaciones de carne<\/h5>\n<\/header>\n<p>El gobernador de Santa Fe, Omar Perotti, opin\u00f3 este lunes que el camino correcto para resolver el problema de la suba del precio de la carne \u201ces aumentar la producci\u00f3n y no cerrar las exportaciones\u201c, al manifestar su desacuerdo por la decisi\u00f3n del Gobierno nacional de suspender por 30 d\u00edas los env\u00edos de ese producto al exterior.<\/p>\n<p>\u201cLa soluci\u00f3n es aumentar la producci\u00f3n y no cerrar las exportaciones. Tenemos las condiciones para abastecer el mercado interno y externo, manteniendo la posibilidad de exportar nuestros productos al mundo\u201d, expres\u00f3 el mandatario santafesino a trav\u00e9s de su cuenta de la red Twitter.<\/p>\n<p>En el mismo sentido, Perotti a\u00f1adi\u00f3 en otro posteo que \u201cen Santa Fe, la ganader\u00eda genera trabajo, inversiones y tiene un inmenso potencial\u201d.<\/p>\n<p>\u201cLos cambios en las reglas de juego, con soluciones que no funcionan, s\u00f3lo perjudican el futuro de la actividad que tanto nos brinda a los santafesinos\u201d, evalu\u00f3.<\/p>\n<p>Luego, el gobernador consider\u00f3 que \u201centre todos debemos trabajar de cara al futuro de la provincia, con una visi\u00f3n amplia que nos permita potenciar la ganader\u00eda, no achicarla\u201d.<\/p>\n<p>Perotti marc\u00f3 de esa forma su disenso con el anuncio del Gobierno de suspender por 30 d\u00edas las exportaciones de carne vacuna, con la intenci\u00f3n de bajar la presi\u00f3n sobre los precios que se viene registrando en los \u00faltimos meses.<\/p>\n<p>Fuente: T\u00e9lam<\/p>\n","protected":false},"excerpt":{"rendered":"<p>Cr\u00edticas del Mandam\u00e1s Santafesino al cierre de las exportaciones de carne El gobernador de Santa&#8230;<\/p>\n","protected":false},"author":1,"featured_media":3304,"comment_status":"closed","ping_status":"closed","sticky":false,"template":"","format":"standard","meta":{"footnotes":""},"categories":[7],"tags":[43,490,1078,1077],"class_list":["post-3303","post","type-post","status-publish","format-standard","has-post-thumbnail","hentry","category-provinciales","tag-argentina","tag-carne","tag-cierre-de-exportacion","tag-exportacion"],"featured_image_urls":{"full":["https:\/\/fmnativa.com\/portal\/wp-content\/uploads\/2021\/05\/frigorifico.jpg",800,500,false],"thumbnail":["https:\/\/fmnativa.com\/portal\/wp-content\/uploads\/2021\/05\/frigorifico-150x150.jpg",150,150,true],"medium":["https:\/\/fmnativa.com\/portal\/wp-content\/uploads\/2021\/05\/frigorifico-300x188.jpg",300,188,true],"medium_large":["https:\/\/fmnativa.com\/portal\/wp-content\/uploads\/2021\/05\/frigorifico-768x480.jpg",640,400,true],"large":["https:\/\/fmnativa.com\/portal\/wp-content\/uploads\/2021\/05\/frigorifico.jpg",640,400,false],"1536x1536":["https:\/\/fmnativa.com\/portal\/wp-content\/uploads\/2021\/05\/frigorifico.jpg",800,500,false],"2048x2048":["https:\/\/fmnativa.com\/portal\/wp-content\/uploads\/2021\/05\/frigorifico.jpg",800,500,false],"covernews-slider-full":["https:\/\/fmnativa.com\/portal\/wp-content\/uploads\/2021\/05\/frigorifico.jpg",800,500,false],"covernews-slider-center":["https:\/\/fmnativa.com\/portal\/wp-content\/uploads\/2021\/05\/frigorifico.jpg",800,500,false],"covernews-featured":["https:\/\/fmnativa.com\/portal\/wp-content\/uploads\/2021\/05\/frigorifico.jpg",800,500,false],"covernews-medium":["https:\/\/fmnativa.com\/portal\/wp-content\/uploads\/2021\/05\/frigorifico-540x340.jpg",540,340,true],"covernews-medium-square":["https:\/\/fmnativa.com\/portal\/wp-content\/uploads\/2021\/05\/frigorifico-400x250.jpg",400,250,true]},"author_info":{"info":["Fabian"]},"category_info":"<a href=\"https:\/\/fmnativa.com\/portal\/category\/provinciales\/\" rel=\"category tag\">PROVINCIALES<\/a>","tag_info":"PROVINCIALES","comment_count":"0","_links":{"self":[{"href":"https:\/\/fmnativa.com\/portal\/wp-json\/wp\/v2\/posts\/3303","targetHints":{"allow":["GET"]}}],"collection":[{"href":"https:\/\/fmnativa.com\/portal\/wp-json\/wp\/v2\/posts"}],"about":[{"href":"https:\/\/fmnativa.com\/portal\/wp-json\/wp\/v2\/types\/post"}],"author":[{"embeddable":true,"href":"https:\/\/fmnativa.com\/portal\/wp-json\/wp\/v2\/users\/1"}],"replies":[{"embeddable":true,"href":"https:\/\/fmnativa.com\/portal\/wp-json\/wp\/v2\/comments?post=3303"}],"version-history":[{"count":1,"href":"https:\/\/fmnativa.com\/portal\/wp-json\/wp\/v2\/posts\/3303\/revisions"}],"predecessor-version":[{"id":3305,"href":"https:\/\/fmnativa.com\/portal\/wp-json\/wp\/v2\/posts\/3303\/revisions\/3305"}],"wp:featuredmedia":[{"embeddable":true,"href":"https:\/\/fmnativa.com\/portal\/wp-json\/wp\/v2\/media\/3304"}],"wp:attachment":[{"href":"https:\/\/fmnativa.com\/portal\/wp-json\/wp\/v2\/media?parent=3303"}],"wp:term":[{"taxonomy":"category","embeddable":true,"href":"https:\/\/fmnativa.com\/portal\/wp-json\/wp\/v2\/categories?post=3303"},{"taxonomy":"post_tag","embeddable":true,"href":"https:\/\/fmnativa.com\/portal\/wp-json\/wp\/v2\/tags?post=3303"}],"curies":[{"name":"wp","href":"https:\/\/api.w.org\/{rel}","templated":true}]}}