{"id":3348,"date":"2021-05-29T13:46:19","date_gmt":"2021-05-29T16:46:19","guid":{"rendered":"https:\/\/fmnativa.com\/portal\/?p=3348"},"modified":"2021-05-29T13:56:02","modified_gmt":"2021-05-29T16:56:02","slug":"coronavirus-perotti-suavizo-las-restricciones-desde-el-lunes-hasta-el-viernes","status":"publish","type":"post","link":"https:\/\/fmnativa.com\/portal\/2021\/05\/29\/coronavirus-perotti-suavizo-las-restricciones-desde-el-lunes-hasta-el-viernes\/","title":{"rendered":"CORONAVIRUS &#8211; PEROTTI SUAVIZO LAS RESTRICCIONES DESDE EL LUNES HASTA EL VIERNES"},"content":{"rendered":"<div id=\"fb-root\"><\/div>\n<p>El Gobernador Omar Perotti di\u00f3 a conocer hoy como ser\u00e1n las restricciones a partir del lunes 31 y hasta el\u00a0 viernes 4 de junio y se aplicar\u00e1n para toda la provincia.<\/p>\n<p>Son medidas similares a lo dispuesto antes de la cuarentena dura impuesta por Alberto Fern\u00e1ndez.<\/p>\n<p>COMERCIOS: En lo que respecta a los comercios considerados no esenciales, podr\u00e1n abrir sus puertas desde el lunes y a viernes hasta las 17. En tanto, aquellos \u201cesenciales\u201d (supermercados, farmacias, almacenes, etc) podr\u00e1n hacerlo hasta las 19. El factor de ocupaci\u00f3n de la superficie cerrada de los locales, destinada a la atenci\u00f3n\u00a0 del p\u00fablico, no podr\u00e1 exceder del treinta por ciento (30%).<\/p>\n<p>GASTRONOMICOS: Horario similar deber\u00e1n cumplir los locales gastron\u00f3micos quienes podr\u00e1n funcionar entre las 06hs y las\u00a0 19hs, con un aforo m\u00e1ximo del 30%.<\/p>\n<p>CENTROS COMERCIALES: Al mismo tiempo, sigue suspendida la actividad comercial en centros comerciales, paseos, shoppings y establecimientos afines.<\/p>\n<p>CIRCULACION VEHICULAR: En lo que respecta a la circulaci\u00f3n hasta el viernes 4, el gobierno provincial dispuso restricciones vehiculares entre las 18 y las 6. A continuaci\u00f3n quienes pueden circular:<\/p>\n<p class=\"lista-txt-linklist\">La estrictamente necesaria para realizar actividades definidas como esenciales en la emergencia, incluidas las situaciones de fuerza mayor.<\/p>\n<p class=\"lista-txt-linklist\">Los desplazamientos desde y hacia los lugares de trabajo de los que desarrollan actividades habilitadas,\u00a0 incluidos los de los propietarios de los locales o establecimientos.<\/p>\n<p class=\"lista-txt-linklist\">La concurrencia a los establecimientos educativos del personal escolar, cuando as\u00ed fuera dispuesto por las autoridades a\u00fan mediando suspensi\u00f3n de las actividades presenciales.<\/p>\n<h2><strong>Actividades suspendidas<\/strong><\/h2>\n<ul>\n<li class=\"lista-txt-linklist\">Se suspende la pr\u00e1ctica de deportes grupales de contacto (al aire libre y en espacios cerrados), y las competencias deportivas provinciales, zonales o locales de car\u00e1cter profesional o amateur, no habilitadas expresamente por las autoridades nacionales.<\/li>\n<\/ul>\n<ul>\n<li class=\"lista-txt-linklist\">El funcionamiento de clubes, gimnasios y otros establecimientos afines, incluidas las actividades al aire libre.<\/li>\n<\/ul>\n<ul>\n<li class=\"lista-txt-linklist\">Actividades n\u00e1uticas, pesca deportiva y recreativa en modalidad costa y embarcados, actividades de los clubes deportivos vinculados a las mismas y de guarder\u00edas n\u00e1uticas.<\/li>\n<\/ul>\n<p>AQUI EL DECRETO<\/p>\n<a href=\"https:\/\/fmnativa.com\/portal\/wp-content\/uploads\/2021\/05\/D0073521C.pdf\" class=\"pdfemb-viewer\" style=\"\" data-width=\"max\" data-height=\"max\" data-toolbar=\"bottom\" data-toolbar-fixed=\"off\">D0073521C<\/a>\n<p>&nbsp;<\/p>\n<p>&nbsp;<\/p>\n","protected":false},"excerpt":{"rendered":"<p>El Gobernador Omar Perotti di\u00f3 a conocer hoy como ser\u00e1n las restricciones a partir del&#8230;<\/p>\n","protected":false},"author":1,"featured_media":3350,"comment_status":"closed","ping_status":"closed","sticky":false,"template":"","format":"standard","meta":{"footnotes":""},"categories":[49,5,7],"tags":[30,103,133,32,130,643,73],"class_list":["post-3348","post","type-post","status-publish","format-standard","has-post-thumbnail","hentry","category-covid-19","category-locales","category-provinciales","tag-aislamiento","tag-contagiados","tag-coronavirus","tag-covid-19","tag-cuarentena","tag-provinciadesantafe","tag-salud"],"featured_image_urls":{"full":["https:\/\/fmnativa.com\/portal\/wp-content\/uploads\/2021\/05\/20210529_134536_0000.png",416,233,false],"thumbnail":["https:\/\/fmnativa.com\/portal\/wp-content\/uploads\/2021\/05\/20210529_134536_0000-150x150.png",150,150,true],"medium":["https:\/\/fmnativa.com\/portal\/wp-content\/uploads\/2021\/05\/20210529_134536_0000-300x168.png",300,168,true],"medium_large":["https:\/\/fmnativa.com\/portal\/wp-content\/uploads\/2021\/05\/20210529_134536_0000.png",416,233,false],"large":["https:\/\/fmnativa.com\/portal\/wp-content\/uploads\/2021\/05\/20210529_134536_0000.png",416,233,false],"1536x1536":["https:\/\/fmnativa.com\/portal\/wp-content\/uploads\/2021\/05\/20210529_134536_0000.png",416,233,false],"2048x2048":["https:\/\/fmnativa.com\/portal\/wp-content\/uploads\/2021\/05\/20210529_134536_0000.png",416,233,false],"covernews-slider-full":["https:\/\/fmnativa.com\/portal\/wp-content\/uploads\/2021\/05\/20210529_134536_0000.png",416,233,false],"covernews-slider-center":["https:\/\/fmnativa.com\/portal\/wp-content\/uploads\/2021\/05\/20210529_134536_0000.png",416,233,false],"covernews-featured":["https:\/\/fmnativa.com\/portal\/wp-content\/uploads\/2021\/05\/20210529_134536_0000.png",416,233,false],"covernews-medium":["https:\/\/fmnativa.com\/portal\/wp-content\/uploads\/2021\/05\/20210529_134536_0000.png",416,233,false],"covernews-medium-square":["https:\/\/fmnativa.com\/portal\/wp-content\/uploads\/2021\/05\/20210529_134536_0000-400x233.png",400,233,true]},"author_info":{"info":["Fabian"]},"category_info":"<a href=\"https:\/\/fmnativa.com\/portal\/category\/covid-19\/\" rel=\"category tag\">COVID 19<\/a> <a href=\"https:\/\/fmnativa.com\/portal\/category\/locales\/\" rel=\"category tag\">LOCALES<\/a> <a href=\"https:\/\/fmnativa.com\/portal\/category\/provinciales\/\" rel=\"category tag\">PROVINCIALES<\/a>","tag_info":"PROVINCIALES","comment_count":"0","_links":{"self":[{"href":"https:\/\/fmnativa.com\/portal\/wp-json\/wp\/v2\/posts\/3348","targetHints":{"allow":["GET"]}}],"collection":[{"href":"https:\/\/fmnativa.com\/portal\/wp-json\/wp\/v2\/posts"}],"about":[{"href":"https:\/\/fmnativa.com\/portal\/wp-json\/wp\/v2\/types\/post"}],"author":[{"embeddable":true,"href":"https:\/\/fmnativa.com\/portal\/wp-json\/wp\/v2\/users\/1"}],"replies":[{"embeddable":true,"href":"https:\/\/fmnativa.com\/portal\/wp-json\/wp\/v2\/comments?post=3348"}],"version-history":[{"count":2,"href":"https:\/\/fmnativa.com\/portal\/wp-json\/wp\/v2\/posts\/3348\/revisions"}],"predecessor-version":[{"id":3354,"href":"https:\/\/fmnativa.com\/portal\/wp-json\/wp\/v2\/posts\/3348\/revisions\/3354"}],"wp:featuredmedia":[{"embeddable":true,"href":"https:\/\/fmnativa.com\/portal\/wp-json\/wp\/v2\/media\/3350"}],"wp:attachment":[{"href":"https:\/\/fmnativa.com\/portal\/wp-json\/wp\/v2\/media?parent=3348"}],"wp:term":[{"taxonomy":"category","embeddable":true,"href":"https:\/\/fmnativa.com\/portal\/wp-json\/wp\/v2\/categories?post=3348"},{"taxonomy":"post_tag","embeddable":true,"href":"https:\/\/fmnativa.com\/portal\/wp-json\/wp\/v2\/tags?post=3348"}],"curies":[{"name":"wp","href":"https:\/\/api.w.org\/{rel}","templated":true}]}}