{"id":3381,"date":"2021-06-09T11:19:58","date_gmt":"2021-06-09T14:19:58","guid":{"rendered":"https:\/\/fmnativa.com\/portal\/?p=3381"},"modified":"2021-06-09T21:53:57","modified_gmt":"2021-06-10T00:53:57","slug":"turismo-nacional-se-corre-la-5ta-fecha-este-jueves-y-viernes","status":"publish","type":"post","link":"https:\/\/fmnativa.com\/portal\/2021\/06\/09\/turismo-nacional-se-corre-la-5ta-fecha-este-jueves-y-viernes\/","title":{"rendered":"TURISMO NACIONAL &#8211; Se corre la 5ta Fecha este Jueves y Viernes"},"content":{"rendered":"<div id=\"fb-root\"><\/div>\n<p>Por segunda vez en ocho meses, el Turismo Nacional disputar\u00e1 una competencia durante el transcurso de la semana, se trata de la 5ta Fecha del calendario.<\/p>\n<p>Tal como ocurri\u00f3 el 27 de octubre de 2020, el Aut\u00f3dromo Roberto Mouras de Lsa Plata ser\u00e1 escenario de dos intensas jornadas de actividad agiornadas al contexto social y epidemiol\u00f3gico que vive la Rep\u00fablica Argentina ante la pandemia por coronavirus.<\/p>\n<p><strong>CRONOGRAMA<\/strong><\/p>\n<p><strong>Jueves 10-06<\/strong><\/p>\n<p>10.00 Clase 2 Grupo A 1\u00b0 entrenamiento<br \/>\n10.40 Clase 2 Grupo B 1\u00b0 entrenamiento<br \/>\n12.00 Clase 2 Grupo A 2\u00b0 entrenamiento<br \/>\n12.35 Clase 2 Grupo B 2\u00b0 entrenamiento<\/p>\n<p>15.00 Clase 2 Grupo B Clasificaci\u00f3n<br \/>\n15.15 Clase 2 Grupo C Clasificaci\u00f3n<br \/>\n15.30 Clase 2 Grupo A Clasificaci\u00f3n<\/p>\n<p>15:50 Clase 3 Grupo A 1\u00b0 entrenamiento<br \/>\n16:45 Clase 3 Grupo B 1\u00b0 entrenamiento<\/p>\n<p><strong>Viernes 11-06<\/strong><\/p>\n<p>09.10 Clase 2 1\u00ba serie \u2013 6 vueltas<\/p>\n<p>09.45 Clase 2 2\u00ba serie \u2013 6 vueltas<\/p>\n<p>10.10 Clase 3 Grupo B Clasificaci\u00f3n<br \/>\n10.25 Clase 3 Grupo C Clasificaci\u00f3n<br \/>\n10.40 Clase 3 Grupo A Clasificaci\u00f3n<\/p>\n<p>12.35 Clase 3 1\u00ba serie \u2013 6 vueltas<\/p>\n<p>13.05 Clase 3 2\u00ba serie \u2013 6 vueltas<\/p>\n<p>13.50 Clase 2 Final 16 vueltas o 35 minutos<\/p>\n<p>15.00 Clase 3 Final 20 vueltas o 40 minutos<\/p>\n<p>AUTOS HABILITADOS: Para la largada de las pruebas finales participar\u00e1n 46 autos.<\/p>\n","protected":false},"excerpt":{"rendered":"<p>Por segunda vez en ocho meses, el Turismo Nacional disputar\u00e1 una competencia durante el transcurso&#8230;<\/p>\n","protected":false},"author":1,"featured_media":3382,"comment_status":"closed","ping_status":"closed","sticky":false,"template":"","format":"standard","meta":{"footnotes":""},"categories":[48,8,10],"tags":[1094,1084,1083,691,1042,1093],"class_list":["post-3381","post","type-post","status-publish","format-standard","has-post-thumbnail","hentry","category-deportes","category-nacionales","category-ponelaquinta","tag-autodromodelaplata","tag-fmnativa","tag-nativa969","tag-ponelaquinta","tag-tn","tag-turismonacional"],"featured_image_urls":{"full":["https:\/\/fmnativa.com\/portal\/wp-content\/uploads\/2021\/06\/NOTICIA-PORTAL-NATIVA-5.jpg",416,233,false],"thumbnail":["https:\/\/fmnativa.com\/portal\/wp-content\/uploads\/2021\/06\/NOTICIA-PORTAL-NATIVA-5-150x150.jpg",150,150,true],"medium":["https:\/\/fmnativa.com\/portal\/wp-content\/uploads\/2021\/06\/NOTICIA-PORTAL-NATIVA-5-300x168.jpg",300,168,true],"medium_large":["https:\/\/fmnativa.com\/portal\/wp-content\/uploads\/2021\/06\/NOTICIA-PORTAL-NATIVA-5.jpg",416,233,false],"large":["https:\/\/fmnativa.com\/portal\/wp-content\/uploads\/2021\/06\/NOTICIA-PORTAL-NATIVA-5.jpg",416,233,false],"1536x1536":["https:\/\/fmnativa.com\/portal\/wp-content\/uploads\/2021\/06\/NOTICIA-PORTAL-NATIVA-5.jpg",416,233,false],"2048x2048":["https:\/\/fmnativa.com\/portal\/wp-content\/uploads\/2021\/06\/NOTICIA-PORTAL-NATIVA-5.jpg",416,233,false],"covernews-slider-full":["https:\/\/fmnativa.com\/portal\/wp-content\/uploads\/2021\/06\/NOTICIA-PORTAL-NATIVA-5.jpg",416,233,false],"covernews-slider-center":["https:\/\/fmnativa.com\/portal\/wp-content\/uploads\/2021\/06\/NOTICIA-PORTAL-NATIVA-5.jpg",416,233,false],"covernews-featured":["https:\/\/fmnativa.com\/portal\/wp-content\/uploads\/2021\/06\/NOTICIA-PORTAL-NATIVA-5.jpg",416,233,false],"covernews-medium":["https:\/\/fmnativa.com\/portal\/wp-content\/uploads\/2021\/06\/NOTICIA-PORTAL-NATIVA-5.jpg",416,233,false],"covernews-medium-square":["https:\/\/fmnativa.com\/portal\/wp-content\/uploads\/2021\/06\/NOTICIA-PORTAL-NATIVA-5-400x233.jpg",400,233,true]},"author_info":{"info":["Fabian"]},"category_info":"<a href=\"https:\/\/fmnativa.com\/portal\/category\/deportes\/\" rel=\"category tag\">DEPORTES<\/a> <a href=\"https:\/\/fmnativa.com\/portal\/category\/nacionales\/\" rel=\"category tag\">Nacionales<\/a> <a href=\"https:\/\/fmnativa.com\/portal\/category\/ponelaquinta\/\" rel=\"category tag\">Pon\u00e9 La Quinta<\/a>","tag_info":"Pon\u00e9 La Quinta","comment_count":"0","_links":{"self":[{"href":"https:\/\/fmnativa.com\/portal\/wp-json\/wp\/v2\/posts\/3381","targetHints":{"allow":["GET"]}}],"collection":[{"href":"https:\/\/fmnativa.com\/portal\/wp-json\/wp\/v2\/posts"}],"about":[{"href":"https:\/\/fmnativa.com\/portal\/wp-json\/wp\/v2\/types\/post"}],"author":[{"embeddable":true,"href":"https:\/\/fmnativa.com\/portal\/wp-json\/wp\/v2\/users\/1"}],"replies":[{"embeddable":true,"href":"https:\/\/fmnativa.com\/portal\/wp-json\/wp\/v2\/comments?post=3381"}],"version-history":[{"count":1,"href":"https:\/\/fmnativa.com\/portal\/wp-json\/wp\/v2\/posts\/3381\/revisions"}],"predecessor-version":[{"id":3383,"href":"https:\/\/fmnativa.com\/portal\/wp-json\/wp\/v2\/posts\/3381\/revisions\/3383"}],"wp:featuredmedia":[{"embeddable":true,"href":"https:\/\/fmnativa.com\/portal\/wp-json\/wp\/v2\/media\/3382"}],"wp:attachment":[{"href":"https:\/\/fmnativa.com\/portal\/wp-json\/wp\/v2\/media?parent=3381"}],"wp:term":[{"taxonomy":"category","embeddable":true,"href":"https:\/\/fmnativa.com\/portal\/wp-json\/wp\/v2\/categories?post=3381"},{"taxonomy":"post_tag","embeddable":true,"href":"https:\/\/fmnativa.com\/portal\/wp-json\/wp\/v2\/tags?post=3381"}],"curies":[{"name":"wp","href":"https:\/\/api.w.org\/{rel}","templated":true}]}}