{"id":3390,"date":"2021-06-09T21:30:22","date_gmt":"2021-06-10T00:30:22","guid":{"rendered":"https:\/\/fmnativa.com\/portal\/?p=3390"},"modified":"2021-06-09T21:51:31","modified_gmt":"2021-06-10T00:51:31","slug":"karting-noreste-jonatan-leiva-dijo-lo-suyo-en-pone-la-quinta","status":"publish","type":"post","link":"https:\/\/fmnativa.com\/portal\/2021\/06\/09\/karting-noreste-jonatan-leiva-dijo-lo-suyo-en-pone-la-quinta\/","title":{"rendered":"Karting Noreste &#8211; Jonatan Leiva dijo lo suyo en Pon\u00e9 La Quinta"},"content":{"rendered":"<div id=\"fb-root\"><\/div>\n<p>El piloto del 150 SENIOR del #KartingNoresteSantafesino,\u00a0JONATAN LEIVA hablo hoy en PLQ y cont\u00f3 sobre su participaci\u00f3n en la segunda fecha del campeonato 2020 corrida tiempo atr\u00e1s<\/p>\n<p>RESUMEN DE SU PARTICIPACION<br \/>\n150 SENIOR<br \/>\nJONATAN LEIVA<br \/>\nClasifico: \u00b0 no clasifico por problemas mecanicos<br \/>\nSerie: 7\u00b0 con dos vueltas menos<br \/>\nFinal: 10\u00b0 con un giro menos<br \/>\nCampeonato: 15\u00b0 (no corri\u00f3 en la 1era)<\/p>\n<p>Por supuesto que tambi\u00e9n habl\u00f3 sobre otra actividad del deporte motor en la que participa, hablamos de Enduro.<\/p>\n<p style=\"text-align: center;\"><img fetchpriority=\"high\" decoding=\"async\" class=\"alignnone  wp-image-3404\" src=\"https:\/\/fmnativa.com\/portal\/wp-content\/uploads\/2021\/06\/5-300x300.jpg\" alt=\"\" width=\"248\" height=\"248\" srcset=\"https:\/\/fmnativa.com\/portal\/wp-content\/uploads\/2021\/06\/5-300x300.jpg 300w, https:\/\/fmnativa.com\/portal\/wp-content\/uploads\/2021\/06\/5-1024x1024.jpg 1024w, https:\/\/fmnativa.com\/portal\/wp-content\/uploads\/2021\/06\/5-150x150.jpg 150w, https:\/\/fmnativa.com\/portal\/wp-content\/uploads\/2021\/06\/5-768x768.jpg 768w, https:\/\/fmnativa.com\/portal\/wp-content\/uploads\/2021\/06\/5.jpg 1080w\" sizes=\"(max-width: 248px) 100vw, 248px\" \/><\/p>\n<audio class=\"wp-audio-shortcode\" id=\"audio-3390-1\" preload=\"none\" style=\"width: 100%;\" controls=\"controls\"><source type=\"audio\/mpeg\" src=\"https:\/\/fmnativa.com\/portal\/wp-content\/uploads\/2021\/06\/09-06-2021-Jonatan-Leiva.mp3?_=1\" \/><a href=\"https:\/\/fmnativa.com\/portal\/wp-content\/uploads\/2021\/06\/09-06-2021-Jonatan-Leiva.mp3\">https:\/\/fmnativa.com\/portal\/wp-content\/uploads\/2021\/06\/09-06-2021-Jonatan-Leiva.mp3<\/a><\/audio>\n<p>&nbsp;<\/p>\n","protected":false},"excerpt":{"rendered":"<p>El piloto del 150 SENIOR del #KartingNoresteSantafesino,\u00a0JONATAN LEIVA hablo hoy en PLQ y cont\u00f3 sobre&#8230;<\/p>\n","protected":false},"author":1,"featured_media":3394,"comment_status":"closed","ping_status":"closed","sticky":false,"template":"","format":"standard","meta":{"footnotes":""},"categories":[48,10,6],"tags":[208,438,730,1097,691],"class_list":["post-3390","post","type-post","status-publish","format-standard","has-post-thumbnail","hentry","category-deportes","category-ponelaquinta","category-regionales","tag-akns","tag-enduro","tag-kartingnorestesantafesino","tag-plq","tag-ponelaquinta"],"featured_image_urls":{"full":["https:\/\/fmnativa.com\/portal\/wp-content\/uploads\/2021\/06\/Jonatan-Leiva.jpeg",1124,750,false],"thumbnail":["https:\/\/fmnativa.com\/portal\/wp-content\/uploads\/2021\/06\/Jonatan-Leiva-150x150.jpeg",150,150,true],"medium":["https:\/\/fmnativa.com\/portal\/wp-content\/uploads\/2021\/06\/Jonatan-Leiva-300x200.jpeg",300,200,true],"medium_large":["https:\/\/fmnativa.com\/portal\/wp-content\/uploads\/2021\/06\/Jonatan-Leiva-768x512.jpeg",640,427,true],"large":["https:\/\/fmnativa.com\/portal\/wp-content\/uploads\/2021\/06\/Jonatan-Leiva-1024x683.jpeg",640,427,true],"1536x1536":["https:\/\/fmnativa.com\/portal\/wp-content\/uploads\/2021\/06\/Jonatan-Leiva.jpeg",1124,750,false],"2048x2048":["https:\/\/fmnativa.com\/portal\/wp-content\/uploads\/2021\/06\/Jonatan-Leiva.jpeg",1124,750,false],"covernews-slider-full":["https:\/\/fmnativa.com\/portal\/wp-content\/uploads\/2021\/06\/Jonatan-Leiva-1115x715.jpeg",1115,715,true],"covernews-slider-center":["https:\/\/fmnativa.com\/portal\/wp-content\/uploads\/2021\/06\/Jonatan-Leiva-800x500.jpeg",800,500,true],"covernews-featured":["https:\/\/fmnativa.com\/portal\/wp-content\/uploads\/2021\/06\/Jonatan-Leiva-1024x683.jpeg",1024,683,true],"covernews-medium":["https:\/\/fmnativa.com\/portal\/wp-content\/uploads\/2021\/06\/Jonatan-Leiva-540x340.jpeg",540,340,true],"covernews-medium-square":["https:\/\/fmnativa.com\/portal\/wp-content\/uploads\/2021\/06\/Jonatan-Leiva-400x250.jpeg",400,250,true]},"author_info":{"info":["Fabian"]},"category_info":"<a href=\"https:\/\/fmnativa.com\/portal\/category\/deportes\/\" rel=\"category tag\">DEPORTES<\/a> <a href=\"https:\/\/fmnativa.com\/portal\/category\/ponelaquinta\/\" rel=\"category tag\">Pon\u00e9 La Quinta<\/a> <a href=\"https:\/\/fmnativa.com\/portal\/category\/regionales\/\" rel=\"category tag\">REGIONALES<\/a>","tag_info":"REGIONALES","comment_count":"0","_links":{"self":[{"href":"https:\/\/fmnativa.com\/portal\/wp-json\/wp\/v2\/posts\/3390","targetHints":{"allow":["GET"]}}],"collection":[{"href":"https:\/\/fmnativa.com\/portal\/wp-json\/wp\/v2\/posts"}],"about":[{"href":"https:\/\/fmnativa.com\/portal\/wp-json\/wp\/v2\/types\/post"}],"author":[{"embeddable":true,"href":"https:\/\/fmnativa.com\/portal\/wp-json\/wp\/v2\/users\/1"}],"replies":[{"embeddable":true,"href":"https:\/\/fmnativa.com\/portal\/wp-json\/wp\/v2\/comments?post=3390"}],"version-history":[{"count":4,"href":"https:\/\/fmnativa.com\/portal\/wp-json\/wp\/v2\/posts\/3390\/revisions"}],"predecessor-version":[{"id":3407,"href":"https:\/\/fmnativa.com\/portal\/wp-json\/wp\/v2\/posts\/3390\/revisions\/3407"}],"wp:featuredmedia":[{"embeddable":true,"href":"https:\/\/fmnativa.com\/portal\/wp-json\/wp\/v2\/media\/3394"}],"wp:attachment":[{"href":"https:\/\/fmnativa.com\/portal\/wp-json\/wp\/v2\/media?parent=3390"}],"wp:term":[{"taxonomy":"category","embeddable":true,"href":"https:\/\/fmnativa.com\/portal\/wp-json\/wp\/v2\/categories?post=3390"},{"taxonomy":"post_tag","embeddable":true,"href":"https:\/\/fmnativa.com\/portal\/wp-json\/wp\/v2\/tags?post=3390"}],"curies":[{"name":"wp","href":"https:\/\/api.w.org\/{rel}","templated":true}]}}