{"id":3396,"date":"2021-06-09T22:30:18","date_gmt":"2021-06-10T01:30:18","guid":{"rendered":"https:\/\/fmnativa.com\/portal\/?p=3396"},"modified":"2021-06-09T21:50:41","modified_gmt":"2021-06-10T00:50:41","slug":"monomarca-fiat-emiliano-gomez-conto-sobre-sus-desventuras-en-la-primera-fecha","status":"publish","type":"post","link":"https:\/\/fmnativa.com\/portal\/2021\/06\/09\/monomarca-fiat-emiliano-gomez-conto-sobre-sus-desventuras-en-la-primera-fecha\/","title":{"rendered":"MONOMARCA FIAT &#8211; Emiliano G\u00f3mez cont\u00f3 sobre sus desventuras en la primera fecha"},"content":{"rendered":"<div id=\"fb-root\"><\/div>\n<p>El piloto de Avellaneda charl\u00f3 hoy en PONE LA QUINTA y nos cont\u00f3 que pas\u00f3 en la primera fecha del campeonato 2021<\/p>\n<p>Resumen de su participaci\u00f3n<br \/>\nMONOMARCA FIAT<br \/>\nEMILIANO GOMEZ<br \/>\nClasifico: \u00b0 Quedo sin tiempos por no tener selladas las cubiertas<br \/>\nSerie: 10\u00b0 abandono mientras transitaba la vuelta 3<br \/>\nFinal: 9\u00b0 con solo 6 vueltas cumplidas<br \/>\nCampeonato: 9\u00b0 con un 1 contra los 52 de Magin Lovisa que es el l\u00edder<\/p>\n<p><img fetchpriority=\"high\" decoding=\"async\" class=\"wp-image-3403 aligncenter\" src=\"https:\/\/fmnativa.com\/portal\/wp-content\/uploads\/2021\/06\/3-300x300.jpg\" alt=\"\" width=\"240\" height=\"240\" srcset=\"https:\/\/fmnativa.com\/portal\/wp-content\/uploads\/2021\/06\/3-300x300.jpg 300w, https:\/\/fmnativa.com\/portal\/wp-content\/uploads\/2021\/06\/3-1024x1024.jpg 1024w, https:\/\/fmnativa.com\/portal\/wp-content\/uploads\/2021\/06\/3-150x150.jpg 150w, https:\/\/fmnativa.com\/portal\/wp-content\/uploads\/2021\/06\/3-768x768.jpg 768w, https:\/\/fmnativa.com\/portal\/wp-content\/uploads\/2021\/06\/3.jpg 1080w\" sizes=\"(max-width: 240px) 100vw, 240px\" \/><\/p>\n<audio class=\"wp-audio-shortcode\" id=\"audio-3396-1\" preload=\"none\" style=\"width: 100%;\" controls=\"controls\"><source type=\"audio\/mpeg\" src=\"https:\/\/fmnativa.com\/portal\/wp-content\/uploads\/2021\/06\/09-06-2021-EMILIANO-GOMEZ.mp3?_=1\" \/><a href=\"https:\/\/fmnativa.com\/portal\/wp-content\/uploads\/2021\/06\/09-06-2021-EMILIANO-GOMEZ.mp3\">https:\/\/fmnativa.com\/portal\/wp-content\/uploads\/2021\/06\/09-06-2021-EMILIANO-GOMEZ.mp3<\/a><\/audio>\n","protected":false},"excerpt":{"rendered":"<p>El piloto de Avellaneda charl\u00f3 hoy en PONE LA QUINTA y nos cont\u00f3 que pas\u00f3&#8230;<\/p>\n","protected":false},"author":1,"featured_media":3398,"comment_status":"closed","ping_status":"closed","sticky":false,"template":"","format":"standard","meta":{"footnotes":""},"categories":[48,10,6],"tags":[105,1082,623,1097,691,411,625],"class_list":["post-3396","post","type-post","status-publish","format-standard","has-post-thumbnail","hentry","category-deportes","category-ponelaquinta","category-regionales","tag-automovilismo","tag-fmnativa969","tag-monomarcafiat","tag-plq","tag-ponelaquinta","tag-rac","tag-reconquistaautoclub"],"featured_image_urls":{"full":["https:\/\/fmnativa.com\/portal\/wp-content\/uploads\/2021\/06\/imagen_2021-06-09_212507-e1623285853479.png",1520,1111,false],"thumbnail":["https:\/\/fmnativa.com\/portal\/wp-content\/uploads\/2021\/06\/imagen_2021-06-09_212507-e1623285853479-150x150.png",150,150,true],"medium":["https:\/\/fmnativa.com\/portal\/wp-content\/uploads\/2021\/06\/imagen_2021-06-09_212507-e1623285853479-300x219.png",300,219,true],"medium_large":["https:\/\/fmnativa.com\/portal\/wp-content\/uploads\/2021\/06\/imagen_2021-06-09_212507-e1623285853479-768x561.png",640,468,true],"large":["https:\/\/fmnativa.com\/portal\/wp-content\/uploads\/2021\/06\/imagen_2021-06-09_212507-e1623285853479-1024x748.png",640,468,true],"1536x1536":["https:\/\/fmnativa.com\/portal\/wp-content\/uploads\/2021\/06\/imagen_2021-06-09_212507-1140x1536.png",1140,1536,true],"2048x2048":["https:\/\/fmnativa.com\/portal\/wp-content\/uploads\/2021\/06\/imagen_2021-06-09_212507-e1623285853479.png",1520,1111,false],"covernews-slider-full":["https:\/\/fmnativa.com\/portal\/wp-content\/uploads\/2021\/06\/imagen_2021-06-09_212507-e1623285853479-1115x715.png",1115,715,true],"covernews-slider-center":["https:\/\/fmnativa.com\/portal\/wp-content\/uploads\/2021\/06\/imagen_2021-06-09_212507-e1623285853479-800x500.png",800,500,true],"covernews-featured":["https:\/\/fmnativa.com\/portal\/wp-content\/uploads\/2021\/06\/imagen_2021-06-09_212507-e1623285853479-1024x748.png",1024,748,true],"covernews-medium":["https:\/\/fmnativa.com\/portal\/wp-content\/uploads\/2021\/06\/imagen_2021-06-09_212507-e1623285853479-540x340.png",540,340,true],"covernews-medium-square":["https:\/\/fmnativa.com\/portal\/wp-content\/uploads\/2021\/06\/imagen_2021-06-09_212507-e1623285853479-400x250.png",400,250,true]},"author_info":{"info":["Fabian"]},"category_info":"<a href=\"https:\/\/fmnativa.com\/portal\/category\/deportes\/\" rel=\"category tag\">DEPORTES<\/a> <a href=\"https:\/\/fmnativa.com\/portal\/category\/ponelaquinta\/\" rel=\"category tag\">Pon\u00e9 La Quinta<\/a> <a href=\"https:\/\/fmnativa.com\/portal\/category\/regionales\/\" rel=\"category tag\">REGIONALES<\/a>","tag_info":"REGIONALES","comment_count":"0","_links":{"self":[{"href":"https:\/\/fmnativa.com\/portal\/wp-json\/wp\/v2\/posts\/3396","targetHints":{"allow":["GET"]}}],"collection":[{"href":"https:\/\/fmnativa.com\/portal\/wp-json\/wp\/v2\/posts"}],"about":[{"href":"https:\/\/fmnativa.com\/portal\/wp-json\/wp\/v2\/types\/post"}],"author":[{"embeddable":true,"href":"https:\/\/fmnativa.com\/portal\/wp-json\/wp\/v2\/users\/1"}],"replies":[{"embeddable":true,"href":"https:\/\/fmnativa.com\/portal\/wp-json\/wp\/v2\/comments?post=3396"}],"version-history":[{"count":4,"href":"https:\/\/fmnativa.com\/portal\/wp-json\/wp\/v2\/posts\/3396\/revisions"}],"predecessor-version":[{"id":3406,"href":"https:\/\/fmnativa.com\/portal\/wp-json\/wp\/v2\/posts\/3396\/revisions\/3406"}],"wp:featuredmedia":[{"embeddable":true,"href":"https:\/\/fmnativa.com\/portal\/wp-json\/wp\/v2\/media\/3398"}],"wp:attachment":[{"href":"https:\/\/fmnativa.com\/portal\/wp-json\/wp\/v2\/media?parent=3396"}],"wp:term":[{"taxonomy":"category","embeddable":true,"href":"https:\/\/fmnativa.com\/portal\/wp-json\/wp\/v2\/categories?post=3396"},{"taxonomy":"post_tag","embeddable":true,"href":"https:\/\/fmnativa.com\/portal\/wp-json\/wp\/v2\/tags?post=3396"}],"curies":[{"name":"wp","href":"https:\/\/api.w.org\/{rel}","templated":true}]}}