{"id":3430,"date":"2021-06-10T17:29:15","date_gmt":"2021-06-10T20:29:15","guid":{"rendered":"https:\/\/fmnativa.com\/portal\/?p=3430"},"modified":"2021-06-10T17:29:15","modified_gmt":"2021-06-10T20:29:15","slug":"reconquista-se-viene-la-feria-del-libro-gente-del-agua","status":"publish","type":"post","link":"https:\/\/fmnativa.com\/portal\/2021\/06\/10\/reconquista-se-viene-la-feria-del-libro-gente-del-agua\/","title":{"rendered":"Reconquista &#8211; Se viene la Feria del Libro GENTE DEL AGUA"},"content":{"rendered":"<div id=\"fb-root\"><\/div>\n<p>La edici\u00f3n 2021 de la Feria del Libro \u201cGente del Agua\u201d resalta el concepto de autor y su obra. Del 11 al 21 de junio te esperamos, con modalidad virtual, para compartir juntos este escenario de charlas, debates, disertaciones, talleres y lecturas en vivo.<\/p>\n<p><strong>Viernes 11<\/strong><br \/>\n18 h<br \/>\n&#8211; INAUGURACI\u00d3N.<br \/>\n&#8211; Presentaci\u00f3n del libro \u00abESA HUMEDAD QUE BRILLA EN SU PESTA\u00d1A\u201d por Laura Vizcay, Liliana Loubiere y Bibiana Acosta.<br \/>\n&#8211; Presentaci\u00f3n del Proyecto Cultural: BLOG \u00abCOHEN ART SANTA FE\u00bb.<br \/>\n&#8211; Actuaci\u00f3n en vivo Carlos Mart\u00ednez y Jorge Gauna.<br \/>\n20 h<br \/>\n&#8211; CONVERSATORIO SOBRE GENERO Y DEPORTE por Paula Reggiardo.<\/p>\n<p><strong>S\u00e1bado 12<\/strong><br \/>\n18 h<br \/>\n&#8211; ENTRE LECTORES Lectura de cuentos de autores locales y regionales por Biblioteca Popular Gral. Manuel Obligado.<br \/>\n&#8211; Presentaci\u00f3n entre autor y editor de MOTIVACIONES PARA ANIMARSE A ESCRIBIR por Mauro Santamar\u00eda.<br \/>\n&#8211; MUESTRA VIRTUAL Y PRESENTACI\u00d3N por la Asociaci\u00f3n Amigos del Museo.<\/p>\n<p><strong>Domingo 13<\/strong><br \/>\n18 h<br \/>\n&#8211; ENTRE LECTORES Lectura de cuentos de autores locales y regionales por Biblioteca Popular Gral. Manuel Obligado.<br \/>\n&#8211; AUTOR Y RECITADOR a cargo de Celestino Leme.<br \/>\n&#8211; Presentaci\u00f3n por el autor de \u00ab20 UTOP\u00cdAS Y UNA RAZ\u00d3N DE VIVIR\u201d por Sergio Marcelo Vill\u00e1n.<\/p>\n<p><strong>Lunes 14<\/strong><br \/>\n18 h<br \/>\n&#8211; ENTRE LECTORES Lectura de cuentos de autores locales y regionales por Biblioteca Popular Gral. Manuel Obligado.<br \/>\n&#8211; Presentaci\u00f3n del cortometraje ficcional y documental \u00abCOMO DICE EL CUENTO\u00bb inspirado en el relato \u201cTen\u00edan dos \u00e1rboles en una porci\u00f3n del cielo\u00bb por la Subsecretar\u00eda de Educaci\u00f3n Inicial con la coordinaci\u00f3n de la \u201cGrupa creativa\u00bb.<br \/>\n&#8211; Cine Club del Teatro Espa\u00f1ol presenta \u00abCINE Y LITERATURA\u00bb.<\/p>\n<p><strong>Martes 15<\/strong><br \/>\n18 h<br \/>\n&#8211; ENTRE LECTORES Lectura de cuentos de autores locales y regionales por Biblioteca Popular Gral. Manuel Obligado.<br \/>\n&#8211; Colecciones de Ediciones La Ochava: LOS NUESTROS, CONSTRUCCI\u00d3N SOCIAL SIGLO XXI Y CREATORIS, afianzando un proyecto editorial de recuperaci\u00f3n de espacios de pensamiento y creatividad.<br \/>\n&#8211; Presentaci\u00f3n del libro \u201cQUESOS ARGENTINOS DE CAMPO\u201d por Mar\u00eda Silvia Pereda.<br \/>\n21 h &#8211; Pel\u00edcula en el Cine Club online del Teatro Espa\u00f1ol.<\/p>\n<p><strong>Mi\u00e9rcoles 16<\/strong><br \/>\n18 h<br \/>\n&#8211; ENTRE LECTORES Lectura de cuentos de autores locales y regionales por Biblioteca Popular Gral. Manuel Obligado.<br \/>\n&#8211; Presentaci\u00f3n entre autor y editor de \u201cHERENCIA MACABRA\u201d de Fernando Doceve.<br \/>\n&#8211; Presentaci\u00f3n de Librer\u00eda virtual a cargo de Alexis Ram\u00edrez.<br \/>\n&#8211; Conversaciones entre autor y editor sobre el libro Vicent\u00edn: Desaparecedores Y Fugadores de Carlos del Frade.<\/p>\n<p><strong>Jueves 17<\/strong><br \/>\n18 h<br \/>\n&#8211; ENTRE LECTORES Lectura de cuentos de autores locales y regionales por Biblioteca Popular Gral. Manuel Obligado.<br \/>\n&#8211; Presentaci\u00f3n del libro \u00abLOS 10 K DE LA CIUDAD DE RECONQUISTA\u00bb autor Manuel Roberto Meza.<br \/>\n&#8211; Presentaci\u00f3n del Ciclo educativo \u201cCONOCIENDO NUESTRO JAAUKANIG\u00c1S\u201d a cargo de la Municipalidad de Reconquista.<br \/>\n&#8211; Entrevista y presentaci\u00f3n del video \u00abEL LUIS\u201d de El Golem de Greda.<\/p>\n<p><strong>Viernes 18<\/strong><br \/>\n18 h<br \/>\n&#8211; ENTRE LECTORES Lectura de cuentos de autores locales y regionales por Biblioteca Popular Gral. Manuel Obligado.<br \/>\n&#8211; Presentaci\u00f3n entre autor y editor de la novela \u00abHija del Cebil\u00bb por Ismael Vargas.<br \/>\n&#8211; Presentaci\u00f3n de COLECCI\u00d3N DE LIBROS INFANTILES: Marianela Alegre. Santa Fe.<br \/>\n&#8211; Presentaci\u00f3n del libro \u00abEL AMOR ES UN DES-LIS\u201d por Lis Holka.<\/p>\n<p><strong>S\u00e1bado 19<\/strong><br \/>\n18 h<br \/>\n&#8211; ENTRE LECTORES Lectura de cuentos de autores locales y regionales por Biblioteca Popular Gral. Manuel Obligado.<br \/>\n&#8211; Presentaci\u00f3n de \u00abCURIOSIDADES DE LA HISTORIA DE RECONQUISTA\u201d por Leonardo Rol\u00f3n y Gerardo Gonz\u00e1lez.<\/p>\n<p><strong>Domingo 20<\/strong><br \/>\n18 h<br \/>\n&#8211; ENTRE LECTORES Lectura de cuentos de autores locales y regionales por Biblioteca Popular Gral. Manuel Obligado.<br \/>\n&#8211; Presentaci\u00f3n del ciclo DOS LECTORES por Miguel Gavilan.<\/p>\n<p><strong>Lunes 21<\/strong><br \/>\n18 h<br \/>\n&#8211; ENTRE LECTORES Lectura de cuentos de autores locales y regionales por Biblioteca Popular Gral. Manuel Obligado.<br \/>\n&#8211; Presentaci\u00f3n del libro \u00abMI PROTAGONISMO EN LA GUERRA DE MALVINAS\u201d de Osvaldo Alfredo Guster.<br \/>\n&#8211; Cuando el autor busca su canci\u00f3n. Relato de una experiencia por Sergio Petroli.<\/p>\n","protected":false},"excerpt":{"rendered":"<p>La edici\u00f3n 2021 de la Feria del Libro \u201cGente del Agua\u201d resalta el concepto de&#8230;<\/p>\n","protected":false},"author":1,"featured_media":3431,"comment_status":"closed","ping_status":"closed","sticky":false,"template":"","format":"standard","meta":{"footnotes":""},"categories":[5],"tags":[174,1103,866,656,37],"class_list":["post-3430","post","type-post","status-publish","format-standard","has-post-thumbnail","hentry","category-locales","tag-cultura","tag-feriadellibro","tag-gentedelagua","tag-municipalidaddereconquista","tag-reconquista"],"featured_image_urls":{"full":["https:\/\/fmnativa.com\/portal\/wp-content\/uploads\/2021\/06\/2-1.jpeg",408,271,false],"thumbnail":["https:\/\/fmnativa.com\/portal\/wp-content\/uploads\/2021\/06\/2-1-150x150.jpeg",150,150,true],"medium":["https:\/\/fmnativa.com\/portal\/wp-content\/uploads\/2021\/06\/2-1-300x199.jpeg",300,199,true],"medium_large":["https:\/\/fmnativa.com\/portal\/wp-content\/uploads\/2021\/06\/2-1.jpeg",408,271,false],"large":["https:\/\/fmnativa.com\/portal\/wp-content\/uploads\/2021\/06\/2-1.jpeg",408,271,false],"1536x1536":["https:\/\/fmnativa.com\/portal\/wp-content\/uploads\/2021\/06\/2-1.jpeg",408,271,false],"2048x2048":["https:\/\/fmnativa.com\/portal\/wp-content\/uploads\/2021\/06\/2-1.jpeg",408,271,false],"covernews-slider-full":["https:\/\/fmnativa.com\/portal\/wp-content\/uploads\/2021\/06\/2-1.jpeg",408,271,false],"covernews-slider-center":["https:\/\/fmnativa.com\/portal\/wp-content\/uploads\/2021\/06\/2-1.jpeg",408,271,false],"covernews-featured":["https:\/\/fmnativa.com\/portal\/wp-content\/uploads\/2021\/06\/2-1.jpeg",408,271,false],"covernews-medium":["https:\/\/fmnativa.com\/portal\/wp-content\/uploads\/2021\/06\/2-1.jpeg",408,271,false],"covernews-medium-square":["https:\/\/fmnativa.com\/portal\/wp-content\/uploads\/2021\/06\/2-1-400x250.jpeg",400,250,true]},"author_info":{"info":["Fabian"]},"category_info":"<a href=\"https:\/\/fmnativa.com\/portal\/category\/locales\/\" rel=\"category tag\">LOCALES<\/a>","tag_info":"LOCALES","comment_count":"0","_links":{"self":[{"href":"https:\/\/fmnativa.com\/portal\/wp-json\/wp\/v2\/posts\/3430","targetHints":{"allow":["GET"]}}],"collection":[{"href":"https:\/\/fmnativa.com\/portal\/wp-json\/wp\/v2\/posts"}],"about":[{"href":"https:\/\/fmnativa.com\/portal\/wp-json\/wp\/v2\/types\/post"}],"author":[{"embeddable":true,"href":"https:\/\/fmnativa.com\/portal\/wp-json\/wp\/v2\/users\/1"}],"replies":[{"embeddable":true,"href":"https:\/\/fmnativa.com\/portal\/wp-json\/wp\/v2\/comments?post=3430"}],"version-history":[{"count":1,"href":"https:\/\/fmnativa.com\/portal\/wp-json\/wp\/v2\/posts\/3430\/revisions"}],"predecessor-version":[{"id":3432,"href":"https:\/\/fmnativa.com\/portal\/wp-json\/wp\/v2\/posts\/3430\/revisions\/3432"}],"wp:featuredmedia":[{"embeddable":true,"href":"https:\/\/fmnativa.com\/portal\/wp-json\/wp\/v2\/media\/3431"}],"wp:attachment":[{"href":"https:\/\/fmnativa.com\/portal\/wp-json\/wp\/v2\/media?parent=3430"}],"wp:term":[{"taxonomy":"category","embeddable":true,"href":"https:\/\/fmnativa.com\/portal\/wp-json\/wp\/v2\/categories?post=3430"},{"taxonomy":"post_tag","embeddable":true,"href":"https:\/\/fmnativa.com\/portal\/wp-json\/wp\/v2\/tags?post=3430"}],"curies":[{"name":"wp","href":"https:\/\/api.w.org\/{rel}","templated":true}]}}