{"id":3481,"date":"2021-06-11T14:06:44","date_gmt":"2021-06-11T17:06:44","guid":{"rendered":"https:\/\/fmnativa.com\/portal\/?p=3481"},"modified":"2021-06-11T14:18:05","modified_gmt":"2021-06-11T17:18:05","slug":"coronavirus-vizotti-anuncion-la-extension-del-dnu-con-restricciones-hasta-el-25-de-junio","status":"publish","type":"post","link":"https:\/\/fmnativa.com\/portal\/2021\/06\/11\/coronavirus-vizotti-anuncion-la-extension-del-dnu-con-restricciones-hasta-el-25-de-junio\/","title":{"rendered":"CORONAVIRUS &#8211; VIZOTTI ANUNCION LA EXTENSION DEL DNU CON RESTRICCIONES HASTA EL 25 de JUNIO"},"content":{"rendered":"<div id=\"fb-root\"><\/div>\n<p>Alberto Fernandez, acompa\u00f1ado por la ministra de Salud, Carla Vizzotti, encabez\u00f3 hoy un acto en el \u00a0Centro Argentino de Protonterapia emplazado en el Instituto Oncol\u00f3gico Roffo.<\/p>\n<p>All\u00ed Vizzotti manifesto: \u00abE<em>l DNU se renovar\u00e1 en t\u00e9rminos similares de acuerdo a los par\u00e1metros de los niveles epidemiol\u00f3gicos hasta el 25 de junio<\/em>\u00ab.<\/p>\n<p>Fern\u00e1ndez, por su parte, cuestion\u00f3 que el Congreso no haya avanzado con la ley de Emergencia Covid, con la que el Gobierno buscaba darle un marco normativo a las restricciones en medio de la pandemia.<\/p>\n<p>\u00abEstamos llegando a un punto donde yo esperaba que ya tuvi\u00e9ramos la ley, pero habr\u00e1 que esperar una semana m\u00e1s\u00bb, resalt\u00f3 el jefe de Estado.<\/p>\n<p>Fern\u00e1ndez dijo que espera que el proyecto de Emergencia Covid se apruebe en Diputados la pr\u00f3xima semana, pero mientras eso no suceda confirm\u00f3 que se prorrogar\u00e1 el DNU, en este caso hasta el 25 de junio pr\u00f3ximo.<\/p>\n<p>\u00abEspero que nos podamos poner de acuerdo para c\u00f3mo actuar, mientras tanto, seguiremos prorrogando la decisi\u00f3n que hemos tomado nosotros\u00bb con el DNU, subray\u00f3 el jefe de Estado, al encabezar un acto en el Centro Argentino de Protonterapia en el Instituto Oncol\u00f3gico Roffo.<\/p>\n<p>\u00abVamos a estar tranquilos cuando hayamos vacunado a todos los argentinos, pero mientras tanto el virus existe\u00bb, recalc\u00f3 Fern\u00e1ndez.<\/p>\n<p>Seg\u00fan sostuvo, \u00abla pandemia vuelve a poner en valor la vida humana y el compromiso del estado, y de que est\u00e9 presente, porque estos problemas no los resuelve el mercado\u00bb.<\/p>\n<p>Adem\u00e1s, Fern\u00e1ndez cuestion\u00f3 a quienes sembraron dudas sobre las vacunas y enfatiz\u00f3: \u00abNo crean en lo que dicen, vayan y vac\u00fanense, todas las vacunas alivian\u00bb las complicaciones.<\/p>\n<p>\u00abNo crean en todas las cosas que han dicho por ah\u00ed, lo que nos hace falta es que la vacuna llegue a todos\u00bb, agreg\u00f3.<\/p>\n<p>Adem\u00e1s, la ministra de Salud Carla Vizzotti adelant\u00f3 que\u00a0<strong>se mantendr\u00e1 el sem\u00e1foro epidemiol\u00f3gico<\/strong>, que establece distintos tipos de restricciones seg\u00fan la situaci\u00f3n sanitaria en cada distrito del pa\u00eds.<\/p>\n<p>El par\u00e1metro sanitario que rige actualmente establece la divisi\u00f3n del pa\u00eds en cuatro categor\u00edas, de acuerdo con los riesgos: bajo, mediano, alto y alarma epidemiol\u00f3gica y sanitaria.<\/p>\n<p>El DNU que vence hoy estableci\u00f3 nueve d\u00edas de aislamiento estricto (entre el 22 y el 30 de mayo); luego cinco d\u00edas con mayores habilitaciones (del 31 de mayo al 4 de junio); el pasado fin de semana (5 y 6), nuevamente con restricciones m\u00e1s duras, y los \u00faltimos d\u00edas de esta etapa (del 7 al 11 de junio) otra vez con medidas m\u00e1s flexibles.<\/p>\n<p>El Presidente prepara por estas horas el pr\u00f3ximo DNU que comenzar\u00e1 a regir a partir de ma\u00f1ana, que en l\u00edneas generales se espera que sea similar al vigente.<\/p>\n<p>El mandatario nacional estuvo acompa\u00f1ado tambi\u00e9n por el jefe de Gabinete, Santiago Cafiero, y autoridades del centro de salud.<\/p>\n<p>&nbsp;<\/p>\n<p><iframe  id=\"_ytid_80820\"  width=\"640\" height=\"360\"  data-origwidth=\"640\" data-origheight=\"360\" src=\"https:\/\/www.youtube.com\/embed\/LvBxm98LHRo?enablejsapi=1&#038;autoplay=0&#038;cc_load_policy=0&#038;cc_lang_pref=&#038;iv_load_policy=1&#038;loop=0&#038;rel=1&#038;fs=1&#038;playsinline=0&#038;autohide=2&#038;theme=dark&#038;color=red&#038;controls=1&#038;\" class=\"__youtube_prefs__  epyt-is-override  no-lazyload\" title=\"YouTube player\"  allow=\"fullscreen; accelerometer; autoplay; clipboard-write; encrypted-media; gyroscope; picture-in-picture\" allowfullscreen data-no-lazy=\"1\" data-skipgform_ajax_framebjll=\"\"><\/iframe><\/p>\n","protected":false},"excerpt":{"rendered":"<p>Alberto Fernandez, acompa\u00f1ado por la ministra de Salud, Carla Vizzotti, encabez\u00f3 hoy un acto en&#8230;<\/p>\n","protected":false},"author":1,"featured_media":3482,"comment_status":"closed","ping_status":"closed","sticky":false,"template":"","format":"standard","meta":{"footnotes":""},"categories":[49,8],"tags":[30,43,103,133,32,130,80,73],"class_list":["post-3481","post","type-post","status-publish","format-standard","has-post-thumbnail","hentry","category-covid-19","category-nacionales","tag-aislamiento","tag-argentina","tag-contagiados","tag-coronavirus","tag-covid-19","tag-cuarentena","tag-pandemia","tag-salud"],"featured_image_urls":{"full":["https:\/\/fmnativa.com\/portal\/wp-content\/uploads\/2021\/06\/imagen_2021-06-11_140623.png",1278,824,false],"thumbnail":["https:\/\/fmnativa.com\/portal\/wp-content\/uploads\/2021\/06\/imagen_2021-06-11_140623-150x150.png",150,150,true],"medium":["https:\/\/fmnativa.com\/portal\/wp-content\/uploads\/2021\/06\/imagen_2021-06-11_140623-300x193.png",300,193,true],"medium_large":["https:\/\/fmnativa.com\/portal\/wp-content\/uploads\/2021\/06\/imagen_2021-06-11_140623-768x495.png",640,413,true],"large":["https:\/\/fmnativa.com\/portal\/wp-content\/uploads\/2021\/06\/imagen_2021-06-11_140623-1024x660.png",640,413,true],"1536x1536":["https:\/\/fmnativa.com\/portal\/wp-content\/uploads\/2021\/06\/imagen_2021-06-11_140623.png",1278,824,false],"2048x2048":["https:\/\/fmnativa.com\/portal\/wp-content\/uploads\/2021\/06\/imagen_2021-06-11_140623.png",1278,824,false],"covernews-slider-full":["https:\/\/fmnativa.com\/portal\/wp-content\/uploads\/2021\/06\/imagen_2021-06-11_140623-1115x715.png",1115,715,true],"covernews-slider-center":["https:\/\/fmnativa.com\/portal\/wp-content\/uploads\/2021\/06\/imagen_2021-06-11_140623-800x500.png",800,500,true],"covernews-featured":["https:\/\/fmnativa.com\/portal\/wp-content\/uploads\/2021\/06\/imagen_2021-06-11_140623-1024x660.png",1024,660,true],"covernews-medium":["https:\/\/fmnativa.com\/portal\/wp-content\/uploads\/2021\/06\/imagen_2021-06-11_140623-540x340.png",540,340,true],"covernews-medium-square":["https:\/\/fmnativa.com\/portal\/wp-content\/uploads\/2021\/06\/imagen_2021-06-11_140623-400x250.png",400,250,true]},"author_info":{"info":["Fabian"]},"category_info":"<a href=\"https:\/\/fmnativa.com\/portal\/category\/covid-19\/\" rel=\"category tag\">COVID 19<\/a> <a href=\"https:\/\/fmnativa.com\/portal\/category\/nacionales\/\" rel=\"category tag\">Nacionales<\/a>","tag_info":"Nacionales","comment_count":"0","_links":{"self":[{"href":"https:\/\/fmnativa.com\/portal\/wp-json\/wp\/v2\/posts\/3481","targetHints":{"allow":["GET"]}}],"collection":[{"href":"https:\/\/fmnativa.com\/portal\/wp-json\/wp\/v2\/posts"}],"about":[{"href":"https:\/\/fmnativa.com\/portal\/wp-json\/wp\/v2\/types\/post"}],"author":[{"embeddable":true,"href":"https:\/\/fmnativa.com\/portal\/wp-json\/wp\/v2\/users\/1"}],"replies":[{"embeddable":true,"href":"https:\/\/fmnativa.com\/portal\/wp-json\/wp\/v2\/comments?post=3481"}],"version-history":[{"count":4,"href":"https:\/\/fmnativa.com\/portal\/wp-json\/wp\/v2\/posts\/3481\/revisions"}],"predecessor-version":[{"id":3486,"href":"https:\/\/fmnativa.com\/portal\/wp-json\/wp\/v2\/posts\/3481\/revisions\/3486"}],"wp:featuredmedia":[{"embeddable":true,"href":"https:\/\/fmnativa.com\/portal\/wp-json\/wp\/v2\/media\/3482"}],"wp:attachment":[{"href":"https:\/\/fmnativa.com\/portal\/wp-json\/wp\/v2\/media?parent=3481"}],"wp:term":[{"taxonomy":"category","embeddable":true,"href":"https:\/\/fmnativa.com\/portal\/wp-json\/wp\/v2\/categories?post=3481"},{"taxonomy":"post_tag","embeddable":true,"href":"https:\/\/fmnativa.com\/portal\/wp-json\/wp\/v2\/tags?post=3481"}],"curies":[{"name":"wp","href":"https:\/\/api.w.org\/{rel}","templated":true}]}}