{"id":3487,"date":"2021-06-11T14:28:55","date_gmt":"2021-06-11T17:28:55","guid":{"rendered":"https:\/\/fmnativa.com\/portal\/?p=3487"},"modified":"2021-06-11T14:28:55","modified_gmt":"2021-06-11T17:28:55","slug":"coronavirus-identificaron-una-nueva-cepa-en-la-provincia","status":"publish","type":"post","link":"https:\/\/fmnativa.com\/portal\/2021\/06\/11\/coronavirus-identificaron-una-nueva-cepa-en-la-provincia\/","title":{"rendered":"Coronavirus &#8211; Identificaron una nueva cepa en la provincia"},"content":{"rendered":"<div id=\"fb-root\"><\/div>\n<div class=\"td_block_wrap tdb_title tdi_7 tdb-single-title td-pb-border-top td_block_template_1\" data-td-block-uid=\"tdi_7\">\n<div class=\"tdb-block-inner td-fix-index\">\n<div>Se trata de la <strong>VARIANTE ANDINA<\/strong>, una mutaci\u00f3n del Sars Cov 2 que aument\u00f3 en forma considerable la cantidad de contagios en Chile y tambi\u00e9n en Per\u00fa.<\/div>\n<\/div>\n<\/div>\n<div>\n<p>Las\u00a0<strong>muestras<\/strong>\u00a0enviadas desde la provincia de Santa Fe y analizadas en el Instituto Malbr\u00e1n dieron cuenta de la existencia por primera vez de la\u00a0<strong>variante Andina<\/strong>, en compa\u00f1\u00eda de las ya conocidas cepas de\u00a0Manaos\u00a0y\u00a0Reino Unido.<\/p>\n<p>La mutaci\u00f3n Andina se extiende r\u00e1pidamente por Latinoam\u00e9rica y ser\u00eda la responsable de la explosi\u00f3n de casos en Chile y Per\u00fa. De all\u00ed que genere preocupaci\u00f3n en la regi\u00f3n. Su primer registro en Argentina es del mes de noviembre y fue aumentando la cantidad de muestras positivas en estos meses. Lo que genera cierta atenci\u00f3n es que\u00a0<strong>la segunda ola en Per\u00fa<\/strong>, por ejemplo, con un n\u00famero considerable de fallecimientos, se inici\u00f3 a la par de que aumentaron los contagios con este linaje.<\/p>\n<p>Sin embargo, la mayor preocupaci\u00f3n en las autoridades sanitarias\u00a0<strong>es frenar el ingreso al pa\u00eds, y por ende a la provincia, de las variantes\u00a0India\u00a0y de Sud\u00e1frica,\u00a0<\/strong>consideradas m\u00e1s peligrosas.<\/p>\n<p>La cantidad de\u00a0<strong>variantes del Sars Cov 2 tiene en vilo la comunidad m\u00e9dica y cient\u00edfica mundial y representa nuevos desaf\u00edos a cada paso<\/strong>. Algunos terapistas entienden y consideran que las mutaciones que circulan son las responsables de que se incrementen los cuadros graves y de r\u00e1pida evoluci\u00f3n en personas de menos de 50 a\u00f1os, muchas de ellas sin tener comorbilidades.<\/p>\n<p>Sobre estas variantes, no est\u00e1 claro qu\u00e9 eficacia tienen las vacunas. Ya hay estudios, aunque con poco desarrollo todav\u00eda, que dan cuenta de que la protecci\u00f3n se reduce considerablemente frente a la variante que proviene de India.<strong>\u00a0Esos reportes indican que dicha variante tiene mucho m\u00e1s riesgo de producir hospitalizaciones<\/strong>\u00a0que la de Reino Unido, que de por s\u00ed ya produce un porcentaje mucho mayor de complicaciones que la original.<\/p>\n<\/div>\n","protected":false},"excerpt":{"rendered":"<p>Se trata de la VARIANTE ANDINA, una mutaci\u00f3n del Sars Cov 2 que aument\u00f3 en&#8230;<\/p>\n","protected":false},"author":1,"featured_media":3488,"comment_status":"closed","ping_status":"closed","sticky":false,"template":"","format":"standard","meta":{"footnotes":""},"categories":[49,7],"tags":[103,133,32,130,698,80,73],"class_list":["post-3487","post","type-post","status-publish","format-standard","has-post-thumbnail","hentry","category-covid-19","category-provinciales","tag-contagiados","tag-coronavirus","tag-covid-19","tag-cuarentena","tag-nortedesantafe","tag-pandemia","tag-salud"],"featured_image_urls":{"full":["https:\/\/fmnativa.com\/portal\/wp-content\/uploads\/2021\/06\/NOTICIA-PORTAL-NATIVA-6.jpg",416,233,false],"thumbnail":["https:\/\/fmnativa.com\/portal\/wp-content\/uploads\/2021\/06\/NOTICIA-PORTAL-NATIVA-6-150x150.jpg",150,150,true],"medium":["https:\/\/fmnativa.com\/portal\/wp-content\/uploads\/2021\/06\/NOTICIA-PORTAL-NATIVA-6-300x168.jpg",300,168,true],"medium_large":["https:\/\/fmnativa.com\/portal\/wp-content\/uploads\/2021\/06\/NOTICIA-PORTAL-NATIVA-6.jpg",416,233,false],"large":["https:\/\/fmnativa.com\/portal\/wp-content\/uploads\/2021\/06\/NOTICIA-PORTAL-NATIVA-6.jpg",416,233,false],"1536x1536":["https:\/\/fmnativa.com\/portal\/wp-content\/uploads\/2021\/06\/NOTICIA-PORTAL-NATIVA-6.jpg",416,233,false],"2048x2048":["https:\/\/fmnativa.com\/portal\/wp-content\/uploads\/2021\/06\/NOTICIA-PORTAL-NATIVA-6.jpg",416,233,false],"covernews-slider-full":["https:\/\/fmnativa.com\/portal\/wp-content\/uploads\/2021\/06\/NOTICIA-PORTAL-NATIVA-6.jpg",416,233,false],"covernews-slider-center":["https:\/\/fmnativa.com\/portal\/wp-content\/uploads\/2021\/06\/NOTICIA-PORTAL-NATIVA-6.jpg",416,233,false],"covernews-featured":["https:\/\/fmnativa.com\/portal\/wp-content\/uploads\/2021\/06\/NOTICIA-PORTAL-NATIVA-6.jpg",416,233,false],"covernews-medium":["https:\/\/fmnativa.com\/portal\/wp-content\/uploads\/2021\/06\/NOTICIA-PORTAL-NATIVA-6.jpg",416,233,false],"covernews-medium-square":["https:\/\/fmnativa.com\/portal\/wp-content\/uploads\/2021\/06\/NOTICIA-PORTAL-NATIVA-6-400x233.jpg",400,233,true]},"author_info":{"info":["Fabian"]},"category_info":"<a href=\"https:\/\/fmnativa.com\/portal\/category\/covid-19\/\" rel=\"category tag\">COVID 19<\/a> <a href=\"https:\/\/fmnativa.com\/portal\/category\/provinciales\/\" rel=\"category tag\">PROVINCIALES<\/a>","tag_info":"PROVINCIALES","comment_count":"0","_links":{"self":[{"href":"https:\/\/fmnativa.com\/portal\/wp-json\/wp\/v2\/posts\/3487","targetHints":{"allow":["GET"]}}],"collection":[{"href":"https:\/\/fmnativa.com\/portal\/wp-json\/wp\/v2\/posts"}],"about":[{"href":"https:\/\/fmnativa.com\/portal\/wp-json\/wp\/v2\/types\/post"}],"author":[{"embeddable":true,"href":"https:\/\/fmnativa.com\/portal\/wp-json\/wp\/v2\/users\/1"}],"replies":[{"embeddable":true,"href":"https:\/\/fmnativa.com\/portal\/wp-json\/wp\/v2\/comments?post=3487"}],"version-history":[{"count":1,"href":"https:\/\/fmnativa.com\/portal\/wp-json\/wp\/v2\/posts\/3487\/revisions"}],"predecessor-version":[{"id":3490,"href":"https:\/\/fmnativa.com\/portal\/wp-json\/wp\/v2\/posts\/3487\/revisions\/3490"}],"wp:featuredmedia":[{"embeddable":true,"href":"https:\/\/fmnativa.com\/portal\/wp-json\/wp\/v2\/media\/3488"}],"wp:attachment":[{"href":"https:\/\/fmnativa.com\/portal\/wp-json\/wp\/v2\/media?parent=3487"}],"wp:term":[{"taxonomy":"category","embeddable":true,"href":"https:\/\/fmnativa.com\/portal\/wp-json\/wp\/v2\/categories?post=3487"},{"taxonomy":"post_tag","embeddable":true,"href":"https:\/\/fmnativa.com\/portal\/wp-json\/wp\/v2\/tags?post=3487"}],"curies":[{"name":"wp","href":"https:\/\/api.w.org\/{rel}","templated":true}]}}