{"id":3491,"date":"2021-06-11T15:09:56","date_gmt":"2021-06-11T18:09:56","guid":{"rendered":"https:\/\/fmnativa.com\/portal\/?p=3491"},"modified":"2021-06-11T15:09:56","modified_gmt":"2021-06-11T18:09:56","slug":"exigimos-que-ya-se-vacunen-a-los-esenciales-y-estrategicos-empleados-de-comercio","status":"publish","type":"post","link":"https:\/\/fmnativa.com\/portal\/2021\/06\/11\/exigimos-que-ya-se-vacunen-a-los-esenciales-y-estrategicos-empleados-de-comercio\/","title":{"rendered":"EXIGIMOS QUE YA SE VACUNEN A LOS ESENCIALES Y ESTRAT\u00c9GICOS EMPLEADOS DE COMERCIO."},"content":{"rendered":"<div id=\"fb-root\"><\/div>\n<p>La exigencia viene por parte de varios CENTROS DE EMPLEADOS DE COMERCIO de la Regi\u00f3n, tras haber realizado varios pedidos de vacunaci\u00f3n<\/p>\n<p>AQUI LA NOTA enviado al Gobernador Perotti con copia al Director Regional de Salud, el Bioqu\u00edmico Alfredo Speratti.<\/p>\n<p><span style=\"color: #0000ff;\">SE\u00d1OR GOBERNADOR DE LA PROVINCIA C.P.N.\u00a0 OMAR PEROTTI\u00a0\u00a0\u00a0\u00a0\u00a0 11\/06\/2021.-<\/span><\/p>\n<ul>\n<li><span style=\"color: #0000ff;\">EL 12 DE ABRIL PED\u00cdAMOS AL GOBERNADOR LA VACUNACI\u00d3N ANTI COVID 19.<\/span><\/li>\n<li><span style=\"color: #0000ff;\">EL 2 DE MARZO Y EL 26 DE ABRIL LO SOLICITABA LA ASOCIACI\u00d3N EMPLEADOS DE COMERCIO DE ROSARIO.<\/span><\/li>\n<li><span style=\"color: #0000ff;\">LUEGO SE SUMARON VARIAS FILIALES DE NUESTRA PROVINCIA.<\/span><\/li>\n<li><span style=\"color: #0000ff;\">NUESTRA FEDERACI\u00d3N REALIZ\u00d3 UN PEDIDO AL MINISTRO DE TRABAJO.<\/span><\/li>\n<li><span style=\"color: #0000ff;\">LA CONFEDERACI\u00d3N ARGENTINA DE MEDIANAS EMPRESAS (CAME), LA C\u00c1MARA DE ARGENTINA DE SUPERMERCADOS (CAS) Y LA FEDERACI\u00d3N ARGENTINA DE SUPERMERCADOS Y AUTOSERVICIOS (FASA) TAMBI\u00c9N SE MANIFESTARON EN EL MISMO SENTIDO.<\/span><\/li>\n<li><span style=\"color: #0000ff;\">EL PEDIDO DE VACUNACI\u00d3N A LOS EMPLEADOS DE COMERCIO FUE APROBADO, A TRAV\u00c9S DE UN PROYECTO DE COMUNICACI\u00d3N POR LA C\u00c1MARA DE SENADORES DE NUESTRA PROVINCIA.<\/span><\/li>\n<li><span style=\"color: #0000ff;\">LA C\u00c1MARA DE DIPUTADOS TAMBI\u00c9N APROB\u00d3 UN PROYECTO EN EL MISMO SENTIDO.<\/span><\/li>\n<li><span style=\"color: #0000ff;\">EN VARIAS PROVINCIAS YA FUERON VACUNADOS LOS EMPLEADOS DE COMERCIO, Y EN EL CHACO POR EJEMPLO, VACUNARON HASTA LOS EMPLEADORES.<\/span><\/li>\n<\/ul>\n<p><span style=\"color: #0000ff;\">EL 12 DE ABRIL LES DEC\u00cdAMOS QUE LOS EMPLEADOS DE COMERCIO TEN\u00cdAN ANGUSTIA AL NO ESTAR CONTEMPLADOS EN EL PLAN DE VACUNACI\u00d3N DE SANTA FE.<\/span><\/p>\n<p><span style=\"color: #0000ff;\">HOY NO PEDIMOS:<\/span><\/p>\n<p><span style=\"color: #ff0000;\"><strong>EXIGIMOS QUE YA SE VACUNEN A LOS ESENCIALES Y ESTRAT\u00c9GICOS EMPLEADOS DE COMERCIO.<\/strong><\/span><\/p>\n<p><span style=\"color: #0000ff;\"><strong>Centro Empleados de Comercio de Reconquista<\/strong> &#8211;\u00a0San Mart\u00edn N\u00b0 830. Tel. 421297.\u00a0\u00a0\u00a0\u00a0\u00a0\u00a0\u00a0\u00a0\u00a0\u00a0\u00a0\u00a0\u00a0\u00a0\u00a0\u00a0\u00a0\u00a0\u00a0\u00a0\u00a0\u00a0\u00a0\u00a0\u00a0\u00a0\u00a0\u00a0\u00a0\u00a0\u00a0\u00a0\u00a0\u00a0 \u00a0\u00a0\u00a0\u00a0\u00a0\u00a0\u00a0\u00a0\u00a0\u00a0\u00a0\u00a0\u00a0\u00a0\u00a0\u00a0\u00a0\u00a0\u00a0\u00a0\u00a0\u00a0\u00a0\u00a0\u00a0\u00a0\u00a0\u00a0\u00a0\u00a0\u00a0\u00a0\u00a0<\/span><\/p>\n<p><span style=\"color: #0000ff;\"><strong>Centro Uni\u00f3n Empleados de Comercio de Avellaneda<\/strong> &#8211;\u00a0Calle 13 N\u00b0 352. -3561- Avellaneda. Tel: 03482-482000.<\/span><\/p>\n<p><span style=\"color: #0000ff;\"><strong>Centro Empleados de Comercio Villa Ocampo<\/strong> &#8211; Conti 1625. -3580- Villa Ocampo. Tel: 03482-468325.<\/span><\/p>\n<p><span style=\"color: #0000ff;\"><strong>Centro Empleados de Comercio de Las Toscas<\/strong> &#8211;\u00a0Calle 17 N\u00b0 420. -3586- Las Toscas. Tel: 03482-492537.<\/span><\/p>\n<p><span style=\"color: #0000ff;\"><strong>Centro Empleados de Comercio Vera<\/strong> &#8211;\u00a0Buenos Aires 1897. -3550- Vera. Tel: 03483-421333.<\/span><\/p>\n<p><span style=\"color: #0000ff;\"><strong>CON COPIA AL DIRECTOR REGIONAL\u00a0 DE SALUD RECONQUISTA<\/strong> <em><strong>BIOQ. ALFREDO SPERATTI<\/strong><\/em><\/span><\/p>\n","protected":false},"excerpt":{"rendered":"<p>La exigencia viene por parte de varios CENTROS DE EMPLEADOS DE COMERCIO de la Regi\u00f3n,&#8230;<\/p>\n","protected":false},"author":1,"featured_media":3492,"comment_status":"closed","ping_status":"closed","sticky":false,"template":"","format":"standard","meta":{"footnotes":""},"categories":[49,6],"tags":[1129,1130,83,84],"class_list":["post-3491","post","type-post","status-publish","format-standard","has-post-thumbnail","hentry","category-covid-19","category-regionales","tag-centrodempleadosdecomercio","tag-empleadosdecomercio","tag-vacuna","tag-vacunacion"],"featured_image_urls":{"full":["https:\/\/fmnativa.com\/portal\/wp-content\/uploads\/2021\/06\/NOTICIA-PORTAL-NATIVA-7.jpg",416,233,false],"thumbnail":["https:\/\/fmnativa.com\/portal\/wp-content\/uploads\/2021\/06\/NOTICIA-PORTAL-NATIVA-7-150x150.jpg",150,150,true],"medium":["https:\/\/fmnativa.com\/portal\/wp-content\/uploads\/2021\/06\/NOTICIA-PORTAL-NATIVA-7-300x168.jpg",300,168,true],"medium_large":["https:\/\/fmnativa.com\/portal\/wp-content\/uploads\/2021\/06\/NOTICIA-PORTAL-NATIVA-7.jpg",416,233,false],"large":["https:\/\/fmnativa.com\/portal\/wp-content\/uploads\/2021\/06\/NOTICIA-PORTAL-NATIVA-7.jpg",416,233,false],"1536x1536":["https:\/\/fmnativa.com\/portal\/wp-content\/uploads\/2021\/06\/NOTICIA-PORTAL-NATIVA-7.jpg",416,233,false],"2048x2048":["https:\/\/fmnativa.com\/portal\/wp-content\/uploads\/2021\/06\/NOTICIA-PORTAL-NATIVA-7.jpg",416,233,false],"covernews-slider-full":["https:\/\/fmnativa.com\/portal\/wp-content\/uploads\/2021\/06\/NOTICIA-PORTAL-NATIVA-7.jpg",416,233,false],"covernews-slider-center":["https:\/\/fmnativa.com\/portal\/wp-content\/uploads\/2021\/06\/NOTICIA-PORTAL-NATIVA-7.jpg",416,233,false],"covernews-featured":["https:\/\/fmnativa.com\/portal\/wp-content\/uploads\/2021\/06\/NOTICIA-PORTAL-NATIVA-7.jpg",416,233,false],"covernews-medium":["https:\/\/fmnativa.com\/portal\/wp-content\/uploads\/2021\/06\/NOTICIA-PORTAL-NATIVA-7.jpg",416,233,false],"covernews-medium-square":["https:\/\/fmnativa.com\/portal\/wp-content\/uploads\/2021\/06\/NOTICIA-PORTAL-NATIVA-7-400x233.jpg",400,233,true]},"author_info":{"info":["Fabian"]},"category_info":"<a href=\"https:\/\/fmnativa.com\/portal\/category\/covid-19\/\" rel=\"category tag\">COVID 19<\/a> <a href=\"https:\/\/fmnativa.com\/portal\/category\/regionales\/\" rel=\"category tag\">REGIONALES<\/a>","tag_info":"REGIONALES","comment_count":"0","_links":{"self":[{"href":"https:\/\/fmnativa.com\/portal\/wp-json\/wp\/v2\/posts\/3491","targetHints":{"allow":["GET"]}}],"collection":[{"href":"https:\/\/fmnativa.com\/portal\/wp-json\/wp\/v2\/posts"}],"about":[{"href":"https:\/\/fmnativa.com\/portal\/wp-json\/wp\/v2\/types\/post"}],"author":[{"embeddable":true,"href":"https:\/\/fmnativa.com\/portal\/wp-json\/wp\/v2\/users\/1"}],"replies":[{"embeddable":true,"href":"https:\/\/fmnativa.com\/portal\/wp-json\/wp\/v2\/comments?post=3491"}],"version-history":[{"count":1,"href":"https:\/\/fmnativa.com\/portal\/wp-json\/wp\/v2\/posts\/3491\/revisions"}],"predecessor-version":[{"id":3493,"href":"https:\/\/fmnativa.com\/portal\/wp-json\/wp\/v2\/posts\/3491\/revisions\/3493"}],"wp:featuredmedia":[{"embeddable":true,"href":"https:\/\/fmnativa.com\/portal\/wp-json\/wp\/v2\/media\/3492"}],"wp:attachment":[{"href":"https:\/\/fmnativa.com\/portal\/wp-json\/wp\/v2\/media?parent=3491"}],"wp:term":[{"taxonomy":"category","embeddable":true,"href":"https:\/\/fmnativa.com\/portal\/wp-json\/wp\/v2\/categories?post=3491"},{"taxonomy":"post_tag","embeddable":true,"href":"https:\/\/fmnativa.com\/portal\/wp-json\/wp\/v2\/tags?post=3491"}],"curies":[{"name":"wp","href":"https:\/\/api.w.org\/{rel}","templated":true}]}}