{"id":3504,"date":"2021-06-11T16:08:37","date_gmt":"2021-06-11T19:08:37","guid":{"rendered":"https:\/\/fmnativa.com\/portal\/?p=3504"},"modified":"2021-06-11T16:08:37","modified_gmt":"2021-06-11T19:08:37","slug":"tc-durante-jueves-y-viernes-en-san-nicolas","status":"publish","type":"post","link":"https:\/\/fmnativa.com\/portal\/2021\/06\/11\/tc-durante-jueves-y-viernes-en-san-nicolas\/","title":{"rendered":"\u00bfTC durante jueves y viernes en San Nicol\u00e1s?"},"content":{"rendered":"<div id=\"fb-root\"><\/div>\n<div class=\"text--primary pt-5 body-1 font-weight-regular\" data-v-ff416bf6=\"\">Durante las pr\u00f3ximas horas se ultimar\u00e1n los detalles para que la sexta fecha de TC pueda cumplirse el Jueves 17 y Viernes 18 de junio, en el circuito de San Nicol\u00e1s.<\/div>\n<div data-v-ff416bf6=\"\">\n<div class=\"d-flex justify-space-around pt-2  flex-wrap banner\" data-v-ff416bf6=\"\">\n<p>A\u00fan quedan detalles por definir, pero en la ACTC se est\u00e1 avanzando con un cronograma para que la sexta fecha de Turismo Carretera y TC Pista se pueda cumplir entre el jueves 17 y viernes 18, en el Predio Ferial y Aut\u00f3dromo de San Nicol\u00e1s Ciudad.<\/p>\n<\/div>\n<\/div>\n<div id=\"editorcomponent\" class=\"text--primary py-7 body-1 font-weight-regular\" data-v-ff416bf6=\"\">\n<p>De esta manera, la principal categor\u00eda del automovilismo argentino estar\u00eda celebrando su evento en d\u00edas h\u00e1biles, tal como lo hicieron y hacen las dem\u00e1s especialidades nacionales, a fin de cumplir con sus calendarios ante las restricciones que rigen, actualmente, para los fines de semana.<\/p>\n<\/div>\n","protected":false},"excerpt":{"rendered":"<p>Durante las pr\u00f3ximas horas se ultimar\u00e1n los detalles para que la sexta fecha de TC&#8230;<\/p>\n","protected":false},"author":1,"featured_media":3505,"comment_status":"closed","ping_status":"closed","sticky":false,"template":"","format":"standard","meta":{"footnotes":""},"categories":[8,10],"tags":[1136,1075,517,693],"class_list":["post-3504","post","type-post","status-publish","format-standard","has-post-thumbnail","hentry","category-nacionales","category-ponelaquinta","tag-autodromodesannicolas","tag-sannicolas","tag-tc","tag-turismocarretera"],"featured_image_urls":{"full":["https:\/\/fmnativa.com\/portal\/wp-content\/uploads\/2021\/06\/1-8.jpg",512,288,false],"thumbnail":["https:\/\/fmnativa.com\/portal\/wp-content\/uploads\/2021\/06\/1-8-150x150.jpg",150,150,true],"medium":["https:\/\/fmnativa.com\/portal\/wp-content\/uploads\/2021\/06\/1-8-300x169.jpg",300,169,true],"medium_large":["https:\/\/fmnativa.com\/portal\/wp-content\/uploads\/2021\/06\/1-8.jpg",512,288,false],"large":["https:\/\/fmnativa.com\/portal\/wp-content\/uploads\/2021\/06\/1-8.jpg",512,288,false],"1536x1536":["https:\/\/fmnativa.com\/portal\/wp-content\/uploads\/2021\/06\/1-8.jpg",512,288,false],"2048x2048":["https:\/\/fmnativa.com\/portal\/wp-content\/uploads\/2021\/06\/1-8.jpg",512,288,false],"covernews-slider-full":["https:\/\/fmnativa.com\/portal\/wp-content\/uploads\/2021\/06\/1-8.jpg",512,288,false],"covernews-slider-center":["https:\/\/fmnativa.com\/portal\/wp-content\/uploads\/2021\/06\/1-8.jpg",512,288,false],"covernews-featured":["https:\/\/fmnativa.com\/portal\/wp-content\/uploads\/2021\/06\/1-8.jpg",512,288,false],"covernews-medium":["https:\/\/fmnativa.com\/portal\/wp-content\/uploads\/2021\/06\/1-8.jpg",512,288,false],"covernews-medium-square":["https:\/\/fmnativa.com\/portal\/wp-content\/uploads\/2021\/06\/1-8-400x250.jpg",400,250,true]},"author_info":{"info":["Fabian"]},"category_info":"<a href=\"https:\/\/fmnativa.com\/portal\/category\/nacionales\/\" rel=\"category tag\">Nacionales<\/a> <a href=\"https:\/\/fmnativa.com\/portal\/category\/ponelaquinta\/\" rel=\"category tag\">Pon\u00e9 La Quinta<\/a>","tag_info":"Pon\u00e9 La Quinta","comment_count":"0","_links":{"self":[{"href":"https:\/\/fmnativa.com\/portal\/wp-json\/wp\/v2\/posts\/3504","targetHints":{"allow":["GET"]}}],"collection":[{"href":"https:\/\/fmnativa.com\/portal\/wp-json\/wp\/v2\/posts"}],"about":[{"href":"https:\/\/fmnativa.com\/portal\/wp-json\/wp\/v2\/types\/post"}],"author":[{"embeddable":true,"href":"https:\/\/fmnativa.com\/portal\/wp-json\/wp\/v2\/users\/1"}],"replies":[{"embeddable":true,"href":"https:\/\/fmnativa.com\/portal\/wp-json\/wp\/v2\/comments?post=3504"}],"version-history":[{"count":1,"href":"https:\/\/fmnativa.com\/portal\/wp-json\/wp\/v2\/posts\/3504\/revisions"}],"predecessor-version":[{"id":3506,"href":"https:\/\/fmnativa.com\/portal\/wp-json\/wp\/v2\/posts\/3504\/revisions\/3506"}],"wp:featuredmedia":[{"embeddable":true,"href":"https:\/\/fmnativa.com\/portal\/wp-json\/wp\/v2\/media\/3505"}],"wp:attachment":[{"href":"https:\/\/fmnativa.com\/portal\/wp-json\/wp\/v2\/media?parent=3504"}],"wp:term":[{"taxonomy":"category","embeddable":true,"href":"https:\/\/fmnativa.com\/portal\/wp-json\/wp\/v2\/categories?post=3504"},{"taxonomy":"post_tag","embeddable":true,"href":"https:\/\/fmnativa.com\/portal\/wp-json\/wp\/v2\/tags?post=3504"}],"curies":[{"name":"wp","href":"https:\/\/api.w.org\/{rel}","templated":true}]}}