{"id":3507,"date":"2021-06-11T16:39:04","date_gmt":"2021-06-11T19:39:04","guid":{"rendered":"https:\/\/fmnativa.com\/portal\/?p=3507"},"modified":"2021-06-11T16:39:04","modified_gmt":"2021-06-11T19:39:04","slug":"perotti-dio-instrucciones-de-nuevas-flexibilizaciones","status":"publish","type":"post","link":"https:\/\/fmnativa.com\/portal\/2021\/06\/11\/perotti-dio-instrucciones-de-nuevas-flexibilizaciones\/","title":{"rendered":"PEROTTI DIO INSTRUCCIONES DE NUEVAS FLEXIBILIZACIONES"},"content":{"rendered":"<div id=\"fb-root\"><\/div>\n<div class=\"td_block_wrap tdb_title tdi_7 tdb-single-title td-pb-border-top td_block_template_1\" data-td-block-uid=\"tdi_7\">\n<div class=\"tdb-block-inner td-fix-index\">\n<div>El mandam\u00e1s santafesino dio precisas instrucciones de estar cerca de los sectores, intercambiar permanentemente, y charlar sobre las nuevas medidas a partir de la semana que viene\u00bb, indic\u00f3 Juan Marcos Aviano, secretario de Comercio Interior de la provincia.<\/div>\n<div><\/div>\n<\/div>\n<div>\u00abTodo indica que el contexto hacia la semana que viene\u00a0<strong>nos va a permitir trabajar en algunas flexibilizaciones<\/strong>, pero que a\u00fan no est\u00e1n confirmadas. Las evaluaciones se est\u00e1n haciendo para que puedan abrir con alguna modalidad acotada estos complejos (gimnasios, shoppings, ampliaciones horarias a gastronom\u00eda). Las restricciones a la circulaci\u00f3n ser\u00edan con otro tipo de flexibilidad\u00bb, anticip\u00f3\u00a0<strong>Juan Marcos Aviano<\/strong>, secretario de Comercio Interior de la provincia de Santa Fe a medios capitalinos.<\/div>\n<div><\/div>\n<div>El funcionario, sostuvo que \u00ablas instrucciones del gobernador Omar Perotti son estar cerca de los sectores, intercambiar permanentemente, y charlar sobre las nuevas medidas de pandemia a partir de la semana que viene. Reci\u00e9n se conoci\u00f3 el nuevo DNU de Naci\u00f3n hasta el 25 de junio y <strong>ya estamos trabajando a nivel provincial en las nuevas disposiciones\u00bb<\/strong>.<\/div>\n<\/div>\n<div>\n<p>En este contexto, el Gobierno ha desembolsado nuevamente aportes. \u00ab<strong>Llevamos invertidos solamente en estos d\u00edas de junio m\u00e1s de 127 millones de pesos<\/strong>\u00a0en aportes directos a gimnasios, f\u00fatbol 5, pilates, yoga, eventos, transportes escolares; en distintos lotes de pagos que se fueron cumplimentando a medida que ingresaban las solicitudes y verificando cada uno de los casos\u00bb, detall\u00f3 Aviano.<\/p>\n<\/div>\n","protected":false},"excerpt":{"rendered":"<p>El mandam\u00e1s santafesino dio precisas instrucciones de estar cerca de los sectores, intercambiar permanentemente, y&#8230;<\/p>\n","protected":false},"author":1,"featured_media":3508,"comment_status":"closed","ping_status":"closed","sticky":false,"template":"","format":"standard","meta":{"footnotes":""},"categories":[49,7],"tags":[30,103,133,32,1137,130,80,643],"class_list":["post-3507","post","type-post","status-publish","format-standard","has-post-thumbnail","hentry","category-covid-19","category-provinciales","tag-aislamiento","tag-contagiados","tag-coronavirus","tag-covid-19","tag-cua","tag-cuarentena","tag-pandemia","tag-provinciadesantafe"],"featured_image_urls":{"full":["https:\/\/fmnativa.com\/portal\/wp-content\/uploads\/2021\/06\/NOTICIA-PORTAL-NATIVA-9.jpg",416,233,false],"thumbnail":["https:\/\/fmnativa.com\/portal\/wp-content\/uploads\/2021\/06\/NOTICIA-PORTAL-NATIVA-9-150x150.jpg",150,150,true],"medium":["https:\/\/fmnativa.com\/portal\/wp-content\/uploads\/2021\/06\/NOTICIA-PORTAL-NATIVA-9-300x168.jpg",300,168,true],"medium_large":["https:\/\/fmnativa.com\/portal\/wp-content\/uploads\/2021\/06\/NOTICIA-PORTAL-NATIVA-9.jpg",416,233,false],"large":["https:\/\/fmnativa.com\/portal\/wp-content\/uploads\/2021\/06\/NOTICIA-PORTAL-NATIVA-9.jpg",416,233,false],"1536x1536":["https:\/\/fmnativa.com\/portal\/wp-content\/uploads\/2021\/06\/NOTICIA-PORTAL-NATIVA-9.jpg",416,233,false],"2048x2048":["https:\/\/fmnativa.com\/portal\/wp-content\/uploads\/2021\/06\/NOTICIA-PORTAL-NATIVA-9.jpg",416,233,false],"covernews-slider-full":["https:\/\/fmnativa.com\/portal\/wp-content\/uploads\/2021\/06\/NOTICIA-PORTAL-NATIVA-9.jpg",416,233,false],"covernews-slider-center":["https:\/\/fmnativa.com\/portal\/wp-content\/uploads\/2021\/06\/NOTICIA-PORTAL-NATIVA-9.jpg",416,233,false],"covernews-featured":["https:\/\/fmnativa.com\/portal\/wp-content\/uploads\/2021\/06\/NOTICIA-PORTAL-NATIVA-9.jpg",416,233,false],"covernews-medium":["https:\/\/fmnativa.com\/portal\/wp-content\/uploads\/2021\/06\/NOTICIA-PORTAL-NATIVA-9.jpg",416,233,false],"covernews-medium-square":["https:\/\/fmnativa.com\/portal\/wp-content\/uploads\/2021\/06\/NOTICIA-PORTAL-NATIVA-9-400x233.jpg",400,233,true]},"author_info":{"info":["Fabian"]},"category_info":"<a href=\"https:\/\/fmnativa.com\/portal\/category\/covid-19\/\" rel=\"category tag\">COVID 19<\/a> <a href=\"https:\/\/fmnativa.com\/portal\/category\/provinciales\/\" rel=\"category tag\">PROVINCIALES<\/a>","tag_info":"PROVINCIALES","comment_count":"0","_links":{"self":[{"href":"https:\/\/fmnativa.com\/portal\/wp-json\/wp\/v2\/posts\/3507","targetHints":{"allow":["GET"]}}],"collection":[{"href":"https:\/\/fmnativa.com\/portal\/wp-json\/wp\/v2\/posts"}],"about":[{"href":"https:\/\/fmnativa.com\/portal\/wp-json\/wp\/v2\/types\/post"}],"author":[{"embeddable":true,"href":"https:\/\/fmnativa.com\/portal\/wp-json\/wp\/v2\/users\/1"}],"replies":[{"embeddable":true,"href":"https:\/\/fmnativa.com\/portal\/wp-json\/wp\/v2\/comments?post=3507"}],"version-history":[{"count":1,"href":"https:\/\/fmnativa.com\/portal\/wp-json\/wp\/v2\/posts\/3507\/revisions"}],"predecessor-version":[{"id":3509,"href":"https:\/\/fmnativa.com\/portal\/wp-json\/wp\/v2\/posts\/3507\/revisions\/3509"}],"wp:featuredmedia":[{"embeddable":true,"href":"https:\/\/fmnativa.com\/portal\/wp-json\/wp\/v2\/media\/3508"}],"wp:attachment":[{"href":"https:\/\/fmnativa.com\/portal\/wp-json\/wp\/v2\/media?parent=3507"}],"wp:term":[{"taxonomy":"category","embeddable":true,"href":"https:\/\/fmnativa.com\/portal\/wp-json\/wp\/v2\/categories?post=3507"},{"taxonomy":"post_tag","embeddable":true,"href":"https:\/\/fmnativa.com\/portal\/wp-json\/wp\/v2\/tags?post=3507"}],"curies":[{"name":"wp","href":"https:\/\/api.w.org\/{rel}","templated":true}]}}