{"id":3510,"date":"2021-06-11T17:38:59","date_gmt":"2021-06-11T20:38:59","guid":{"rendered":"https:\/\/fmnativa.com\/portal\/?p=3510"},"modified":"2021-06-11T17:38:59","modified_gmt":"2021-06-11T20:38:59","slug":"toma-de-tierras-mas-de-20-instituciones-de-la-region-se-manifestaron-al-respecto","status":"publish","type":"post","link":"https:\/\/fmnativa.com\/portal\/2021\/06\/11\/toma-de-tierras-mas-de-20-instituciones-de-la-region-se-manifestaron-al-respecto\/","title":{"rendered":"TOMA DE TIERRAS, MAS DE 20 INSTITUCIONES DE LA REGION SE MANIFESTARON AL RESPECTO"},"content":{"rendered":"<div id=\"fb-root\"><\/div>\n<ul>\n<li>A la comunidad en general:<br \/>\nAnte los hechos que son de p\u00fablico conocimiento, relacionado a la toma de tierras realizadas ilegalmente, quienes abajo firmamos, con mucha preocupaci\u00f3n manifestamos:<\/p>\n<ul>\n<li>Reconocemos la existencia de una problem\u00e1tica habitacional end\u00e9mica que debe ser atendida mediante pol\u00edticas concretas de acceso al suelo y a la vivienda por parte de los gobiernos nacional, provincial y municipal.<\/li>\n<li>\u00a0Rechazamos de manera contundente la metodolog\u00eda de usurpaci\u00f3n de terrenos, como herramienta para la obtenci\u00f3n de tierras. La necesidad no justifica estar al margen de la ley.<\/li>\n<\/ul>\n<\/li>\n<li>Reivindicamos la propiedad privada como derecho constitucional, donde ning\u00fan habitante puede ser privado de ella.<\/li>\n<li>Repudiamos totalmente las agresiones sufridas por las fuerzas de seguridad, quienes exponen su integridad f\u00edsica en pos de garantizar el cumplimiento de la ley.<\/li>\n<li>Apoyamos y acompa\u00f1amos a los fiscales actuantes para que con sus acciones aseguren el cumplimiento de la ley y que investiguen y determinen qui\u00e9nes incitan a realizar estas maniobras y las llevan a cabo.<\/li>\n<\/ul>\n<p>Centro Industrial y Comercial de Avellaneda \u2013 Centro Industrial y Comercial Reconquista &#8211; Sociedad Rural Reconquista \u2013 CORENOSA &#8211; Asociaci\u00f3n de Empresarios del Distrito IT \u2013 Asociaci\u00f3n de Graduados en Ciencias Econ\u00f3micas del Norte Santafesino \u2013 C\u00e1mara de Comercio Interior del Norte Santafesino \u2013 Juventud Ateneo Rural \u2013 ACIAR &#8211; Gobierno de Avellaneda \u2013 Concejo Municipal de Avellaneda \u2013 Cooperativa de Servicios P\u00fablicos y Vivienda de Avellaneda Ltda. &#8211; Club Barrio Norte \u2013 Club Atl\u00e9tico Tigre \u2013 Club Defensores de La Costa \u2013 Club Ca\u00f1eros de Moussy \u2013 Club Mandiyu \u2013 Club Atl\u00e9tico La Vertiente \u2013 Asociaci\u00f3n Civil Impulsar Avellaneda &#8211; Mutual La Costa \u2013 Agenpia \u2013 Asociaciones Vecinales de Avellaneda<br \/>\nOtras instituciones y empresas se ir\u00e1n sumando a lo largo de la jornada.<\/p>\n<p>Por supuesto que desde FM NATIVA 96.9 adherimos en un todo a este doc<\/p>\n","protected":false},"excerpt":{"rendered":"<p>A la comunidad en general: Ante los hechos que son de p\u00fablico conocimiento, relacionado a&#8230;<\/p>\n","protected":false},"author":1,"featured_media":3512,"comment_status":"closed","ping_status":"closed","sticky":false,"template":"","format":"standard","meta":{"footnotes":""},"categories":[5],"tags":[16,1139,37,1138],"class_list":["post-3510","post","type-post","status-publish","format-standard","has-post-thumbnail","hentry","category-locales","tag-avellaneda","tag-noalastomas","tag-reconquista","tag-tomas"],"featured_image_urls":{"full":["https:\/\/fmnativa.com\/portal\/wp-content\/uploads\/2021\/06\/0008-2749453810_20210611_173624_0000.jpg",416,233,false],"thumbnail":["https:\/\/fmnativa.com\/portal\/wp-content\/uploads\/2021\/06\/0008-2749453810_20210611_173624_0000-150x150.jpg",150,150,true],"medium":["https:\/\/fmnativa.com\/portal\/wp-content\/uploads\/2021\/06\/0008-2749453810_20210611_173624_0000-300x168.jpg",300,168,true],"medium_large":["https:\/\/fmnativa.com\/portal\/wp-content\/uploads\/2021\/06\/0008-2749453810_20210611_173624_0000.jpg",416,233,false],"large":["https:\/\/fmnativa.com\/portal\/wp-content\/uploads\/2021\/06\/0008-2749453810_20210611_173624_0000.jpg",416,233,false],"1536x1536":["https:\/\/fmnativa.com\/portal\/wp-content\/uploads\/2021\/06\/0008-2749453810_20210611_173624_0000.jpg",416,233,false],"2048x2048":["https:\/\/fmnativa.com\/portal\/wp-content\/uploads\/2021\/06\/0008-2749453810_20210611_173624_0000.jpg",416,233,false],"covernews-slider-full":["https:\/\/fmnativa.com\/portal\/wp-content\/uploads\/2021\/06\/0008-2749453810_20210611_173624_0000.jpg",416,233,false],"covernews-slider-center":["https:\/\/fmnativa.com\/portal\/wp-content\/uploads\/2021\/06\/0008-2749453810_20210611_173624_0000.jpg",416,233,false],"covernews-featured":["https:\/\/fmnativa.com\/portal\/wp-content\/uploads\/2021\/06\/0008-2749453810_20210611_173624_0000.jpg",416,233,false],"covernews-medium":["https:\/\/fmnativa.com\/portal\/wp-content\/uploads\/2021\/06\/0008-2749453810_20210611_173624_0000.jpg",416,233,false],"covernews-medium-square":["https:\/\/fmnativa.com\/portal\/wp-content\/uploads\/2021\/06\/0008-2749453810_20210611_173624_0000-400x233.jpg",400,233,true]},"author_info":{"info":["Fabian"]},"category_info":"<a href=\"https:\/\/fmnativa.com\/portal\/category\/locales\/\" rel=\"category tag\">LOCALES<\/a>","tag_info":"LOCALES","comment_count":"0","_links":{"self":[{"href":"https:\/\/fmnativa.com\/portal\/wp-json\/wp\/v2\/posts\/3510","targetHints":{"allow":["GET"]}}],"collection":[{"href":"https:\/\/fmnativa.com\/portal\/wp-json\/wp\/v2\/posts"}],"about":[{"href":"https:\/\/fmnativa.com\/portal\/wp-json\/wp\/v2\/types\/post"}],"author":[{"embeddable":true,"href":"https:\/\/fmnativa.com\/portal\/wp-json\/wp\/v2\/users\/1"}],"replies":[{"embeddable":true,"href":"https:\/\/fmnativa.com\/portal\/wp-json\/wp\/v2\/comments?post=3510"}],"version-history":[{"count":1,"href":"https:\/\/fmnativa.com\/portal\/wp-json\/wp\/v2\/posts\/3510\/revisions"}],"predecessor-version":[{"id":3513,"href":"https:\/\/fmnativa.com\/portal\/wp-json\/wp\/v2\/posts\/3510\/revisions\/3513"}],"wp:featuredmedia":[{"embeddable":true,"href":"https:\/\/fmnativa.com\/portal\/wp-json\/wp\/v2\/media\/3512"}],"wp:attachment":[{"href":"https:\/\/fmnativa.com\/portal\/wp-json\/wp\/v2\/media?parent=3510"}],"wp:term":[{"taxonomy":"category","embeddable":true,"href":"https:\/\/fmnativa.com\/portal\/wp-json\/wp\/v2\/categories?post=3510"},{"taxonomy":"post_tag","embeddable":true,"href":"https:\/\/fmnativa.com\/portal\/wp-json\/wp\/v2\/tags?post=3510"}],"curies":[{"name":"wp","href":"https:\/\/api.w.org\/{rel}","templated":true}]}}