{"id":3524,"date":"2021-06-11T18:32:06","date_gmt":"2021-06-11T21:32:06","guid":{"rendered":"https:\/\/fmnativa.com\/portal\/?p=3524"},"modified":"2021-06-11T18:33:42","modified_gmt":"2021-06-11T21:33:42","slug":"stc2000-triunfo-inobjetable-de-damian-fineschi","status":"publish","type":"post","link":"https:\/\/fmnativa.com\/portal\/2021\/06\/11\/stc2000-triunfo-inobjetable-de-damian-fineschi\/","title":{"rendered":"STC2000 &#8211; Triunfo inobjetable de Dami\u00e1n Fineschi"},"content":{"rendered":"<div id=\"fb-root\"><\/div>\n<p class=\"description\">El piloto de Renault lider\u00f3 de principio a fin la quinta fecha del S\u00faper TC2000 en el Aut\u00f3dromo de Buenos Aires.<\/p>\n<p class=\"capital\">Luego de haber logrado la victoria en la carrera clasificatoria, <b>Dami\u00e1n Fineschi\u00a0<\/b>ten\u00eda la posibilidad de largar en la primera posici\u00f3n y quer\u00eda aprovecharlo con el\u00a0<b>Renault Sport Castrol Team.\u00a0<\/b><\/p>\n<p>Se apag\u00f3 el sem\u00e1foro y en la largada con partida detenida movi\u00f3 mejor<b>\u00a0Finesc<\/b>hi y pic\u00f3 en punta.\u00a0<b>Juan \u00c1ngel Rosso\u00a0<\/b>qued\u00f3 segundo seguido por\u00a0<b>Fabi\u00e1n Yannantuoni y Marcelo Ciarrocchi,\u00a0<\/b>quienes al llegar a los mixtos tuvieron un toque y perdieron muchas posiciones. El tercer puesto lo hered\u00f3 Agust\u00edn Canapino mientras que uno de los que m\u00e1s avanz\u00f3 en el inicio fue Facundo Ardusso, del puesto 18\u00b0 al 13\u00b0.<\/p>\n<p>En la tercera vuelta sali\u00f3 el\u00a0<b>Auto de Seguridad por el despiste de Ciarrocchi en la curva 1,<\/b>\u00a0pero r\u00e1pidamente pudieron retirarlo para que vuelva a haber velocidad plena. Se relanz\u00f3 y otra vez<b>\u00a0Fineschi pudo establecer la diferencia en la punta con 1 segundo de ventaja sobre Rosso\u00a0<\/b>que empez\u00f3 a defenderse de Canapino.<\/p>\n<section class=\"embed-social\">\n<div class=\"twitter-tweet twitter-tweet-rendered\"><b>Nicol\u00e1s Moscardini,<\/b>\u00a0que hab\u00eda avanzado 9 puestos, fue\u00a0<b>penalizado con pase y siga por falsa largada\u00a0<\/b>as\u00ed que el piloto platense perdi\u00f3 valioso terreno con los puestos de punta. Mientras tanto, Dami\u00e1n\u00a0<b>Fineschi\u00a0<\/b>segu\u00eda a un ritmo de 1.21.6 que le permit\u00eda mantener a 1 segundo y medio a\u00a0<b>Rosso<\/b>, mientras que\u00a0<b>Canapino\u00a0<\/b>no pod\u00eda acercarse al de Honda.<\/div>\n<\/section>\n<div>\n<p>La pelea m\u00e1s entretenida fue por el quinto puesto entre\u00a0<b>Mat\u00edas Rossi y el mendocino Bernardo Llaver\u00a0<\/b>que ven\u00eda a mejor ritmo con el Chevrolet y lo intent\u00f3 en varias ocasiones, pero el campe\u00f3n se defendi\u00f3 bien.<\/p>\n<p>La carrera se manten\u00eda con pocas alternativas, m\u00e1s all\u00e1 de un despiste de\u00a0<b>Leonel Pern\u00eda\u00a0<\/b>en la curva 1 y el ingreso a boxes de\u00a0<b>Risatti\u00a0<\/b>hasta que a 11 minutos del final,<b>\u00a0Canapino lo atac\u00f3 a Rosso y pudo superar al de Honda en el final de la recta principal.<\/b><\/p>\n<p>En las \u00faltimas vueltas Canapino empez\u00f3 a girar m\u00e1s r\u00e1pido que el l\u00edder y le empez\u00f3 a descontar considerablemente. Cuando restaban dos giros, el de Arrecifes lleg\u00f3 a estar a menos de 1 segundo y los dos ven\u00edan usando el Push to Pass.<\/p>\n<p>Finalmente,\u00a0<b>Dami\u00e1n Fineschi\u00a0<\/b>(Renault) aguant\u00f3 y se pudo quedar con la victoria. Es la segunda que logra en el circuito 9 tras haber ganado los 200 Kil\u00f3metros de Buenos Aires con Leonel Pern\u00eda. Segundo termin\u00f3\u00a0<b>Agust\u00edn Canapino<\/b>\u00a0(Chevrolet), tercero termin\u00f3\u00a0<b>Juan \u00c1ngel Rosso<\/b>\u00a0(Honda), cuarto\u00a0<b>Juli\u00e1n Santero\u00a0<\/b>(Toyota), quinto\u00a0<b>Mat\u00edas Rossi<\/b>, sexto\u00a0<b>Facundo<\/b>\u00a0<b>Ardusso<\/b>, s\u00e9ptimo\u00a0<b>Berni<\/b>\u00a0<b>Llaver<\/b>, octavo\u00a0<b>Emiliano<\/b>\u00a0<b>Spataro<\/b>, noveno\u00a0<b>Tom\u00e1s Cingolani\u00a0<\/b>y d\u00e9cimo\u00a0<b>Jos\u00e9 Manuel Sapag.<\/b><\/p>\n<p><b>\u00abPole y doble victoria, llevarme 31 puntos es algo so\u00f1ado. Fui en b\u00fasqueda de hacer una buena clasificaci\u00f3n y pude ganar. Es m\u00e9rito del equipo que construy\u00f3 un conjunto b\u00e1rbaro, creo que todos quieren estar sentado en este Renault. En la largada no sent\u00ed que me haya movido, estoy tranquilo en ese sentido. Sobre el final yo quer\u00eda evitar no exigir el neum\u00e1tico\u00bb,\u00a0<\/b>expres\u00f3 el ganador del S\u00faper TC2000, Dami\u00e1n Fineschi en Carburando.<\/p>\n<p>En el campeonato,\u00a0<b>Rossi\u00a0<\/b>lidera con 73 puntos, seguido por\u00a0<b>Ardusso\u00a0<\/b>con 72,\u00a0<b>Pern\u00eda<\/b>\u00a0con 65,\u00a0<b>Canapino\u00a0<\/b>con 64 y\u00a0<b>Santero\u00a0<\/b>con 57 unidades cerrando el Top 5.<\/p>\n<p>La pr\u00f3xima fecha del<b>\u00a0S\u00faper TC2000\u00a0<\/b>est\u00e1 prevista para el\u00a0<b>18 de julio en circuito a confirmar.<\/b><\/p>\n<\/div>\n","protected":false},"excerpt":{"rendered":"<p>El piloto de Renault lider\u00f3 de principio a fin la quinta fecha del S\u00faper TC2000&#8230;<\/p>\n","protected":false},"author":1,"featured_media":3525,"comment_status":"closed","ping_status":"closed","sticky":false,"template":"","format":"standard","meta":{"footnotes":""},"categories":[48,10,7],"tags":[105,1118,1097,691,1087,1114],"class_list":["post-3524","post","type-post","status-publish","format-standard","has-post-thumbnail","hentry","category-deportes","category-ponelaquinta","category-provinciales","tag-automovilismo","tag-fmnativa96-9","tag-plq","tag-ponelaquinta","tag-stc2000","tag-supertc2000"],"featured_image_urls":{"full":["https:\/\/fmnativa.com\/portal\/wp-content\/uploads\/2021\/06\/1-12.jpg",712,478,false],"thumbnail":["https:\/\/fmnativa.com\/portal\/wp-content\/uploads\/2021\/06\/1-12-150x150.jpg",150,150,true],"medium":["https:\/\/fmnativa.com\/portal\/wp-content\/uploads\/2021\/06\/1-12-300x201.jpg",300,201,true],"medium_large":["https:\/\/fmnativa.com\/portal\/wp-content\/uploads\/2021\/06\/1-12.jpg",640,430,false],"large":["https:\/\/fmnativa.com\/portal\/wp-content\/uploads\/2021\/06\/1-12.jpg",640,430,false],"1536x1536":["https:\/\/fmnativa.com\/portal\/wp-content\/uploads\/2021\/06\/1-12.jpg",712,478,false],"2048x2048":["https:\/\/fmnativa.com\/portal\/wp-content\/uploads\/2021\/06\/1-12.jpg",712,478,false],"covernews-slider-full":["https:\/\/fmnativa.com\/portal\/wp-content\/uploads\/2021\/06\/1-12.jpg",712,478,false],"covernews-slider-center":["https:\/\/fmnativa.com\/portal\/wp-content\/uploads\/2021\/06\/1-12.jpg",712,478,false],"covernews-featured":["https:\/\/fmnativa.com\/portal\/wp-content\/uploads\/2021\/06\/1-12.jpg",712,478,false],"covernews-medium":["https:\/\/fmnativa.com\/portal\/wp-content\/uploads\/2021\/06\/1-12-540x340.jpg",540,340,true],"covernews-medium-square":["https:\/\/fmnativa.com\/portal\/wp-content\/uploads\/2021\/06\/1-12-400x250.jpg",400,250,true]},"author_info":{"info":["Fabian"]},"category_info":"<a href=\"https:\/\/fmnativa.com\/portal\/category\/deportes\/\" rel=\"category tag\">DEPORTES<\/a> <a href=\"https:\/\/fmnativa.com\/portal\/category\/ponelaquinta\/\" rel=\"category tag\">Pon\u00e9 La Quinta<\/a> <a href=\"https:\/\/fmnativa.com\/portal\/category\/provinciales\/\" rel=\"category tag\">PROVINCIALES<\/a>","tag_info":"PROVINCIALES","comment_count":"0","_links":{"self":[{"href":"https:\/\/fmnativa.com\/portal\/wp-json\/wp\/v2\/posts\/3524","targetHints":{"allow":["GET"]}}],"collection":[{"href":"https:\/\/fmnativa.com\/portal\/wp-json\/wp\/v2\/posts"}],"about":[{"href":"https:\/\/fmnativa.com\/portal\/wp-json\/wp\/v2\/types\/post"}],"author":[{"embeddable":true,"href":"https:\/\/fmnativa.com\/portal\/wp-json\/wp\/v2\/users\/1"}],"replies":[{"embeddable":true,"href":"https:\/\/fmnativa.com\/portal\/wp-json\/wp\/v2\/comments?post=3524"}],"version-history":[{"count":3,"href":"https:\/\/fmnativa.com\/portal\/wp-json\/wp\/v2\/posts\/3524\/revisions"}],"predecessor-version":[{"id":3528,"href":"https:\/\/fmnativa.com\/portal\/wp-json\/wp\/v2\/posts\/3524\/revisions\/3528"}],"wp:featuredmedia":[{"embeddable":true,"href":"https:\/\/fmnativa.com\/portal\/wp-json\/wp\/v2\/media\/3525"}],"wp:attachment":[{"href":"https:\/\/fmnativa.com\/portal\/wp-json\/wp\/v2\/media?parent=3524"}],"wp:term":[{"taxonomy":"category","embeddable":true,"href":"https:\/\/fmnativa.com\/portal\/wp-json\/wp\/v2\/categories?post=3524"},{"taxonomy":"post_tag","embeddable":true,"href":"https:\/\/fmnativa.com\/portal\/wp-json\/wp\/v2\/tags?post=3524"}],"curies":[{"name":"wp","href":"https:\/\/api.w.org\/{rel}","templated":true}]}}