{"id":3529,"date":"2021-06-11T18:54:23","date_gmt":"2021-06-11T21:54:23","guid":{"rendered":"https:\/\/fmnativa.com\/portal\/?p=3529"},"modified":"2021-06-11T18:54:23","modified_gmt":"2021-06-11T21:54:23","slug":"tr-series-el-que-subio-a-los-mas-alto-del-podio-fue-palau","status":"publish","type":"post","link":"https:\/\/fmnativa.com\/portal\/2021\/06\/11\/tr-series-el-que-subio-a-los-mas-alto-del-podio-fue-palau\/","title":{"rendered":"TR Series &#8211; El que subi\u00f3 a los mas alto del podio fue Palau"},"content":{"rendered":"<div id=\"fb-root\"><\/div>\n<div class=\"text--primary pt-5 body-1 font-weight-regular\" data-v-ff416bf6=\"\">El mendocino Nicol\u00e1s Palau consigui\u00f3 vencer en la competencia de Top Race Series que se disput\u00f3 en Buenos Aires.<\/div>\n<div data-v-ff416bf6=\"\"><\/div>\n<div class=\"text--primary pt-5 body-1 font-weight-regular\" data-v-ff416bf6=\"\">Nicol\u00e1s Palau alcanz\u00f3 la victoria en la Carrera Final de Top Race Series, que se realiz\u00f3 en el Circuito \u00ab9\u00bb del aut\u00f3dromo \u00abOscar y Juan G\u00e1lvez\u00bb de Buenos Aires, tras dominar de principio a fin en la competencia, en donde larg\u00f3 desde la \u00abpole\u00bb y cruz\u00f3 la meta con casi dos segundos de ventaja sobre Miguel Otero.<\/div>\n<div id=\"editorcomponent\" class=\"text--primary py-7 body-1 font-weight-regular\" data-v-ff416bf6=\"\">\n<p>El piloto de San Mart\u00edn, Mendoza, cerr\u00f3 una buena cosecha de puntos para el campeonato, llegando a 42 unidades y ubic\u00e1ndose cuarto, a 17 puntos del l\u00edder del certamen, Oscar S\u00e1nchez, quien termin\u00f3 en el tercer puesto de la competencia, seguido de Diego Verriello.<\/p>\n<p>Ianina Zanazzi se clasific\u00f3 en el quinto lugar, tras una f\u00e9rrea disputa con Luis Gastaldi y Sebasti\u00e1n Alzamendi, quienes la acecharon en los tramos finales, para concluir la fecha separados en menos de un segundo. Agust\u00edn Tambascio, fue el octavo, precediendo a Adri\u00e1n Tracogna y Norberto Grosso, en la pista.<\/p>\n<p>La pr\u00f3xima competencia est\u00e1 prevista para el 4 de julio, en escenario a confirmar.<\/p>\n<\/div>\n","protected":false},"excerpt":{"rendered":"<p>El mendocino Nicol\u00e1s Palau consigui\u00f3 vencer en la competencia de Top Race Series que se&#8230;<\/p>\n","protected":false},"author":1,"featured_media":3531,"comment_status":"closed","ping_status":"closed","sticky":false,"template":"","format":"standard","meta":{"footnotes":""},"categories":[48,8,10],"tags":[105,1118,1097,691,1090],"class_list":["post-3529","post","type-post","status-publish","format-standard","has-post-thumbnail","hentry","category-deportes","category-nacionales","category-ponelaquinta","tag-automovilismo","tag-fmnativa96-9","tag-plq","tag-ponelaquinta","tag-topraceseries"],"featured_image_urls":{"full":["https:\/\/fmnativa.com\/portal\/wp-content\/uploads\/2021\/06\/nicolas-palau.jpg",1512,1008,false],"thumbnail":["https:\/\/fmnativa.com\/portal\/wp-content\/uploads\/2021\/06\/nicolas-palau-150x150.jpg",150,150,true],"medium":["https:\/\/fmnativa.com\/portal\/wp-content\/uploads\/2021\/06\/nicolas-palau-300x200.jpg",300,200,true],"medium_large":["https:\/\/fmnativa.com\/portal\/wp-content\/uploads\/2021\/06\/nicolas-palau-768x512.jpg",640,427,true],"large":["https:\/\/fmnativa.com\/portal\/wp-content\/uploads\/2021\/06\/nicolas-palau-1024x683.jpg",640,427,true],"1536x1536":["https:\/\/fmnativa.com\/portal\/wp-content\/uploads\/2021\/06\/nicolas-palau.jpg",1512,1008,false],"2048x2048":["https:\/\/fmnativa.com\/portal\/wp-content\/uploads\/2021\/06\/nicolas-palau.jpg",1512,1008,false],"covernews-slider-full":["https:\/\/fmnativa.com\/portal\/wp-content\/uploads\/2021\/06\/nicolas-palau-1115x715.jpg",1115,715,true],"covernews-slider-center":["https:\/\/fmnativa.com\/portal\/wp-content\/uploads\/2021\/06\/nicolas-palau-800x500.jpg",800,500,true],"covernews-featured":["https:\/\/fmnativa.com\/portal\/wp-content\/uploads\/2021\/06\/nicolas-palau-1024x683.jpg",1024,683,true],"covernews-medium":["https:\/\/fmnativa.com\/portal\/wp-content\/uploads\/2021\/06\/nicolas-palau-540x340.jpg",540,340,true],"covernews-medium-square":["https:\/\/fmnativa.com\/portal\/wp-content\/uploads\/2021\/06\/nicolas-palau-400x250.jpg",400,250,true]},"author_info":{"info":["Fabian"]},"category_info":"<a href=\"https:\/\/fmnativa.com\/portal\/category\/deportes\/\" rel=\"category tag\">DEPORTES<\/a> <a href=\"https:\/\/fmnativa.com\/portal\/category\/nacionales\/\" rel=\"category tag\">Nacionales<\/a> <a href=\"https:\/\/fmnativa.com\/portal\/category\/ponelaquinta\/\" rel=\"category tag\">Pon\u00e9 La Quinta<\/a>","tag_info":"Pon\u00e9 La Quinta","comment_count":"0","_links":{"self":[{"href":"https:\/\/fmnativa.com\/portal\/wp-json\/wp\/v2\/posts\/3529","targetHints":{"allow":["GET"]}}],"collection":[{"href":"https:\/\/fmnativa.com\/portal\/wp-json\/wp\/v2\/posts"}],"about":[{"href":"https:\/\/fmnativa.com\/portal\/wp-json\/wp\/v2\/types\/post"}],"author":[{"embeddable":true,"href":"https:\/\/fmnativa.com\/portal\/wp-json\/wp\/v2\/users\/1"}],"replies":[{"embeddable":true,"href":"https:\/\/fmnativa.com\/portal\/wp-json\/wp\/v2\/comments?post=3529"}],"version-history":[{"count":1,"href":"https:\/\/fmnativa.com\/portal\/wp-json\/wp\/v2\/posts\/3529\/revisions"}],"predecessor-version":[{"id":3532,"href":"https:\/\/fmnativa.com\/portal\/wp-json\/wp\/v2\/posts\/3529\/revisions\/3532"}],"wp:featuredmedia":[{"embeddable":true,"href":"https:\/\/fmnativa.com\/portal\/wp-json\/wp\/v2\/media\/3531"}],"wp:attachment":[{"href":"https:\/\/fmnativa.com\/portal\/wp-json\/wp\/v2\/media?parent=3529"}],"wp:term":[{"taxonomy":"category","embeddable":true,"href":"https:\/\/fmnativa.com\/portal\/wp-json\/wp\/v2\/categories?post=3529"},{"taxonomy":"post_tag","embeddable":true,"href":"https:\/\/fmnativa.com\/portal\/wp-json\/wp\/v2\/tags?post=3529"}],"curies":[{"name":"wp","href":"https:\/\/api.w.org\/{rel}","templated":true}]}}