{"id":3537,"date":"2021-06-11T19:42:37","date_gmt":"2021-06-11T22:42:37","guid":{"rendered":"https:\/\/fmnativa.com\/portal\/?p=3537"},"modified":"2021-06-11T19:43:19","modified_gmt":"2021-06-11T22:43:19","slug":"rally-argentino-la-4-fecha-se-correra-en-julio-aseguro-miguel-mattos-a-plq","status":"publish","type":"post","link":"https:\/\/fmnativa.com\/portal\/2021\/06\/11\/rally-argentino-la-4-fecha-se-correra-en-julio-aseguro-miguel-mattos-a-plq\/","title":{"rendered":"Rally Argentino &#8211; La 4\u00b0 fecha se correr\u00e1 en Julio asegur\u00f3 Miguel Mattos a PLQ"},"content":{"rendered":"<div id=\"fb-root\"><\/div>\n<p>El jefe de prensa cont\u00f3 que ser\u00e1 en C\u00f3rdoba con epicentro en el Oscar Cabal\u00e9n de Alta Gracia<\/p>\n<p>Luego de diferentes conversaciones entre los directivos de ACRA (Asociaci\u00f3n Civil Rally Argentino) y autoridades municipales y provinciales y acatando las directvas a nivel gubernamental vigentes desde Rally Argentino comunicamos que la cuarta fecha del campeonato 2021 se fijar\u00e1 para el fin de semana del 9 al 11 de julio.<\/p>\n<p>Esta fecha ya pactada dentro de nuestro calendario original ser\u00e1 el Rally de C\u00f3rdoba, con formato 100% burbuja, utilizando como epicentro el aut\u00f3dromo Oscar Cabal\u00e9n de Alta Gracia que albergar\u00e1 dos pruebas especiales (uno de tierra y otro de asfalto), el circuito de Oreste Berta (Alta Gracia) con un tramo mixto y el Parque Tem\u00e1tico en Villa Carlos Paz con un tramo de tierra.<\/p>\n<p>La realizaci\u00f3n de esta competencia estar\u00e1 sujeta a la autorizaci\u00f3n correspondiente de parte de las autoridades gubernamentales de la provincia de C\u00f3rdoba.<\/p>\n<p>MIGUEL MATTOS<\/p>\n<audio class=\"wp-audio-shortcode\" id=\"audio-3537-1\" preload=\"none\" style=\"width: 100%;\" controls=\"controls\"><source type=\"audio\/mpeg\" src=\"https:\/\/fmnativa.com\/portal\/wp-content\/uploads\/2021\/06\/Miguel-Mattos-Prensa-Rally.mp3?_=1\" \/><a href=\"https:\/\/fmnativa.com\/portal\/wp-content\/uploads\/2021\/06\/Miguel-Mattos-Prensa-Rally.mp3\">https:\/\/fmnativa.com\/portal\/wp-content\/uploads\/2021\/06\/Miguel-Mattos-Prensa-Rally.mp3<\/a><\/audio>\n<p>&nbsp;<\/p>\n<p style=\"text-align: center;\"><img fetchpriority=\"high\" decoding=\"async\" class=\"alignnone wp-image-3405\" src=\"https:\/\/fmnativa.com\/portal\/wp-content\/uploads\/2021\/06\/7-300x300.jpg\" alt=\"\" width=\"344\" height=\"344\" srcset=\"https:\/\/fmnativa.com\/portal\/wp-content\/uploads\/2021\/06\/7-300x300.jpg 300w, https:\/\/fmnativa.com\/portal\/wp-content\/uploads\/2021\/06\/7-1024x1024.jpg 1024w, https:\/\/fmnativa.com\/portal\/wp-content\/uploads\/2021\/06\/7-150x150.jpg 150w, https:\/\/fmnativa.com\/portal\/wp-content\/uploads\/2021\/06\/7-768x768.jpg 768w, https:\/\/fmnativa.com\/portal\/wp-content\/uploads\/2021\/06\/7.jpg 1080w\" sizes=\"(max-width: 344px) 100vw, 344px\" \/><\/p>\n","protected":false},"excerpt":{"rendered":"<p>El jefe de prensa cont\u00f3 que ser\u00e1 en C\u00f3rdoba con epicentro en el Oscar Cabal\u00e9n&#8230;<\/p>\n","protected":false},"author":1,"featured_media":3540,"comment_status":"closed","ping_status":"closed","sticky":false,"template":"","format":"standard","meta":{"footnotes":""},"categories":[48,8,10],"tags":[1146,1145,1144],"class_list":["post-3537","post","type-post","status-publish","format-standard","has-post-thumbnail","hentry","category-deportes","category-nacionales","category-ponelaquinta","tag-cordoba","tag-rally","tag-rallyargentino"],"featured_image_urls":{"full":["https:\/\/fmnativa.com\/portal\/wp-content\/uploads\/2021\/06\/1-13.jpg",512,297,false],"thumbnail":["https:\/\/fmnativa.com\/portal\/wp-content\/uploads\/2021\/06\/1-13-150x150.jpg",150,150,true],"medium":["https:\/\/fmnativa.com\/portal\/wp-content\/uploads\/2021\/06\/1-13-300x174.jpg",300,174,true],"medium_large":["https:\/\/fmnativa.com\/portal\/wp-content\/uploads\/2021\/06\/1-13.jpg",512,297,false],"large":["https:\/\/fmnativa.com\/portal\/wp-content\/uploads\/2021\/06\/1-13.jpg",512,297,false],"1536x1536":["https:\/\/fmnativa.com\/portal\/wp-content\/uploads\/2021\/06\/1-13.jpg",512,297,false],"2048x2048":["https:\/\/fmnativa.com\/portal\/wp-content\/uploads\/2021\/06\/1-13.jpg",512,297,false],"covernews-slider-full":["https:\/\/fmnativa.com\/portal\/wp-content\/uploads\/2021\/06\/1-13.jpg",512,297,false],"covernews-slider-center":["https:\/\/fmnativa.com\/portal\/wp-content\/uploads\/2021\/06\/1-13.jpg",512,297,false],"covernews-featured":["https:\/\/fmnativa.com\/portal\/wp-content\/uploads\/2021\/06\/1-13.jpg",512,297,false],"covernews-medium":["https:\/\/fmnativa.com\/portal\/wp-content\/uploads\/2021\/06\/1-13.jpg",512,297,false],"covernews-medium-square":["https:\/\/fmnativa.com\/portal\/wp-content\/uploads\/2021\/06\/1-13-400x250.jpg",400,250,true]},"author_info":{"info":["Fabian"]},"category_info":"<a href=\"https:\/\/fmnativa.com\/portal\/category\/deportes\/\" rel=\"category tag\">DEPORTES<\/a> <a href=\"https:\/\/fmnativa.com\/portal\/category\/nacionales\/\" rel=\"category tag\">Nacionales<\/a> <a href=\"https:\/\/fmnativa.com\/portal\/category\/ponelaquinta\/\" rel=\"category tag\">Pon\u00e9 La Quinta<\/a>","tag_info":"Pon\u00e9 La Quinta","comment_count":"0","_links":{"self":[{"href":"https:\/\/fmnativa.com\/portal\/wp-json\/wp\/v2\/posts\/3537","targetHints":{"allow":["GET"]}}],"collection":[{"href":"https:\/\/fmnativa.com\/portal\/wp-json\/wp\/v2\/posts"}],"about":[{"href":"https:\/\/fmnativa.com\/portal\/wp-json\/wp\/v2\/types\/post"}],"author":[{"embeddable":true,"href":"https:\/\/fmnativa.com\/portal\/wp-json\/wp\/v2\/users\/1"}],"replies":[{"embeddable":true,"href":"https:\/\/fmnativa.com\/portal\/wp-json\/wp\/v2\/comments?post=3537"}],"version-history":[{"count":1,"href":"https:\/\/fmnativa.com\/portal\/wp-json\/wp\/v2\/posts\/3537\/revisions"}],"predecessor-version":[{"id":3539,"href":"https:\/\/fmnativa.com\/portal\/wp-json\/wp\/v2\/posts\/3537\/revisions\/3539"}],"wp:featuredmedia":[{"embeddable":true,"href":"https:\/\/fmnativa.com\/portal\/wp-json\/wp\/v2\/media\/3540"}],"wp:attachment":[{"href":"https:\/\/fmnativa.com\/portal\/wp-json\/wp\/v2\/media?parent=3537"}],"wp:term":[{"taxonomy":"category","embeddable":true,"href":"https:\/\/fmnativa.com\/portal\/wp-json\/wp\/v2\/categories?post=3537"},{"taxonomy":"post_tag","embeddable":true,"href":"https:\/\/fmnativa.com\/portal\/wp-json\/wp\/v2\/tags?post=3537"}],"curies":[{"name":"wp","href":"https:\/\/api.w.org\/{rel}","templated":true}]}}