{"id":3552,"date":"2021-06-15T16:34:47","date_gmt":"2021-06-15T19:34:47","guid":{"rendered":"https:\/\/fmnativa.com\/portal\/?p=3552"},"modified":"2021-06-15T16:34:47","modified_gmt":"2021-06-15T19:34:47","slug":"reconquista-la-semana-proxima-patio-limpio-en-zona-a","status":"publish","type":"post","link":"https:\/\/fmnativa.com\/portal\/2021\/06\/15\/reconquista-la-semana-proxima-patio-limpio-en-zona-a\/","title":{"rendered":"Reconquista &#8211; La semana pr\u00f3xima, PATIO LIMPIO en ZONA A"},"content":{"rendered":"<div id=\"fb-root\"><\/div>\n<p>La Municipalidad de Reconquista avanza con el programa Patio Limpio, que propone recolecci\u00f3n de ramas, pastos y cacharros con el objetivo de mantener la limpieza de los hogares.<\/p>\n<p>En ese sentido, se informa que el pr\u00f3ximo lunes 21 de junio ser\u00e1 el turno de las Zona A, barrios Moreno, Hospital, Pucar\u00e1, Parque Industrial, 136 Viviendas, Itat\u00ed, Santa Rosa, Don Pepito, Don Juan, Lanceros del Sauce, Zorz\u00f3n y San Jer\u00f3nimo del Rey.<\/p>\n<p>Los vecinos de dichos sectores podr\u00e1n dejar pasto embolsado, ramas atadas en manojos o cacharros en bolsas \u00fanicamente en el d\u00eda indicado.<\/p>\n<p style=\"text-align: center;\"><img fetchpriority=\"high\" decoding=\"async\" class=\"alignnone wp-image-3553 \" src=\"https:\/\/fmnativa.com\/portal\/wp-content\/uploads\/2021\/06\/1-1022x1024.jpeg\" alt=\"\" width=\"528\" height=\"529\" srcset=\"https:\/\/fmnativa.com\/portal\/wp-content\/uploads\/2021\/06\/1-1022x1024.jpeg 1022w, https:\/\/fmnativa.com\/portal\/wp-content\/uploads\/2021\/06\/1-300x300.jpeg 300w, https:\/\/fmnativa.com\/portal\/wp-content\/uploads\/2021\/06\/1-150x150.jpeg 150w, https:\/\/fmnativa.com\/portal\/wp-content\/uploads\/2021\/06\/1-768x769.jpeg 768w, https:\/\/fmnativa.com\/portal\/wp-content\/uploads\/2021\/06\/1-1024x1026.jpeg 1024w, https:\/\/fmnativa.com\/portal\/wp-content\/uploads\/2021\/06\/1.jpeg 1278w\" sizes=\"(max-width: 528px) 100vw, 528px\" \/><\/p>\n","protected":false},"excerpt":{"rendered":"<p>La Municipalidad de Reconquista avanza con el programa Patio Limpio, que propone recolecci\u00f3n de ramas,&#8230;<\/p>\n","protected":false},"author":1,"featured_media":3554,"comment_status":"closed","ping_status":"closed","sticky":false,"template":"","format":"standard","meta":{"footnotes":""},"categories":[5],"tags":[656,672,37],"class_list":["post-3552","post","type-post","status-publish","format-standard","has-post-thumbnail","hentry","category-locales","tag-municipalidaddereconquista","tag-patiolimpio","tag-reconquista"],"featured_image_urls":{"full":["https:\/\/fmnativa.com\/portal\/wp-content\/uploads\/2021\/06\/1-1.jpeg",807,594,false],"thumbnail":["https:\/\/fmnativa.com\/portal\/wp-content\/uploads\/2021\/06\/1-1-150x150.jpeg",150,150,true],"medium":["https:\/\/fmnativa.com\/portal\/wp-content\/uploads\/2021\/06\/1-1-300x221.jpeg",300,221,true],"medium_large":["https:\/\/fmnativa.com\/portal\/wp-content\/uploads\/2021\/06\/1-1-768x565.jpeg",640,471,true],"large":["https:\/\/fmnativa.com\/portal\/wp-content\/uploads\/2021\/06\/1-1.jpeg",640,471,false],"1536x1536":["https:\/\/fmnativa.com\/portal\/wp-content\/uploads\/2021\/06\/1-1.jpeg",807,594,false],"2048x2048":["https:\/\/fmnativa.com\/portal\/wp-content\/uploads\/2021\/06\/1-1.jpeg",807,594,false],"covernews-slider-full":["https:\/\/fmnativa.com\/portal\/wp-content\/uploads\/2021\/06\/1-1.jpeg",807,594,false],"covernews-slider-center":["https:\/\/fmnativa.com\/portal\/wp-content\/uploads\/2021\/06\/1-1-800x500.jpeg",800,500,true],"covernews-featured":["https:\/\/fmnativa.com\/portal\/wp-content\/uploads\/2021\/06\/1-1.jpeg",807,594,false],"covernews-medium":["https:\/\/fmnativa.com\/portal\/wp-content\/uploads\/2021\/06\/1-1-540x340.jpeg",540,340,true],"covernews-medium-square":["https:\/\/fmnativa.com\/portal\/wp-content\/uploads\/2021\/06\/1-1-400x250.jpeg",400,250,true]},"author_info":{"info":["Fabian"]},"category_info":"<a href=\"https:\/\/fmnativa.com\/portal\/category\/locales\/\" rel=\"category tag\">LOCALES<\/a>","tag_info":"LOCALES","comment_count":"0","_links":{"self":[{"href":"https:\/\/fmnativa.com\/portal\/wp-json\/wp\/v2\/posts\/3552","targetHints":{"allow":["GET"]}}],"collection":[{"href":"https:\/\/fmnativa.com\/portal\/wp-json\/wp\/v2\/posts"}],"about":[{"href":"https:\/\/fmnativa.com\/portal\/wp-json\/wp\/v2\/types\/post"}],"author":[{"embeddable":true,"href":"https:\/\/fmnativa.com\/portal\/wp-json\/wp\/v2\/users\/1"}],"replies":[{"embeddable":true,"href":"https:\/\/fmnativa.com\/portal\/wp-json\/wp\/v2\/comments?post=3552"}],"version-history":[{"count":1,"href":"https:\/\/fmnativa.com\/portal\/wp-json\/wp\/v2\/posts\/3552\/revisions"}],"predecessor-version":[{"id":3555,"href":"https:\/\/fmnativa.com\/portal\/wp-json\/wp\/v2\/posts\/3552\/revisions\/3555"}],"wp:featuredmedia":[{"embeddable":true,"href":"https:\/\/fmnativa.com\/portal\/wp-json\/wp\/v2\/media\/3554"}],"wp:attachment":[{"href":"https:\/\/fmnativa.com\/portal\/wp-json\/wp\/v2\/media?parent=3552"}],"wp:term":[{"taxonomy":"category","embeddable":true,"href":"https:\/\/fmnativa.com\/portal\/wp-json\/wp\/v2\/categories?post=3552"},{"taxonomy":"post_tag","embeddable":true,"href":"https:\/\/fmnativa.com\/portal\/wp-json\/wp\/v2\/tags?post=3552"}],"curies":[{"name":"wp","href":"https:\/\/api.w.org\/{rel}","templated":true}]}}