{"id":3556,"date":"2021-06-15T20:09:54","date_gmt":"2021-06-15T23:09:54","guid":{"rendered":"https:\/\/fmnativa.com\/portal\/?p=3556"},"modified":"2021-06-15T20:22:51","modified_gmt":"2021-06-15T23:22:51","slug":"el-automovilismo-esta-de-luto-fallecio-carlos-%c2%a8el-turco%c2%a8-gazze","status":"publish","type":"post","link":"https:\/\/fmnativa.com\/portal\/2021\/06\/15\/el-automovilismo-esta-de-luto-fallecio-carlos-%c2%a8el-turco%c2%a8-gazze\/","title":{"rendered":"El AUTOMOVILISMO ESTA DE LUTO, FALLECIO CARLOS \u00a8El Turco\u00a8 GAZZE"},"content":{"rendered":"<div id=\"fb-root\"><\/div>\n<p>El S\u00e1bado pasado CARLITOS GAZZE, se fue al m\u00e1s all\u00e1 buscando alguna pista en el cielo, y seguramente ya estar\u00e1 en contacto con quien lo recib\u00eda en su taller cuando era muy joven, hablo de COCO ZANET ubicado en calle Habegger entre 9 de Julio y 25 de mayo.<\/p>\n<p>El TURCO como era m\u00e1s conocido, anduvo siempre mezclado entre los fierros.. ya all\u00e1 cuando reci\u00e9n sal\u00eda de su adolescencia entre los 16 y 17 a\u00f1os fue parte de la organizaci\u00f3n de una carrera en la que tambi\u00e9n estuvo la Escuela Industrial y que se realiz\u00f3 debajo del puente alto de Avellaneda.<\/p>\n<p><img fetchpriority=\"high\" decoding=\"async\" class=\"size-medium wp-image-3557 alignleft\" src=\"https:\/\/fmnativa.com\/portal\/wp-content\/uploads\/2021\/06\/3-300x291.jpeg\" alt=\"\" width=\"300\" height=\"291\" srcset=\"https:\/\/fmnativa.com\/portal\/wp-content\/uploads\/2021\/06\/3-300x291.jpeg 300w, https:\/\/fmnativa.com\/portal\/wp-content\/uploads\/2021\/06\/3.jpeg 632w\" sizes=\"(max-width: 300px) 100vw, 300px\" \/>Supo mezclarse entre los tantos que laburaron en el desmonte del predio del Reconquista Auto Club.<\/p>\n<p>En alg\u00fan momento se dio el gusto de manejar un FORD T que arm\u00f3 Coco Zanet, mas tarde el VASCO SALABERRY trajo un CHEVROLET 4 con 180 caballos al que tambi\u00e9n se le anim\u00f3.<\/p>\n<p>Alla por 1.980 fue el primer ganador de la categor\u00eda LIMITADA RECONQUISTENSE con un auto tambi\u00e9n propiedad del VASCO SALABERRI motorizado con un FIAT 1.600.<\/p>\n<p>Mas tarde form\u00f3 parte de un grupo de 5 o 6 locos que liderados por Rub\u00e9n Nardelli, formaron la categor\u00eda FIAT 600 TNE en la cual tambi\u00e9n corri\u00f3 con un FIAT 600 pintado de color celeste..,.<\/p>\n<p>Protagonista de mil batallas, hoy andar\u00e1 por all\u00e1 arriba, busc\u00e1ndolo al Vasco, a Coco y a tantos otros que fueron parte de nuestra historia del deporte motor.<\/p>\n<p>A YEMEL su hijo y toda su familia&#8230;. toda la familia tuerca de la regi\u00f3n los acompa\u00f1a en este momento de dolor<\/p>\n<p>Querido CARLOS<br \/>\nQuerido TURCO<br \/>\nQuerido VECINO<\/p>\n<p>DESCANSA EN PAZ.<\/p>\n<p><em>Fabi\u00e1n Nardelli<\/em><\/p>\n","protected":false},"excerpt":{"rendered":"<p>El S\u00e1bado pasado CARLITOS GAZZE, se fue al m\u00e1s all\u00e1 buscando alguna pista en el&#8230;<\/p>\n","protected":false},"author":1,"featured_media":0,"comment_status":"closed","ping_status":"closed","sticky":false,"template":"","format":"standard","meta":{"footnotes":""},"categories":[48,10,6],"tags":[1147,1149,411,625,1148],"class_list":["post-3556","post","type-post","status-publish","format-standard","hentry","category-deportes","category-ponelaquinta","category-regionales","tag-carlosgazze","tag-limitadareconquistense","tag-rac","tag-reconquistaautoclub","tag-turcogazze"],"featured_image_urls":{"full":"","thumbnail":"","medium":"","medium_large":"","large":"","1536x1536":"","2048x2048":"","covernews-slider-full":"","covernews-slider-center":"","covernews-featured":"","covernews-medium":"","covernews-medium-square":""},"author_info":{"info":["Fabian"]},"category_info":"<a href=\"https:\/\/fmnativa.com\/portal\/category\/deportes\/\" rel=\"category tag\">DEPORTES<\/a> <a href=\"https:\/\/fmnativa.com\/portal\/category\/ponelaquinta\/\" rel=\"category tag\">Pon\u00e9 La Quinta<\/a> <a href=\"https:\/\/fmnativa.com\/portal\/category\/regionales\/\" rel=\"category tag\">REGIONALES<\/a>","tag_info":"REGIONALES","comment_count":"0","_links":{"self":[{"href":"https:\/\/fmnativa.com\/portal\/wp-json\/wp\/v2\/posts\/3556","targetHints":{"allow":["GET"]}}],"collection":[{"href":"https:\/\/fmnativa.com\/portal\/wp-json\/wp\/v2\/posts"}],"about":[{"href":"https:\/\/fmnativa.com\/portal\/wp-json\/wp\/v2\/types\/post"}],"author":[{"embeddable":true,"href":"https:\/\/fmnativa.com\/portal\/wp-json\/wp\/v2\/users\/1"}],"replies":[{"embeddable":true,"href":"https:\/\/fmnativa.com\/portal\/wp-json\/wp\/v2\/comments?post=3556"}],"version-history":[{"count":1,"href":"https:\/\/fmnativa.com\/portal\/wp-json\/wp\/v2\/posts\/3556\/revisions"}],"predecessor-version":[{"id":3558,"href":"https:\/\/fmnativa.com\/portal\/wp-json\/wp\/v2\/posts\/3556\/revisions\/3558"}],"wp:attachment":[{"href":"https:\/\/fmnativa.com\/portal\/wp-json\/wp\/v2\/media?parent=3556"}],"wp:term":[{"taxonomy":"category","embeddable":true,"href":"https:\/\/fmnativa.com\/portal\/wp-json\/wp\/v2\/categories?post=3556"},{"taxonomy":"post_tag","embeddable":true,"href":"https:\/\/fmnativa.com\/portal\/wp-json\/wp\/v2\/tags?post=3556"}],"curies":[{"name":"wp","href":"https:\/\/api.w.org\/{rel}","templated":true}]}}