{"id":3571,"date":"2021-06-16T20:00:45","date_gmt":"2021-06-16T23:00:45","guid":{"rendered":"https:\/\/fmnativa.com\/portal\/?p=3571"},"modified":"2021-06-16T18:54:34","modified_gmt":"2021-06-16T21:54:34","slug":"car-show-el-maximo-espectaculo-de-automovilismo-provincial-planifica-su-regreso-y-quiere-que-sea-en-rafaela","status":"publish","type":"post","link":"https:\/\/fmnativa.com\/portal\/2021\/06\/16\/car-show-el-maximo-espectaculo-de-automovilismo-provincial-planifica-su-regreso-y-quiere-que-sea-en-rafaela\/","title":{"rendered":"Car Show &#8211; El m\u00e1ximo espect\u00e1culo de Automovilismo Provincial planifica su Regreso y quiere que sea en Rafaela"},"content":{"rendered":"<div id=\"fb-root\"><\/div>\n<p>Mediante un comunicado, el CAR SHOW afirma tener un okey por parte del Club Atl\u00e9tico Rafaela para volver el 4 de julio en Rafaela, todo va a depender de que el Gobierno de Santa Fe permita la realizaci\u00f3n de competencias zonales en la provincia de Santa Fe, y si esto no ocurriera, le queda un AS en la manga para correr en Julio.<\/p>\n<p>DICE EL COMUNICADO<\/p>\n<p>Ante la posibilidad de que se autoricen las competencias zonales dentro de Santa Fe, el Car Show Santafesino solicit\u00f3 al aut\u00f3dromo de Rafaela la fecha para el fin de semana del 3 y 4 de julio, la cual fue otorgada por el presidente de la Subcomisi\u00f3n de Automovilismo, sujeta a autorizaci\u00f3n del gobierno provincial. En caso contrario, la carrera podr\u00e1 llevarse a cabo el fin de semana del 18 del mismo mes en el aut\u00f3dromo &#8216;Oscar Cabal\u00e9n&#8217; de Alta Gracia.<\/p>\n","protected":false},"excerpt":{"rendered":"<p>Mediante un comunicado, el CAR SHOW afirma tener un okey por parte del Club Atl\u00e9tico&#8230;<\/p>\n","protected":false},"author":1,"featured_media":3572,"comment_status":"closed","ping_status":"closed","sticky":false,"template":"","format":"standard","meta":{"footnotes":""},"categories":[48,10,7],"tags":[105,1128,1153,1152,1151,1119],"class_list":["post-3571","post","type-post","status-publish","format-standard","has-post-thumbnail","hentry","category-deportes","category-ponelaquinta","category-provinciales","tag-automovilismo","tag-carshow","tag-f3santafesina","tag-formul3santafesina","tag-tc4000sf","tag-turismofiatsantafesino"],"featured_image_urls":{"full":["https:\/\/fmnativa.com\/portal\/wp-content\/uploads\/2021\/06\/carshow-tc4000-de-atras-e1623879909315.jpg",701,447,false],"thumbnail":["https:\/\/fmnativa.com\/portal\/wp-content\/uploads\/2021\/06\/carshow-tc4000-de-atras-e1623879909315-150x150.jpg",150,150,true],"medium":["https:\/\/fmnativa.com\/portal\/wp-content\/uploads\/2021\/06\/carshow-tc4000-de-atras-e1623879909315-300x191.jpg",300,191,true],"medium_large":["https:\/\/fmnativa.com\/portal\/wp-content\/uploads\/2021\/06\/carshow-tc4000-de-atras-768x432.jpg",640,360,true],"large":["https:\/\/fmnativa.com\/portal\/wp-content\/uploads\/2021\/06\/carshow-tc4000-de-atras-e1623879909315.jpg",640,408,false],"1536x1536":["https:\/\/fmnativa.com\/portal\/wp-content\/uploads\/2021\/06\/carshow-tc4000-de-atras-e1623879909315.jpg",701,447,false],"2048x2048":["https:\/\/fmnativa.com\/portal\/wp-content\/uploads\/2021\/06\/carshow-tc4000-de-atras-e1623879909315.jpg",701,447,false],"covernews-slider-full":["https:\/\/fmnativa.com\/portal\/wp-content\/uploads\/2021\/06\/carshow-tc4000-de-atras-e1623879909315.jpg",701,447,false],"covernews-slider-center":["https:\/\/fmnativa.com\/portal\/wp-content\/uploads\/2021\/06\/carshow-tc4000-de-atras-800x492.jpg",800,492,true],"covernews-featured":["https:\/\/fmnativa.com\/portal\/wp-content\/uploads\/2021\/06\/carshow-tc4000-de-atras-e1623879909315.jpg",701,447,false],"covernews-medium":["https:\/\/fmnativa.com\/portal\/wp-content\/uploads\/2021\/06\/carshow-tc4000-de-atras-e1623879909315-540x340.jpg",540,340,true],"covernews-medium-square":["https:\/\/fmnativa.com\/portal\/wp-content\/uploads\/2021\/06\/carshow-tc4000-de-atras-e1623879909315-400x250.jpg",400,250,true]},"author_info":{"info":["Fabian"]},"category_info":"<a href=\"https:\/\/fmnativa.com\/portal\/category\/deportes\/\" rel=\"category tag\">DEPORTES<\/a> <a href=\"https:\/\/fmnativa.com\/portal\/category\/ponelaquinta\/\" rel=\"category tag\">Pon\u00e9 La Quinta<\/a> <a href=\"https:\/\/fmnativa.com\/portal\/category\/provinciales\/\" rel=\"category tag\">PROVINCIALES<\/a>","tag_info":"PROVINCIALES","comment_count":"0","_links":{"self":[{"href":"https:\/\/fmnativa.com\/portal\/wp-json\/wp\/v2\/posts\/3571","targetHints":{"allow":["GET"]}}],"collection":[{"href":"https:\/\/fmnativa.com\/portal\/wp-json\/wp\/v2\/posts"}],"about":[{"href":"https:\/\/fmnativa.com\/portal\/wp-json\/wp\/v2\/types\/post"}],"author":[{"embeddable":true,"href":"https:\/\/fmnativa.com\/portal\/wp-json\/wp\/v2\/users\/1"}],"replies":[{"embeddable":true,"href":"https:\/\/fmnativa.com\/portal\/wp-json\/wp\/v2\/comments?post=3571"}],"version-history":[{"count":3,"href":"https:\/\/fmnativa.com\/portal\/wp-json\/wp\/v2\/posts\/3571\/revisions"}],"predecessor-version":[{"id":3575,"href":"https:\/\/fmnativa.com\/portal\/wp-json\/wp\/v2\/posts\/3571\/revisions\/3575"}],"wp:featuredmedia":[{"embeddable":true,"href":"https:\/\/fmnativa.com\/portal\/wp-json\/wp\/v2\/media\/3572"}],"wp:attachment":[{"href":"https:\/\/fmnativa.com\/portal\/wp-json\/wp\/v2\/media?parent=3571"}],"wp:term":[{"taxonomy":"category","embeddable":true,"href":"https:\/\/fmnativa.com\/portal\/wp-json\/wp\/v2\/categories?post=3571"},{"taxonomy":"post_tag","embeddable":true,"href":"https:\/\/fmnativa.com\/portal\/wp-json\/wp\/v2\/tags?post=3571"}],"curies":[{"name":"wp","href":"https:\/\/api.w.org\/{rel}","templated":true}]}}