{"id":3576,"date":"2021-06-16T19:21:06","date_gmt":"2021-06-16T22:21:06","guid":{"rendered":"https:\/\/fmnativa.com\/portal\/?p=3576"},"modified":"2021-06-16T19:21:06","modified_gmt":"2021-06-16T22:21:06","slug":"coronavirus-la-provincia-recibio-69-700-nuevas-vacunas-astrazeneca","status":"publish","type":"post","link":"https:\/\/fmnativa.com\/portal\/2021\/06\/16\/coronavirus-la-provincia-recibio-69-700-nuevas-vacunas-astrazeneca\/","title":{"rendered":"Coronavirus &#8211; La provincia recibi\u00f3 69.700 nuevas vacunas AstraZeneca"},"content":{"rendered":"<div id=\"fb-root\"><\/div>\n<p>Permitir\u00e1n avanzar en la poblaci\u00f3n general, sin comorbilidades.<\/p>\n<p>La provincia, a trav\u00e9s del Ministerio de Salud, inform\u00f3 que este mi\u00e9rcoles arribaron 69.700 nuevas dosis de vacunas AstraZeneca, que ya est\u00e1n siendo distribuidas en los vacunatorios de las regiones sanitarias, para completar esquemas y\/o para continuar inoculando a la poblaci\u00f3n menor de 18 a 60 a\u00f1os, sin comorbilidades ni patolog\u00edas preexistentes.<\/p>\n<p>La ministra de Salud de la provincia Sonia Martorano se\u00f1al\u00f3 al respecto: \u00abSe seguir\u00e1 fuertemente con el operativo de vacunaci\u00f3n. En esta semana estamos avanzando en la poblaci\u00f3n sana, por lo que es interesante destacar que ya estamos en el grupo 55 a 59 a\u00f1os sanos, y ya a mitad de semana en el grupo de 50 a 55 a\u00f1os. Es decir, vamos a bajar hasta los 50 a\u00f1os en el transcurso de la semana\u201d.<\/p>\n<p>Habiendo ya concluido la inoculaci\u00f3n de la poblaci\u00f3n de 18 a 59 a\u00f1os con comorbilidades, Martorano puso especial \u00e9nfasis en que, ahora, los destinatarios ser\u00e1n los adultos sin patolog\u00edas de riesgo para COVID-19; y los adultos mayores y otras personas que todav\u00eda no hayan recibido la segunda dosis de la Sputnik V. Por ello el lunes se distribuyeron 31.200 dosis de Sputnik V componente 1 y 43.200 del componente 2, que envi\u00f3 Naci\u00f3n.<\/p>\n<p>En tanto, la subsecretaria de Equidad en Salud de la provincia, Romina Carrizo, expres\u00f3: \u201cEl plan de inmunizaci\u00f3n contra el coronavirus toma m\u00e1s impulso, y nos permite avanzar a pasos agigantados aplicando segundas dosis a las pocas personas que quedan sin recibirlas; y primeras dosis a poblaci\u00f3n general, sin enfermedades preexistentes\u201d.<\/p>\n<p>Y destac\u00f3: \u201cEstamos muy contentos con estos arribos, fundamentalmente porque observamos el impacto positivo de la vacunaci\u00f3n que se inici\u00f3 el 29 de diciembre del a\u00f1o pasado, fundamentalmente en el descenso de las internaciones y de la morbimortalidad en los adultos mayores, que fueron los primeros en vacunarse, seg\u00fan lo establecido por el Ministerio de Salud de la Naci\u00f3n y en consenso con las 24 jurisdicciones sanitarias del pa\u00eds\u201d.<\/p>\n<p>Intervalo de 12 semanas entre dosis y dosis<br \/>\nSobre la inmunizaci\u00f3n con la vacuna formulada por el laboratorio AstraZeneca, la ministra Sonia Martorano record\u00f3 que se est\u00e1n colocando primera dosis, y las segundas llegando a las 12 semanas de aplicada la primera.<\/p>\n<p>\u201cEsto es una fuerte recomendaci\u00f3n desde la Comisi\u00f3n Nacional de Inmunizaci\u00f3n (CoNaIn), porque se ha visto que llegando a las 12 semanas el aumento de anticuerpos es mucho mayor y la efectividad aumenta, entonces este es el momento de la segunda dosis\u201d, concluy\u00f3 Martorano.<\/p>\n","protected":false},"excerpt":{"rendered":"<p>Permitir\u00e1n avanzar en la poblaci\u00f3n general, sin comorbilidades. La provincia, a trav\u00e9s del Ministerio de&#8230;<\/p>\n","protected":false},"author":1,"featured_media":3577,"comment_status":"closed","ping_status":"closed","sticky":false,"template":"","format":"standard","meta":{"footnotes":""},"categories":[49,7],"tags":[133,32,643,73,84,635],"class_list":["post-3576","post","type-post","status-publish","format-standard","has-post-thumbnail","hentry","category-covid-19","category-provinciales","tag-coronavirus","tag-covid-19","tag-provinciadesantafe","tag-salud","tag-vacunacion","tag-vacunas"],"featured_image_urls":{"full":["https:\/\/fmnativa.com\/portal\/wp-content\/uploads\/2021\/06\/1-3.jpeg",1280,792,false],"thumbnail":["https:\/\/fmnativa.com\/portal\/wp-content\/uploads\/2021\/06\/1-3-150x150.jpeg",150,150,true],"medium":["https:\/\/fmnativa.com\/portal\/wp-content\/uploads\/2021\/06\/1-3-300x186.jpeg",300,186,true],"medium_large":["https:\/\/fmnativa.com\/portal\/wp-content\/uploads\/2021\/06\/1-3-768x475.jpeg",640,396,true],"large":["https:\/\/fmnativa.com\/portal\/wp-content\/uploads\/2021\/06\/1-3-1024x634.jpeg",640,396,true],"1536x1536":["https:\/\/fmnativa.com\/portal\/wp-content\/uploads\/2021\/06\/1-3.jpeg",1280,792,false],"2048x2048":["https:\/\/fmnativa.com\/portal\/wp-content\/uploads\/2021\/06\/1-3.jpeg",1280,792,false],"covernews-slider-full":["https:\/\/fmnativa.com\/portal\/wp-content\/uploads\/2021\/06\/1-3-1115x715.jpeg",1115,715,true],"covernews-slider-center":["https:\/\/fmnativa.com\/portal\/wp-content\/uploads\/2021\/06\/1-3-800x500.jpeg",800,500,true],"covernews-featured":["https:\/\/fmnativa.com\/portal\/wp-content\/uploads\/2021\/06\/1-3-1024x634.jpeg",1024,634,true],"covernews-medium":["https:\/\/fmnativa.com\/portal\/wp-content\/uploads\/2021\/06\/1-3-540x340.jpeg",540,340,true],"covernews-medium-square":["https:\/\/fmnativa.com\/portal\/wp-content\/uploads\/2021\/06\/1-3-400x250.jpeg",400,250,true]},"author_info":{"info":["Fabian"]},"category_info":"<a href=\"https:\/\/fmnativa.com\/portal\/category\/covid-19\/\" rel=\"category tag\">COVID 19<\/a> <a href=\"https:\/\/fmnativa.com\/portal\/category\/provinciales\/\" rel=\"category tag\">PROVINCIALES<\/a>","tag_info":"PROVINCIALES","comment_count":"0","_links":{"self":[{"href":"https:\/\/fmnativa.com\/portal\/wp-json\/wp\/v2\/posts\/3576","targetHints":{"allow":["GET"]}}],"collection":[{"href":"https:\/\/fmnativa.com\/portal\/wp-json\/wp\/v2\/posts"}],"about":[{"href":"https:\/\/fmnativa.com\/portal\/wp-json\/wp\/v2\/types\/post"}],"author":[{"embeddable":true,"href":"https:\/\/fmnativa.com\/portal\/wp-json\/wp\/v2\/users\/1"}],"replies":[{"embeddable":true,"href":"https:\/\/fmnativa.com\/portal\/wp-json\/wp\/v2\/comments?post=3576"}],"version-history":[{"count":1,"href":"https:\/\/fmnativa.com\/portal\/wp-json\/wp\/v2\/posts\/3576\/revisions"}],"predecessor-version":[{"id":3578,"href":"https:\/\/fmnativa.com\/portal\/wp-json\/wp\/v2\/posts\/3576\/revisions\/3578"}],"wp:featuredmedia":[{"embeddable":true,"href":"https:\/\/fmnativa.com\/portal\/wp-json\/wp\/v2\/media\/3577"}],"wp:attachment":[{"href":"https:\/\/fmnativa.com\/portal\/wp-json\/wp\/v2\/media?parent=3576"}],"wp:term":[{"taxonomy":"category","embeddable":true,"href":"https:\/\/fmnativa.com\/portal\/wp-json\/wp\/v2\/categories?post=3576"},{"taxonomy":"post_tag","embeddable":true,"href":"https:\/\/fmnativa.com\/portal\/wp-json\/wp\/v2\/tags?post=3576"}],"curies":[{"name":"wp","href":"https:\/\/api.w.org\/{rel}","templated":true}]}}