{"id":3579,"date":"2021-06-16T19:40:30","date_gmt":"2021-06-16T22:40:30","guid":{"rendered":"https:\/\/fmnativa.com\/portal\/?p=3579"},"modified":"2021-06-16T19:40:59","modified_gmt":"2021-06-16T22:40:59","slug":"coronavirus-vallejos-y-speratti-anunciaron-mas-hisopados","status":"publish","type":"post","link":"https:\/\/fmnativa.com\/portal\/2021\/06\/16\/coronavirus-vallejos-y-speratti-anunciaron-mas-hisopados\/","title":{"rendered":"Coronavirus &#8211; VALLEJOS Y SPERATTI ANUNCIARON MAS HISOPADOS EN RECONQUISTA"},"content":{"rendered":"<div id=\"fb-root\"><\/div>\n<p>El Intendente Dr. Amadeo Enrique Vallejos y el Director de la Regi\u00f3n de Salud Dr. Alfredo Speratti brindaron, en la ma\u00f1ana del mi\u00e9rcoles 16 de junio, una conferencia de prensa en Platense Porvenir con anuncios e informaci\u00f3n respecto del avance del plan de vacunaci\u00f3n.<\/p>\n<p>El Intendente Municipal destac\u00f3 \u201cel trabajo que viene realizando la Regi\u00f3n de Salud y de todos los equipos de los efectores p\u00fablicos y privados para superar esto que nos toca vivir a todos\u201d.<\/p>\n<p>Espec\u00edficamente, el Dr. Amadeo Enrique Vallejos adelant\u00f3 que \u201cen un trabajo coordinado desde el viernes van a comenzar los hisopados en los Centros de Salud, primero en Guadalupe y rotando en los barrios seg\u00fan un cronograma\u201d, para as\u00ed \u201cllegar m\u00e1s r\u00e1pido a detectar casos y evitar m\u00e1s contagios, sin discontinuar el trabajo que se viene haciendo en el Hospital de Campa\u00f1a que sigue de lunes a lunes\u201d, aclarando que es necesario asistir con el DNI y all\u00ed se elaborar\u00e1 la ficha respectiva.<\/p>\n<p>Respecto a las personas que todav\u00eda no se registraron en el plan de vacunaci\u00f3n o que no tienen acceso a internet, el Intendente Municipal agreg\u00f3 que tambi\u00e9n en los dispensarios se desarrollar\u00e1n operativos para \u201ccolaborar con la inscripci\u00f3n de forma descentralizada, para aprovechar la disponibilidad de dosis y que nadie quede sin vacunarse\u201d.<\/p>\n<p>Estad\u00edsticas<\/p>\n<p>El Director de la Regi\u00f3n de Salud, por su parte, expres\u00f3 que \u201cten\u00edamos un porcentaje de vacunaci\u00f3n un poco menor al resto de la Provincia\u201d, por lo que \u201ccon el auspicioso flujo de vacunas hubo una decisi\u00f3n del Gobernador Omar Perotti\u201d de incrementar el proceso de inmunizaci\u00f3n en la regi\u00f3n, \u201csiendo la primera medida el armado de estos vacunatorios que est\u00e1n dando un resultado que nos pone muy contentos\u201d, que funcionan en Reconquista, Vera y Avellaneda, con comienzo inminente en Villa Ocampo y Las Toscas.<\/p>\n<p>\u201cEn Platense Porvenir administramos 6.404 dosis, con un promedio de 582 diarias en estos 11 d\u00edas\u201d, detall\u00f3 el Dr. Alfredo Speratti, \u201clo que sumado al trabajo de vacunaci\u00f3n anterior nos da que en Reconquista hemos administrado 24.011 dosis\u201d, lo que representa un 27,9%, a la par del promedio nacional y revirtiendo la situaci\u00f3n regional, \u201cacerc\u00e1ndonos a este n\u00famero tambi\u00e9n en el Departamento\u201d.<\/p>\n<p>Las autoridades agradecieron a las autoridades de la instituci\u00f3n y a todo el personal que trabaja de lunes a lunes en doble turno. Recordaron respetar los horarios indicados para la vacunaci\u00f3n, no asistir sin turno otorgado por el sistema provincial y que \u00fanicamente se aplican las dosis en los veh\u00edculos a personas con alg\u00fan problema motriz.<\/p>\n","protected":false},"excerpt":{"rendered":"<p>El Intendente Dr. Amadeo Enrique Vallejos y el Director de la Regi\u00f3n de Salud Dr&#8230;.<\/p>\n","protected":false},"author":1,"featured_media":3580,"comment_status":"closed","ping_status":"closed","sticky":false,"template":"","format":"standard","meta":{"footnotes":""},"categories":[49,5],"tags":[133,831,1154,37,73,1155,84,635,66],"class_list":["post-3579","post","type-post","status-publish","format-standard","has-post-thumbnail","hentry","category-covid-19","category-locales","tag-coronavirus","tag-covid19","tag-hisopados","tag-reconquista","tag-salud","tag-speratti","tag-vacunacion","tag-vacunas","tag-vallejos"],"featured_image_urls":{"full":["https:\/\/fmnativa.com\/portal\/wp-content\/uploads\/2021\/06\/1-4.jpeg",1280,853,false],"thumbnail":["https:\/\/fmnativa.com\/portal\/wp-content\/uploads\/2021\/06\/1-4-150x150.jpeg",150,150,true],"medium":["https:\/\/fmnativa.com\/portal\/wp-content\/uploads\/2021\/06\/1-4-300x200.jpeg",300,200,true],"medium_large":["https:\/\/fmnativa.com\/portal\/wp-content\/uploads\/2021\/06\/1-4-768x512.jpeg",640,427,true],"large":["https:\/\/fmnativa.com\/portal\/wp-content\/uploads\/2021\/06\/1-4-1024x682.jpeg",640,426,true],"1536x1536":["https:\/\/fmnativa.com\/portal\/wp-content\/uploads\/2021\/06\/1-4.jpeg",1280,853,false],"2048x2048":["https:\/\/fmnativa.com\/portal\/wp-content\/uploads\/2021\/06\/1-4.jpeg",1280,853,false],"covernews-slider-full":["https:\/\/fmnativa.com\/portal\/wp-content\/uploads\/2021\/06\/1-4-1115x715.jpeg",1115,715,true],"covernews-slider-center":["https:\/\/fmnativa.com\/portal\/wp-content\/uploads\/2021\/06\/1-4-800x500.jpeg",800,500,true],"covernews-featured":["https:\/\/fmnativa.com\/portal\/wp-content\/uploads\/2021\/06\/1-4-1024x682.jpeg",1024,682,true],"covernews-medium":["https:\/\/fmnativa.com\/portal\/wp-content\/uploads\/2021\/06\/1-4-540x340.jpeg",540,340,true],"covernews-medium-square":["https:\/\/fmnativa.com\/portal\/wp-content\/uploads\/2021\/06\/1-4-400x250.jpeg",400,250,true]},"author_info":{"info":["Fabian"]},"category_info":"<a href=\"https:\/\/fmnativa.com\/portal\/category\/covid-19\/\" rel=\"category tag\">COVID 19<\/a> <a href=\"https:\/\/fmnativa.com\/portal\/category\/locales\/\" rel=\"category tag\">LOCALES<\/a>","tag_info":"LOCALES","comment_count":"0","_links":{"self":[{"href":"https:\/\/fmnativa.com\/portal\/wp-json\/wp\/v2\/posts\/3579","targetHints":{"allow":["GET"]}}],"collection":[{"href":"https:\/\/fmnativa.com\/portal\/wp-json\/wp\/v2\/posts"}],"about":[{"href":"https:\/\/fmnativa.com\/portal\/wp-json\/wp\/v2\/types\/post"}],"author":[{"embeddable":true,"href":"https:\/\/fmnativa.com\/portal\/wp-json\/wp\/v2\/users\/1"}],"replies":[{"embeddable":true,"href":"https:\/\/fmnativa.com\/portal\/wp-json\/wp\/v2\/comments?post=3579"}],"version-history":[{"count":2,"href":"https:\/\/fmnativa.com\/portal\/wp-json\/wp\/v2\/posts\/3579\/revisions"}],"predecessor-version":[{"id":3582,"href":"https:\/\/fmnativa.com\/portal\/wp-json\/wp\/v2\/posts\/3579\/revisions\/3582"}],"wp:featuredmedia":[{"embeddable":true,"href":"https:\/\/fmnativa.com\/portal\/wp-json\/wp\/v2\/media\/3580"}],"wp:attachment":[{"href":"https:\/\/fmnativa.com\/portal\/wp-json\/wp\/v2\/media?parent=3579"}],"wp:term":[{"taxonomy":"category","embeddable":true,"href":"https:\/\/fmnativa.com\/portal\/wp-json\/wp\/v2\/categories?post=3579"},{"taxonomy":"post_tag","embeddable":true,"href":"https:\/\/fmnativa.com\/portal\/wp-json\/wp\/v2\/tags?post=3579"}],"curies":[{"name":"wp","href":"https:\/\/api.w.org\/{rel}","templated":true}]}}