{"id":3597,"date":"2021-06-17T20:00:38","date_gmt":"2021-06-17T23:00:38","guid":{"rendered":"https:\/\/fmnativa.com\/portal\/?p=3597"},"modified":"2021-06-18T17:45:56","modified_gmt":"2021-06-18T20:45:56","slug":"turismo-santafesino-clase-2-finalmente-sera-motor-1-400-y-correria-el-5-de-septiembre","status":"publish","type":"post","link":"https:\/\/fmnativa.com\/portal\/2021\/06\/17\/turismo-santafesino-clase-2-finalmente-sera-motor-1-400-y-correria-el-5-de-septiembre\/","title":{"rendered":"TURISMO SANTAFESINO CLASE 2 &#8211; FINALMENTE SERA MOTOR 1.400 Y CORRERIA EL 5 DE SEPTIEMBRE"},"content":{"rendered":"<div id=\"fb-root\"><\/div>\n<p>Para dilucidar la controversia que surgi\u00f3 entre un grupo de pilotos liderado por Miguel Ciaurro y la FAPCSA, faltaba la palabra del Mandam\u00e1s del CAR SHOW, hablamos de Miguel Bravo, y esto es lo que expres\u00f3.<\/p>\n<p>La Clase 2, va ser una categor\u00eda que va a dar que hablar, porque habr\u00e1 muchos pilotos.<\/p>\n<p><strong>En viernes vamos a presentar en federaci\u00f3n, la reglamentaci\u00f3n del motor 1400 cc. <\/strong><\/p>\n<p>La idea nuestra es estar presentando la misma en la fecha el 5 de septiembre en la 7ma fecha del Car Show, y de all\u00ed hacer 4 fechas dobles.<\/p>\n<p>Escuchalo:<\/p>\n<audio class=\"wp-audio-shortcode\" id=\"audio-3597-1\" preload=\"none\" style=\"width: 100%;\" controls=\"controls\"><source type=\"audio\/mpeg\" src=\"https:\/\/fmnativa.com\/portal\/wp-content\/uploads\/2021\/06\/Bravo-en-SinRebajes.mp3?_=1\" \/><a href=\"https:\/\/fmnativa.com\/portal\/wp-content\/uploads\/2021\/06\/Bravo-en-SinRebajes.mp3\">https:\/\/fmnativa.com\/portal\/wp-content\/uploads\/2021\/06\/Bravo-en-SinRebajes.mp3<\/a><\/audio>\n<p>Fuente: Sin Rebajes &#8211; Gustavo Wytrzes<\/p>\n<p style=\"text-align: center;\"><strong><em>VIVI EL AUTOMOVILISMO REGIONAL EN<\/em><\/strong><\/p>\n<p style=\"text-align: center;\"><img fetchpriority=\"high\" decoding=\"async\" class=\"alignnone wp-image-3405\" src=\"https:\/\/fmnativa.com\/portal\/wp-content\/uploads\/2021\/06\/7-300x300.jpg\" alt=\"\" width=\"364\" height=\"364\" srcset=\"https:\/\/fmnativa.com\/portal\/wp-content\/uploads\/2021\/06\/7-300x300.jpg 300w, https:\/\/fmnativa.com\/portal\/wp-content\/uploads\/2021\/06\/7-1024x1024.jpg 1024w, https:\/\/fmnativa.com\/portal\/wp-content\/uploads\/2021\/06\/7-150x150.jpg 150w, https:\/\/fmnativa.com\/portal\/wp-content\/uploads\/2021\/06\/7-768x768.jpg 768w, https:\/\/fmnativa.com\/portal\/wp-content\/uploads\/2021\/06\/7.jpg 1080w\" sizes=\"(max-width: 364px) 100vw, 364px\" \/><\/p>\n","protected":false},"excerpt":{"rendered":"<p>Para dilucidar la controversia que surgi\u00f3 entre un grupo de pilotos liderado por Miguel Ciaurro&#8230;<\/p>\n","protected":false},"author":1,"featured_media":3599,"comment_status":"closed","ping_status":"closed","sticky":false,"template":"","format":"standard","meta":{"footnotes":""},"categories":[48,10,7],"tags":[105,1128,415,1040,1127],"class_list":["post-3597","post","type-post","status-publish","format-standard","has-post-thumbnail","hentry","category-deportes","category-ponelaquinta","category-provinciales","tag-automovilismo","tag-carshow","tag-fapcdms","tag-fapcsa","tag-turismosantafesinoclase2"],"featured_image_urls":{"full":["https:\/\/fmnativa.com\/portal\/wp-content\/uploads\/2021\/06\/1-14.jpg",1024,630,false],"thumbnail":["https:\/\/fmnativa.com\/portal\/wp-content\/uploads\/2021\/06\/1-14-150x150.jpg",150,150,true],"medium":["https:\/\/fmnativa.com\/portal\/wp-content\/uploads\/2021\/06\/1-14-300x185.jpg",300,185,true],"medium_large":["https:\/\/fmnativa.com\/portal\/wp-content\/uploads\/2021\/06\/1-14-768x473.jpg",640,394,true],"large":["https:\/\/fmnativa.com\/portal\/wp-content\/uploads\/2021\/06\/1-14.jpg",640,394,false],"1536x1536":["https:\/\/fmnativa.com\/portal\/wp-content\/uploads\/2021\/06\/1-14.jpg",1024,630,false],"2048x2048":["https:\/\/fmnativa.com\/portal\/wp-content\/uploads\/2021\/06\/1-14.jpg",1024,630,false],"covernews-slider-full":["https:\/\/fmnativa.com\/portal\/wp-content\/uploads\/2021\/06\/1-14.jpg",1024,630,false],"covernews-slider-center":["https:\/\/fmnativa.com\/portal\/wp-content\/uploads\/2021\/06\/1-14-800x500.jpg",800,500,true],"covernews-featured":["https:\/\/fmnativa.com\/portal\/wp-content\/uploads\/2021\/06\/1-14.jpg",1024,630,false],"covernews-medium":["https:\/\/fmnativa.com\/portal\/wp-content\/uploads\/2021\/06\/1-14-540x340.jpg",540,340,true],"covernews-medium-square":["https:\/\/fmnativa.com\/portal\/wp-content\/uploads\/2021\/06\/1-14-400x250.jpg",400,250,true]},"author_info":{"info":["Fabian"]},"category_info":"<a href=\"https:\/\/fmnativa.com\/portal\/category\/deportes\/\" rel=\"category tag\">DEPORTES<\/a> <a href=\"https:\/\/fmnativa.com\/portal\/category\/ponelaquinta\/\" rel=\"category tag\">Pon\u00e9 La Quinta<\/a> <a href=\"https:\/\/fmnativa.com\/portal\/category\/provinciales\/\" rel=\"category tag\">PROVINCIALES<\/a>","tag_info":"PROVINCIALES","comment_count":"0","_links":{"self":[{"href":"https:\/\/fmnativa.com\/portal\/wp-json\/wp\/v2\/posts\/3597","targetHints":{"allow":["GET"]}}],"collection":[{"href":"https:\/\/fmnativa.com\/portal\/wp-json\/wp\/v2\/posts"}],"about":[{"href":"https:\/\/fmnativa.com\/portal\/wp-json\/wp\/v2\/types\/post"}],"author":[{"embeddable":true,"href":"https:\/\/fmnativa.com\/portal\/wp-json\/wp\/v2\/users\/1"}],"replies":[{"embeddable":true,"href":"https:\/\/fmnativa.com\/portal\/wp-json\/wp\/v2\/comments?post=3597"}],"version-history":[{"count":2,"href":"https:\/\/fmnativa.com\/portal\/wp-json\/wp\/v2\/posts\/3597\/revisions"}],"predecessor-version":[{"id":3619,"href":"https:\/\/fmnativa.com\/portal\/wp-json\/wp\/v2\/posts\/3597\/revisions\/3619"}],"wp:featuredmedia":[{"embeddable":true,"href":"https:\/\/fmnativa.com\/portal\/wp-json\/wp\/v2\/media\/3599"}],"wp:attachment":[{"href":"https:\/\/fmnativa.com\/portal\/wp-json\/wp\/v2\/media?parent=3597"}],"wp:term":[{"taxonomy":"category","embeddable":true,"href":"https:\/\/fmnativa.com\/portal\/wp-json\/wp\/v2\/categories?post=3597"},{"taxonomy":"post_tag","embeddable":true,"href":"https:\/\/fmnativa.com\/portal\/wp-json\/wp\/v2\/tags?post=3597"}],"curies":[{"name":"wp","href":"https:\/\/api.w.org\/{rel}","templated":true}]}}