{"id":3601,"date":"2021-06-17T20:01:31","date_gmt":"2021-06-17T23:01:31","guid":{"rendered":"https:\/\/fmnativa.com\/portal\/?p=3601"},"modified":"2021-06-17T18:16:45","modified_gmt":"2021-06-17T21:16:45","slug":"rotax-buenos-aires-fin-de-semana-de-carrera-para-giuliano-pereson","status":"publish","type":"post","link":"https:\/\/fmnativa.com\/portal\/2021\/06\/17\/rotax-buenos-aires-fin-de-semana-de-carrera-para-giuliano-pereson\/","title":{"rendered":"ROTAX BUENOS AIRES &#8211; FIN DE SEMANA DE CARRERA PARA GIULIANO PERESON"},"content":{"rendered":"<div id=\"fb-root\"><\/div>\n<p>Tras el parate por las restricciones impuestas por el DNU de Naci\u00f3n l que adhirieron Provincia y Municipio, el pr\u00f3ximo fin de semana, mas precisamente Viernes 18, S\u00e1bado 19 y Domingo 20 de Junio, se corre el cuarto desaf\u00edo de la ROTAX BUE.<\/p>\n<p>La cita en en Z\u00e1rate, y hacia alli viajar\u00e1 el Reconquistense GIULIANO PERESON.<\/p>\n<p>La variante a utlizarse ser\u00e1 la #6 y girar\u00e1n con sentido anti horario<\/p>\n<p>Ser\u00e1 un fin de semana complicado ya que se esperan temperaturas muy bajas, la que oscilar\u00e1 entre los 2 y 12 grados en los horarios de actividad en pista.<\/p>\n<p>Un di\u00eda de la Bandera y un DIA DEL PADRE con mucha emoci\u00f3n, ya que este es un nuevo round en el que no solo est\u00e1 la busqueda del titulo de ROTAX BUE, sino tambi\u00e9n el pasaporte directo a la Grand Finals Rotax<br \/>\nque, como se anunci\u00f3, este a\u00f1o y si la pandemia de COVID-19 lo permite,<br \/>\nse disputar\u00e1 en Bahrein en el mes de diciembre.<\/p>\n<p>El protocolo sanitario solo permite el ingreso de 3 personas por karting: Piloto, Mec\u00e1nico y Acompa\u00f1ante y sin presencia de P\u00fablico<\/p>\n<p><strong>Como est\u00e1 en el campeonato el de Reconquista?<\/strong><\/p>\n<p>La cuarta fecha ser\u00e1 en realidad la segunda presentaci\u00f3n en la SENIOR MAX, ya que no corri\u00f3 las dos primeras.<\/p>\n<p style=\"text-align: center;\"><strong>CAMPEONATO CUMPLIDA LA 2da FECHA<\/strong><\/p>\n<p><img fetchpriority=\"high\" decoding=\"async\" class=\"aligncenter wp-image-3602 size-full\" src=\"https:\/\/fmnativa.com\/portal\/wp-content\/uploads\/2021\/06\/1-15.jpg\" alt=\"\" width=\"560\" height=\"512\" srcset=\"https:\/\/fmnativa.com\/portal\/wp-content\/uploads\/2021\/06\/1-15.jpg 560w, https:\/\/fmnativa.com\/portal\/wp-content\/uploads\/2021\/06\/1-15-300x274.jpg 300w\" sizes=\"(max-width: 560px) 100vw, 560px\" \/><\/p>\n<p>&nbsp;<\/p>\n<p><strong>TRAYECTORIA DE GIULIANO PERESON<\/strong><\/p>\n<p><em><strong>LOGROS MAS IMPORTANTES<\/strong><\/em><br \/>\n<strong>2020<\/strong><br \/>\n&#8211; SubCampe\u00f3n Junior &#8211; IAME Series Argentina<br \/>\n<strong>2017<\/strong><br \/>\n&#8211; SubCampe\u00f3n Junior Max &#8211; RMC Grand National<br \/>\n<strong>2015<\/strong><br \/>\n&#8211; Campe\u00f3n de Invierno &#8211; 110cc. Escuela &#8211; KNS<br \/>\n&#8211; Campe\u00f3n Micro Max &#8211; RMC Grand National<br \/>\n&#8211; Campe\u00f3n Micro Max &#8211; RMC 2 Naciones<br \/>\n&#8211; Campe\u00f3n de Verano Micro Max &#8211; Copa Lucas Dionisi (Formosa)<br \/>\n<strong>2014<\/strong><br \/>\n&#8211; Campe\u00f3n 110cc. Escuela &#8211; AKNS<br \/>\n<strong>2013<\/strong><br \/>\n&#8211; Campe\u00f3n 110cc. Escuela &#8211; AKNS<\/p>\n<p>&nbsp;<\/p>\n<p>Fuente: E-Kart<\/p>\n","protected":false},"excerpt":{"rendered":"<p>Tras el parate por las restricciones impuestas por el DNU de Naci\u00f3n l que adhirieron&#8230;<\/p>\n","protected":false},"author":1,"featured_media":3604,"comment_status":"closed","ping_status":"closed","sticky":false,"template":"","format":"standard","meta":{"footnotes":""},"categories":[48,5,8,10],"tags":[1069,1157,1158],"class_list":["post-3601","post","type-post","status-publish","format-standard","has-post-thumbnail","hentry","category-deportes","category-locales","category-nacionales","category-ponelaquinta","tag-giulianopereson","tag-rotaxbue","tag-rotaxbuenosaires"],"featured_image_urls":{"full":["https:\/\/fmnativa.com\/portal\/wp-content\/uploads\/2021\/06\/giuliano-pereson.png",992,731,false],"thumbnail":["https:\/\/fmnativa.com\/portal\/wp-content\/uploads\/2021\/06\/giuliano-pereson-150x150.png",150,150,true],"medium":["https:\/\/fmnativa.com\/portal\/wp-content\/uploads\/2021\/06\/giuliano-pereson-300x221.png",300,221,true],"medium_large":["https:\/\/fmnativa.com\/portal\/wp-content\/uploads\/2021\/06\/giuliano-pereson-768x566.png",640,472,true],"large":["https:\/\/fmnativa.com\/portal\/wp-content\/uploads\/2021\/06\/giuliano-pereson.png",640,472,false],"1536x1536":["https:\/\/fmnativa.com\/portal\/wp-content\/uploads\/2021\/06\/giuliano-pereson.png",992,731,false],"2048x2048":["https:\/\/fmnativa.com\/portal\/wp-content\/uploads\/2021\/06\/giuliano-pereson.png",992,731,false],"covernews-slider-full":["https:\/\/fmnativa.com\/portal\/wp-content\/uploads\/2021\/06\/giuliano-pereson-992x715.png",992,715,true],"covernews-slider-center":["https:\/\/fmnativa.com\/portal\/wp-content\/uploads\/2021\/06\/giuliano-pereson-800x500.png",800,500,true],"covernews-featured":["https:\/\/fmnativa.com\/portal\/wp-content\/uploads\/2021\/06\/giuliano-pereson.png",992,731,false],"covernews-medium":["https:\/\/fmnativa.com\/portal\/wp-content\/uploads\/2021\/06\/giuliano-pereson-540x340.png",540,340,true],"covernews-medium-square":["https:\/\/fmnativa.com\/portal\/wp-content\/uploads\/2021\/06\/giuliano-pereson-400x250.png",400,250,true]},"author_info":{"info":["Fabian"]},"category_info":"<a href=\"https:\/\/fmnativa.com\/portal\/category\/deportes\/\" rel=\"category tag\">DEPORTES<\/a> <a href=\"https:\/\/fmnativa.com\/portal\/category\/locales\/\" rel=\"category tag\">LOCALES<\/a> <a href=\"https:\/\/fmnativa.com\/portal\/category\/nacionales\/\" rel=\"category tag\">Nacionales<\/a> <a href=\"https:\/\/fmnativa.com\/portal\/category\/ponelaquinta\/\" rel=\"category tag\">Pon\u00e9 La Quinta<\/a>","tag_info":"Pon\u00e9 La Quinta","comment_count":"0","_links":{"self":[{"href":"https:\/\/fmnativa.com\/portal\/wp-json\/wp\/v2\/posts\/3601","targetHints":{"allow":["GET"]}}],"collection":[{"href":"https:\/\/fmnativa.com\/portal\/wp-json\/wp\/v2\/posts"}],"about":[{"href":"https:\/\/fmnativa.com\/portal\/wp-json\/wp\/v2\/types\/post"}],"author":[{"embeddable":true,"href":"https:\/\/fmnativa.com\/portal\/wp-json\/wp\/v2\/users\/1"}],"replies":[{"embeddable":true,"href":"https:\/\/fmnativa.com\/portal\/wp-json\/wp\/v2\/comments?post=3601"}],"version-history":[{"count":1,"href":"https:\/\/fmnativa.com\/portal\/wp-json\/wp\/v2\/posts\/3601\/revisions"}],"predecessor-version":[{"id":3605,"href":"https:\/\/fmnativa.com\/portal\/wp-json\/wp\/v2\/posts\/3601\/revisions\/3605"}],"wp:featuredmedia":[{"embeddable":true,"href":"https:\/\/fmnativa.com\/portal\/wp-json\/wp\/v2\/media\/3604"}],"wp:attachment":[{"href":"https:\/\/fmnativa.com\/portal\/wp-json\/wp\/v2\/media?parent=3601"}],"wp:term":[{"taxonomy":"category","embeddable":true,"href":"https:\/\/fmnativa.com\/portal\/wp-json\/wp\/v2\/categories?post=3601"},{"taxonomy":"post_tag","embeddable":true,"href":"https:\/\/fmnativa.com\/portal\/wp-json\/wp\/v2\/tags?post=3601"}],"curies":[{"name":"wp","href":"https:\/\/api.w.org\/{rel}","templated":true}]}}