{"id":3606,"date":"2021-06-17T21:42:34","date_gmt":"2021-06-18T00:42:34","guid":{"rendered":"https:\/\/fmnativa.com\/portal\/?p=3606"},"modified":"2021-06-17T20:19:34","modified_gmt":"2021-06-17T23:19:34","slug":"tc-pista-ricardo-degoumois-corre-el-fin-de-semana","status":"publish","type":"post","link":"https:\/\/fmnativa.com\/portal\/2021\/06\/17\/tc-pista-ricardo-degoumois-corre-el-fin-de-semana\/","title":{"rendered":"TC PISTA &#8211; RICARDO DEGOUMOIS CORRE EL FIN DE SEMANA"},"content":{"rendered":"<div id=\"fb-root\"><\/div>\n<p>Tras entrenamiento en simulador en la pista de San Nicol\u00e1s, donde va a correr el fin de semana con el TC PISTA, el piloto de Reconquista, RICARDO DEGOUMOIS habl\u00f3 en PONE LA QUINTA.<\/p>\n<p>Nos cont\u00f3 que viaja ma\u00f1ana rumbo a SAN NICOLAS, acompa\u00f1ado de su padre y su hermana. <em>\u00abA principio viaje a Arrecifes para asistir al Roleado del motor, lamentablemente, no fue como esperabamos, ya que tiro 8 caballos menos. Lo llev\u00f3 nuevamente el motorista para tratar de mejorarlo. Lastima, porque hubiese sido bueno que ya el equipo se lleve el auto con el motor puesto, pero veamos el lado positivo.. Al menos tenemos la posibilidad que logren mejorarlo.\u00bb <\/em>dijo Ricardo<\/p>\n<p><em>SAN NICOLAS<\/em><br \/>\nHORARIOS DEL TC y TC PISTA<\/p>\n<p>VIERNES<br \/>\nACREDITACIONES HISPADOS, ETC<\/p>\n<p>S\u00c1BADO 19 DE JUNIO DE 2021<\/p>\n<p>09:30 Hs. Reuni\u00f3n de Pilotos TCP<br \/>\n(Las reuniones de PILOTOS se realizaran en forma PRESENCIAL en el 1er piso de la torre (sala de conferencia), con barbijo y manteniendo distanciamiento social)<\/p>\n<p>10:30 a 10:50 Hs. 1er Entrenamiento TCP (GRUPO B) 20 Minutos<br \/>\n10:55 a 11:15 Hs. 1er Entrenamiento TCP (GRUPO A) 20 Minutos<\/p>\n<p>HORARIO DE TV 11:30 A 14:30 HORAS (DEPORTV)<br \/>\n11:30 a 11:45 Hs. 1er Entrenamiento TC (GRUPO B) 15 Minutos<br \/>\n11:50 a 12:05 Hs. 1er Entrenamiento TC (GRUPO A) 15 Minutos<\/p>\n<p>12:10 a 12:35 Hs. 2do Entrenamiento TCP (GRUPO B) 25 Minutos<br \/>\n12:40 a 13:05 Hs. 2do Entrenamiento TCP (GRUPO A) 25 Minutos<\/p>\n<p>13:00 Inicio transmisi\u00f3n FM NATIVA 96.9<\/p>\n<p>13:10 a 13:40 Hs. 2do Entrenamiento TC (GRUPO B) 30 Minutos<br \/>\n13:45 a 14:15 Hs. 2do Entrenamiento TC (GRUPO A) 30 Minutos<\/p>\n<p>HORARIO DE TV 15:00 A 17:00 HORAS (TV PUBLICA)<br \/>\n15:05 a 15:13 Hs. Clasificaci\u00f3n TCP 3* Tercio Tanda 8 Min<br \/>\n15:18 a 15:26 Hs. Clasificaci\u00f3n TCP 1* Tercio Tanda 8 Min<br \/>\n15:31 a 15:39 Hs. Clasificaci\u00f3n TCP 2* Tercio Tanda 8 Min<\/p>\n<p>22:00 Hs. Cierre de Parque Cerrado<\/p>\n<p>LOS GRUPOS, TERCIOS Y CUARTOS SE CONFORMAN EN BASE AL RANKING DE LA ESPECIALIDAD ACTUALIZADO.<\/p>\n<p>DOMINGO 20 DE JUNIO DE 2021<\/p>\n<p>09:00 Inicio Transmisi\u00f3n FM NATIVA 96.9<\/p>\n<p>HORARIO DE TV 09:00 A 10:00 HORAS (DEPORTV)<br \/>\n09:05 Hs. 1er. Serie TCP 4 Vueltas<br \/>\n09:30 Hs. 2da. Serie TCP 4 Vueltas<\/p>\n<p>HORARIO DE TV 11:00 A 14:30 HORAS (TV PUBLICA)<br \/>\n12:10 Hs. FINAL TC PISTA 15 Vueltas &#8211; o 40 (Cuarenta) Minutos M\u00e1ximo<br \/>\nPARTICIPARAN: Todos los pilotos que largaron las series.<\/p>\n<p>&nbsp;<\/p>\n<p>COMISARIOS DEPORTIVOS ACTC: Sr. GUSTAVO MANCUSO &#8211; Sr. CARLOS GARRIDO<\/p>\n<p>Neum\u00e1ticos TC: 4 nuevos y 6 resellados de la carrera anterior.<br \/>\nNeum\u00e1ticos TCP: 4 nuevos y 6 resellados de la carrera anterior.<\/p>\n<p>Todos estos horarios est\u00e1n sujetos a modificaciones.<\/p>\n","protected":false},"excerpt":{"rendered":"<p>Tras entrenamiento en simulador en la pista de San Nicol\u00e1s, donde va a correr el&#8230;<\/p>\n","protected":false},"author":1,"featured_media":3607,"comment_status":"closed","ping_status":"closed","sticky":false,"template":"","format":"standard","meta":{"footnotes":""},"categories":[48,8,10,6],"tags":[725,105,1160,692,1159],"class_list":["post-3606","post","type-post","status-publish","format-standard","has-post-thumbnail","hentry","category-deportes","category-nacionales","category-ponelaquinta","category-regionales","tag-actc","tag-automovilismo","tag-ford","tag-ricardodegoumois","tag-tcpista"],"featured_image_urls":{"full":["https:\/\/fmnativa.com\/portal\/wp-content\/uploads\/2021\/06\/Ricardo-Degoumois-Auto-y-Simulador.jpg",416,233,false],"thumbnail":["https:\/\/fmnativa.com\/portal\/wp-content\/uploads\/2021\/06\/Ricardo-Degoumois-Auto-y-Simulador-150x150.jpg",150,150,true],"medium":["https:\/\/fmnativa.com\/portal\/wp-content\/uploads\/2021\/06\/Ricardo-Degoumois-Auto-y-Simulador-300x168.jpg",300,168,true],"medium_large":["https:\/\/fmnativa.com\/portal\/wp-content\/uploads\/2021\/06\/Ricardo-Degoumois-Auto-y-Simulador.jpg",416,233,false],"large":["https:\/\/fmnativa.com\/portal\/wp-content\/uploads\/2021\/06\/Ricardo-Degoumois-Auto-y-Simulador.jpg",416,233,false],"1536x1536":["https:\/\/fmnativa.com\/portal\/wp-content\/uploads\/2021\/06\/Ricardo-Degoumois-Auto-y-Simulador.jpg",416,233,false],"2048x2048":["https:\/\/fmnativa.com\/portal\/wp-content\/uploads\/2021\/06\/Ricardo-Degoumois-Auto-y-Simulador.jpg",416,233,false],"covernews-slider-full":["https:\/\/fmnativa.com\/portal\/wp-content\/uploads\/2021\/06\/Ricardo-Degoumois-Auto-y-Simulador.jpg",416,233,false],"covernews-slider-center":["https:\/\/fmnativa.com\/portal\/wp-content\/uploads\/2021\/06\/Ricardo-Degoumois-Auto-y-Simulador.jpg",416,233,false],"covernews-featured":["https:\/\/fmnativa.com\/portal\/wp-content\/uploads\/2021\/06\/Ricardo-Degoumois-Auto-y-Simulador.jpg",416,233,false],"covernews-medium":["https:\/\/fmnativa.com\/portal\/wp-content\/uploads\/2021\/06\/Ricardo-Degoumois-Auto-y-Simulador.jpg",416,233,false],"covernews-medium-square":["https:\/\/fmnativa.com\/portal\/wp-content\/uploads\/2021\/06\/Ricardo-Degoumois-Auto-y-Simulador-400x233.jpg",400,233,true]},"author_info":{"info":["Fabian"]},"category_info":"<a href=\"https:\/\/fmnativa.com\/portal\/category\/deportes\/\" rel=\"category tag\">DEPORTES<\/a> <a href=\"https:\/\/fmnativa.com\/portal\/category\/nacionales\/\" rel=\"category tag\">Nacionales<\/a> <a href=\"https:\/\/fmnativa.com\/portal\/category\/ponelaquinta\/\" rel=\"category tag\">Pon\u00e9 La Quinta<\/a> <a href=\"https:\/\/fmnativa.com\/portal\/category\/regionales\/\" rel=\"category tag\">REGIONALES<\/a>","tag_info":"REGIONALES","comment_count":"0","_links":{"self":[{"href":"https:\/\/fmnativa.com\/portal\/wp-json\/wp\/v2\/posts\/3606","targetHints":{"allow":["GET"]}}],"collection":[{"href":"https:\/\/fmnativa.com\/portal\/wp-json\/wp\/v2\/posts"}],"about":[{"href":"https:\/\/fmnativa.com\/portal\/wp-json\/wp\/v2\/types\/post"}],"author":[{"embeddable":true,"href":"https:\/\/fmnativa.com\/portal\/wp-json\/wp\/v2\/users\/1"}],"replies":[{"embeddable":true,"href":"https:\/\/fmnativa.com\/portal\/wp-json\/wp\/v2\/comments?post=3606"}],"version-history":[{"count":4,"href":"https:\/\/fmnativa.com\/portal\/wp-json\/wp\/v2\/posts\/3606\/revisions"}],"predecessor-version":[{"id":3613,"href":"https:\/\/fmnativa.com\/portal\/wp-json\/wp\/v2\/posts\/3606\/revisions\/3613"}],"wp:featuredmedia":[{"embeddable":true,"href":"https:\/\/fmnativa.com\/portal\/wp-json\/wp\/v2\/media\/3607"}],"wp:attachment":[{"href":"https:\/\/fmnativa.com\/portal\/wp-json\/wp\/v2\/media?parent=3606"}],"wp:term":[{"taxonomy":"category","embeddable":true,"href":"https:\/\/fmnativa.com\/portal\/wp-json\/wp\/v2\/categories?post=3606"},{"taxonomy":"post_tag","embeddable":true,"href":"https:\/\/fmnativa.com\/portal\/wp-json\/wp\/v2\/tags?post=3606"}],"curies":[{"name":"wp","href":"https:\/\/api.w.org\/{rel}","templated":true}]}}